{"id":157366,"date":"2022-03-11T11:44:13","date_gmt":"2022-03-11T14:44:13","guid":{"rendered":"https:\/\/www.novaconcursos.com.br\/portal\/?p=157366"},"modified":"2024-07-12T14:27:22","modified_gmt":"2024-07-12T17:27:22","slug":"concurso-ses-df-banca-definida-oferta-381-vagas","status":"publish","type":"post","link":"https:\/\/www.novaconcursos.com.br\/portal\/noticias\/concurso-ses-df-banca-definida-oferta-381-vagas\/","title":{"rendered":"Concurso SES DF: Banca definida. Oferta de 381 vagas!"},"content":{"rendered":"<p>Boa not\u00edcia, concurseiros! A <strong>banca <\/strong>organizadora do novo\u00a0<a href=\"https:\/\/www.novaconcursos.com.br\/portal\/concursos\/concurso-ses-df\/\">concurso SES DF<\/a> (Secretaria de Sa\u00fade do Distrito Federal) foi <strong>definida<\/strong>. Ser\u00e3o <strong>381 vagas <\/strong>imediatas e <strong>762 <\/strong>para a forma\u00e7\u00e3o de\u00a0<strong>cadastro reserva<\/strong>.<\/p>\n\n\n\n<p><\/p>\n\n\n\n<p>Estude para o concurso dos seus sonhos com a\u00a0<a rel=\"noreferrer noopener\" aria-label=\" (abre numa nova aba)\" href=\"https:\/\/www.novaconcursos.com.br\/eventos\/assinatura\" target=\"_blank\">Assinatura Completa da Nova<\/a>. Tenha acesso a Cursos, Plataforma de Quest\u00f5es, Eventos Exclusivos para Assinantes e Muito Mais!<\/p>\n\n\n\n<h2 class=\"wp-block-heading\" id=\"concurso-ses-df-banca-definida-e-o-edital\">Concurso SES DF: banca definida, e o edital?<\/h2>\n\n\n\n<p>A Secretaria de Sa\u00fade do\u00a0<a href=\"https:\/\/www.novaconcursos.com.br\/portal\/concursos-abertos\/df\/\">Distrito Federal<\/a>\u00a0aguarda a publica\u00e7\u00e3o de um novo edital que est\u00e1\u00a0<strong>previsto h\u00e1 meses\u00a0<\/strong>e \u00e9 muito aguardado.<\/p>\n\n\n\n<p>E ele pode sair em breve, visto que a <strong>banca <\/strong>organizadora da sele\u00e7\u00e3o foi definida e ser\u00e1 o Instituto Brasileiro de Forma\u00e7\u00e3o e Capacita\u00e7\u00e3o (<strong>IBFC<\/strong>). <\/p>\n\n\n\n<p>Ademais, o edital foi <strong>anunciado em novembro de 2021<\/strong> pelo secret\u00e1rio de Economia, Andr\u00e9 Clemente. Entretanto, foi autorizado em agosto!<\/p>\n\n\n\n<p>Assim, a previs\u00e3o \u00e9 que o certame <strong>ocorra ainda no primeiro semestre <\/strong>de 2022.<\/p>\n\n\n\n<h2 class=\"wp-block-heading\" id=\"previso-de-vagas-e-cargos-no-concurso-ses-df\">Previs\u00e3o de vagas e cargos no concurso SES DF<\/h2>\n\n\n\n<p>O concurso da Secretaria de Sa\u00fade do\u00a0<a href=\"https:\/\/www.novaconcursos.com.br\/portal\/concursos-previstos\/df\/\">Distrito Federal\u00a0<\/a>ofertar\u00e1 um total de <strong>957 vagas<\/strong>, sendo <strong>381 <\/strong>imediatas e <strong>762 <\/strong>para a forma\u00e7\u00e3o de\u00a0<strong>cadastro reserva<\/strong>. Portanto, confira a distribui\u00e7\u00e3o:<\/p>\n\n\n\n<p>Assim, a previs\u00e3o \u00e9 que o edital <strong>contemple vagas para <\/strong>Cirurgi\u00e3o Dentista, da Carreira de Cirurgi\u00e3o Dentista, Enfermeiro da Carreira de Enfermeiro e M\u00e9dico, da Carreira M\u00e9dica. A <strong>previs\u00e3o inicial<\/strong> era de:<\/p>\n\n\n\n<ul class=\"wp-block-list\"><li>340 vagas para Analista de Gest\u00e3o e Assist\u00eancia P\u00fablica \u00e0 Sa\u00fade<\/li>\n\n\n\n<li>300 vagas para Assistente em Gest\u00e3o e Assist\u00eancia P\u00fablica<\/li>\n\n\n\n<li>30 vagas para T\u00e9cnico em Gest\u00e3o e Assist\u00eancia P\u00fablica \u00e0 Sa\u00fade<\/li>\n\n\n\n<li>287 vagas para T\u00e9cnicos em Enfermagem.<\/li>\n<\/ul><p><\/p>\n\n\n\n<h3 class=\"wp-block-heading\">E os sal\u00e1rios?<\/h3>\n\n\n\n<p>Portanto, de acordo com o \u00faltimo certame da secretaria de sa\u00fade do DF, as <strong>remunera\u00e7\u00f5es dos aprovados<\/strong> s\u00e3o de:<\/p>\n\n\n\n<ul class=\"wp-block-list\"><li><strong>Especialista em Sa\u00fade<\/strong><strong>\u2013 20h:<\/strong>\n<ul class=\"wp-block-list\"><li><em>Inicial:\u00a0<\/em>R$ 3.055,00<\/li>\n\n\n\n<li><em>Final:\u00a0<\/em>R$ 5.207,73<\/li>\n<\/ul><\/li>\n\n\n\n<li><strong>Especialista em Sa\u00fade \u2013 40h:<\/strong>\n<ul class=\"wp-block-list\"><li><em>Inicial:\u00a0<\/em>R$ 6.110,00<\/li>\n\n\n\n<li><em>Final:\u00a0<\/em>R$ 10.415,47<\/li>\n<\/ul><\/li>\n\n\n\n<li><strong>T\u00e9cnico em Sa\u00fade \u2013 20h:<\/strong>\n<ul class=\"wp-block-list\"><li><em>Inicial:\u00a0<\/em>R$ 1.335,00<\/li>\n\n\n\n<li><em>Final:\u00a0<\/em>R$ 2.290,00<\/li>\n<\/ul><\/li>\n\n\n\n<li><strong>T\u00e9cnico em Sa\u00fade \u2013 40h:<\/strong>\n<ul class=\"wp-block-list\"><li><em>Inicial:\u00a0<\/em>R$ 2.225,00<\/li>\n\n\n\n<li><em>Final:\u00a0<\/em>R$ 3.816,67<\/li>\n<\/ul><\/li>\n\n\n\n<li><strong>Auxiliar de Sa\u00fade \u2013 20h:<\/strong>\n<ul class=\"wp-block-list\"><li><em>Inicial:\u00a0<\/em>R$ 1.430,00<\/li>\n\n\n\n<li><em>Final:\u00a0<\/em>R$ 1.306,50<\/li>\n<\/ul><\/li>\n\n\n\n<li><strong>Auxiliar de Sa\u00fade \u2013 40h:<\/strong>\n<ul class=\"wp-block-list\"><li><em>Inicial:\u00a0<\/em>R$ 2.383,33<\/li>\n\n\n\n<li><em>Final:\u00a0<\/em>R$ 2.177,50<\/li>\n<\/ul><\/li>\n<\/ul><p><\/p>\n\n\n\n<h3 class=\"wp-block-heading\">Como foi a avalia\u00e7\u00e3o em 2018?<\/h3>\n\n\n\n<p>Os concurseiros<strong>\u00a0inscritos em 2018<\/strong>\u00a0foram avaliados por meio de provas objetivas que contou com quest\u00f5es de\u00a0<strong>conhecimentos b\u00e1sicos e espec\u00edficos.<\/strong><\/p>\n\n\n\n<p>Al\u00e9m disso, os cargos de Enfermeiro Obstetra e Enfermeiro de Fam\u00edlia e Comunidade tiveram mais uma etapa: <strong>Avalia\u00e7\u00e3o de T\u00edtulos.<\/strong><\/p>\n\n\n\n<p>Portanto, o exame objetivo foi composto por\u00a0<strong>50 quest\u00f5es<\/strong>, todas de m\u00faltipla escolha e com cinco alternativas, sendo que uma delas era a correta.<\/p>\n\n\n\n<p>Ademais, para ser aprovado o candidato tinha que acertar, no m\u00ednimo,\u00a0<strong>13 quest\u00f5es de conhecimentos b\u00e1sicos e 13 de espec\u00edficos.<\/strong><\/p>\n\n\n\n<p>Al\u00e9m disso, o candidato tamb\u00e9m<strong>\u00a0n\u00e3o podia<\/strong>\u00a0<strong>zerar nenhuma\u00a0<\/strong>quest\u00e3o de L\u00edngua Portuguesa, se n\u00e3o estava reprovado.<\/p>\n\n\n\n<figure class=\"wp-block-image size-large\"><a href=\"https:\/\/www.novaconcursos.com.br\/eventos\/assinatura\" target=\"_blank\" rel=\"noreferrer noopener\"><img decoding=\"async\" src=\"https:\/\/www.novaconcursos.com.br\/portal\/wp-content\/uploads\/2022\/01\/Faixa-Frete-Gr%E2%80%A0tis-portal.png\" alt=\"assinatura completa\" class=\"wp-image-153078\" loading=\"lazy\" title=\"\"><\/a><figcaption><\/figcaption><\/figure>","protected":false},"excerpt":{"rendered":"<p>Boa not\u00edcia, concurseiros! A banca organizadora do novo\u00a0concurso SES DF (Secretaria de Sa\u00fade do Distrito Federal) foi definida. Ser\u00e3o 381 vagas imediatas e 762 para a forma\u00e7\u00e3o de\u00a0cadastro reserva. Estude para o concurso dos seus sonhos com a\u00a0Assinatura Completa da Nova. Tenha acesso a Cursos, Plataforma de Quest\u00f5es, Eventos Exclusivos para Assinantes e Muito Mais! [&hellip;]<\/p>\n","protected":false},"author":54671,"featured_media":157370,"comment_status":"closed","ping_status":"closed","sticky":false,"template":"","format":"standard","meta":{"_acf_changed":false,"footnotes":"","_wp_rev_ctl_limit":""},"categories":[228],"tags":[],"class_list":["post-157366","post","type-post","status-publish","format-standard","has-post-thumbnail","hentry","category-noticias"],"acf":[],"_links":{"self":[{"href":"https:\/\/www.novaconcursos.com.br\/portal\/wp-json\/wp\/v2\/posts\/157366","targetHints":{"allow":["GET"]}}],"collection":[{"href":"https:\/\/www.novaconcursos.com.br\/portal\/wp-json\/wp\/v2\/posts"}],"about":[{"href":"https:\/\/www.novaconcursos.com.br\/portal\/wp-json\/wp\/v2\/types\/post"}],"author":[{"embeddable":true,"href":"https:\/\/www.novaconcursos.com.br\/portal\/wp-json\/wp\/v2\/users\/54671"}],"replies":[{"embeddable":true,"href":"https:\/\/www.novaconcursos.com.br\/portal\/wp-json\/wp\/v2\/comments?post=157366"}],"version-history":[{"count":8,"href":"https:\/\/www.novaconcursos.com.br\/portal\/wp-json\/wp\/v2\/posts\/157366\/revisions"}],"predecessor-version":[{"id":243653,"href":"https:\/\/www.novaconcursos.com.br\/portal\/wp-json\/wp\/v2\/posts\/157366\/revisions\/243653"}],"wp:featuredmedia":[{"embeddable":true,"href":"https:\/\/www.novaconcursos.com.br\/portal\/wp-json\/wp\/v2\/media\/157370"}],"wp:attachment":[{"href":"https:\/\/www.novaconcursos.com.br\/portal\/wp-json\/wp\/v2\/media?parent=157366"}],"wp:term":[{"taxonomy":"category","embeddable":true,"href":"https:\/\/www.novaconcursos.com.br\/portal\/wp-json\/wp\/v2\/categories?post=157366"},{"taxonomy":"post_tag","embeddable":true,"href":"https:\/\/www.novaconcursos.com.br\/portal\/wp-json\/wp\/v2\/tags?post=157366"}],"curies":[{"name":"wp","href":"https:\/\/api.w.org\/{rel}","templated":true}]}}