{"id":157447,"date":"2022-03-14T10:54:27","date_gmt":"2022-03-14T13:54:27","guid":{"rendered":"https:\/\/www.novaconcursos.com.br\/portal\/?p=157447"},"modified":"2022-03-14T10:54:32","modified_gmt":"2022-03-14T13:54:32","slug":"concurso-aft-novo-pedido-encaminhado","status":"publish","type":"post","link":"https:\/\/www.novaconcursos.com.br\/portal\/noticias\/concurso-aft-novo-pedido-encaminhado\/","title":{"rendered":"Concurso AFT: Novo pedido \u00e9 encaminhado, informa subsecret\u00e1rio!"},"content":{"rendered":"<p>Um novo\u00a0<a href=\"https:\/\/www.novaconcursos.com.br\/portal\/concursos\/concurso-aft\/\">concurso AFT<\/a><strong> <\/strong>(Auditor Fiscal do Trabalho)\u00a0foi\u00a0<strong>novamente solicitado<\/strong>\u00a0e o edital se torna cada vez mais necess\u00e1rio para repor o quadro atual de servidores, que \u00e9 o <strong>menor em 25 anos!<\/strong><\/p>\n\n\n\n<ul class=\"wp-block-list\"><li><strong>Confira:<\/strong>\u00a0<a rel=\"noreferrer noopener\" aria-label=\" (abre numa nova aba)\" href=\"https:\/\/www.novaconcursos.com.br\/eventos\/guia-definitivo-como-montar-um-mapa-mental\/\" target=\"_blank\">Guia como montar um mapa mental (Gr\u00e1tis)<\/a><\/li><\/ul><p><\/p>\n\n\n\n<p>Estude para o concurso dos seus sonhos com a\u00a0<a rel=\"noreferrer noopener\" aria-label=\" (abre numa nova aba)\" href=\"https:\/\/www.novaconcursos.com.br\/eventos\/assinatura\" target=\"_blank\">Assinatura Completa da Nova<\/a>. Tenha acesso a Cursos, Plataforma de Quest\u00f5es, Eventos Exclusivos para Assinantes e Muito Mais!<\/p>\n\n\n\n<h2 class=\"wp-block-heading\" id=\"concurso-aft-quando-sai-um-edital\">Concurso AFT: quando sai um edital?<\/h2>\n\n\n\n<p>\u00c9 o que<strong> todos querem saber,<\/strong> inclusive o Sindicato Nacional dos Auditores-Fiscais do Trabalho (SINAIT).<\/p>\n\n\n\n<p>Isso porque um <a href=\"https:\/\/www.novaconcursos.com.br\/portal\/concursos-previstos\/nacional\">novo edital<\/a> para Auditor Fiscal do Trabalho <strong>est\u00e1 sendo aguardado h\u00e1 alguns anos<\/strong> e vem se arrastando ainda sem autoriza\u00e7\u00f5es.<\/p>\n\n\n\n<p>Portanto, o subsecret\u00e1rio de Inspe\u00e7\u00e3o do Trabalho, R\u00f4mulo Machado, enviou uma nova solicita\u00e7\u00e3o para <strong>autoriza\u00e7\u00e3o do Minist\u00e9rio da Economia.<\/strong><\/p>\n\n\n\n<p>Assim, a informa\u00e7\u00e3o foi repassada pelo\u00a0<strong>Sindicato Nacional<\/strong> dos Auditores Fiscais do Trabalho (Sinait).<\/p>\n\n\n\n<p><em>\u201cH\u00e1 cerca de duas semanas, a SIT formalizou um novo pedido para realiza\u00e7\u00e3o de concurso p\u00fablico, atualizando todo o \u2018status quo\u2019, demonstrando o quadro ex\u00edguo e o quanto tem dificultado o trabalho dos auditores\u201d,<\/em> disse a categoria.<\/p>\n\n\n\n<p>Apesar do novo pedido de concurso, o\u00a0<strong>subsecret\u00e1rio adiantou<\/strong>\u00a0que ainda n\u00e3o h\u00e1 indica\u00e7\u00e3o de que ser\u00e1 autorizada a realiza\u00e7\u00e3o de um processo seletivo.<\/p>\n\n\n\n<p>A SIT afirmou ainda que a<strong> Inspe\u00e7\u00e3o do Trabalho<\/strong> poderia estar apresentando muito mais para a sociedade, se tivesse um quadro adequado.<\/p>\n\n\n\n<p><em>\u201cTenho manifestado que todas as melhorias que pudemos implementar j\u00e1 foram constru\u00eddas e que, apesar das dificuldades, os n\u00fameros t\u00eam sido muito positivos\u201d,<\/em> disse\u00a0R\u00f4mulo Machado. <\/p>\n\n\n\n<h3 class=\"wp-block-heading\"><strong>Detalhes do pedido<\/strong><\/h3>\n\n\n\n<p>Em <strong>2021<\/strong>, o pedido solicitava aval para preenchimento de<strong> 1.524 vagas <\/strong>de Auditor-Fiscal do Trabalho. <\/p>\n\n\n\n<p>Entretanto, a nova solicita\u00e7\u00e3o, confirmada na \u00faltima semana pela SIT, <strong>ainda n\u00e3o foi revelada.<\/strong> Sendo assim, deve ter mais detalhes em breve!<\/p>\n\n\n\n<p>Ademais, o\u00a0<strong>n\u00edvel superior em qualquer \u00e1rea<\/strong>\u00a0\u00e9 o requisito para participar da sele\u00e7\u00e3o. Al\u00e9m disso, a remunera\u00e7\u00e3o \u00e9 de at\u00e9 R$ 21.487.<\/p>\n\n\n\n<p>Vale destacar ainda que em novembro de 2020, o<strong> pedido registrou 12 movimenta\u00e7\u00f5es. <\/strong><\/p>\n\n\n\n<p>Assim, o <strong>processo passou<\/strong> pela Diretoria de Gest\u00e3o de Pessoas (DGP) e pela\u00a0Coordena\u00e7\u00e3o-Geral de Concursos e Provimento de Pessoal (SGP-CGCOP).<\/p>\n\n\n\n<p>Posteriormente, o <strong>pedido\u00a0foi protocolado<\/strong> pela Subsecretaria de Inspe\u00e7\u00e3o do Trabalho e, desde ent\u00e3o, espera um aval do Minist\u00e9rio da Economia.\u00a0<\/p>\n\n\n\n<p><em>\u201cO governo toma o caminho contr\u00e1rio do que \u00e9 reivindicado pelo conjunto dos servidores, que se organizam em f\u00f3runs diversos para amplificar sua capacidade de reagir. O anseio da Auditoria-Fiscal do Trabalho \u00e9, entre outros pontos, a realiza\u00e7\u00e3o de concurso p\u00fablico\u201d<\/em>, diz o Sinait.<\/p>\n\n\n\n<h2 class=\"wp-block-heading\" id=\"quadro-atual-de-servidores-o-menor-em-25-anos\"><strong>Quadro atual de servidores \u00e9 o menor em 25 anos<\/strong><\/h2>\n\n\n\n<p>Um novo edital para o concurso AFT \u00e9 realmente necess\u00e1rio. Isso porque h\u00e1 anos n\u00e3o se via um <strong>quadro de servidores t\u00e3o pequeno.<\/strong><\/p>\n\n\n\n<p>Assim, segundo informa\u00e7\u00f5es da categoria, o quadro atual de\u00a0Auditores-Fiscais do Trabalho <strong>contava apenas com 2.091 servidores, <\/strong>isso em 2021. <\/p>\n\n\n\n<p>Sendo assim, por lei, a carreira tem\u00a03.644 vagas, o que gera um\u00a0<strong>d\u00e9ficit de\u00a01.553 cargos<\/strong> na pasta. <\/p>\n\n\n\n<p>Al\u00e9m disso, atualmente s\u00e3o registradas em m\u00e9dia 130 aposentadorias por ano. Assim, o\u00a0<strong>quadro atual \u00e9 o menor em 25 anos<\/strong>.<\/p>\n\n\n\n<p><em>\u201cMuitos auditores-fiscais recebem abono perman\u00eancia e podem deixar o servi\u00e7o p\u00fablico a qualquer momento. Esta \u00e9 uma das demandas mais recorrentes e antigas da carreira\u201d,<\/em> ressaltou o presidente.<\/p>\n\n\n\n<figure class=\"wp-block-image size-large\"><a href=\"https:\/\/www.novaconcursos.com.br\/eventos\/assinatura\" target=\"_blank\" rel=\"noreferrer noopener\"><img decoding=\"async\" src=\"https:\/\/www.novaconcursos.com.br\/portal\/wp-content\/uploads\/2022\/01\/Faixa-Frete-Gr%E2%80%A0tis-portal.png\" alt=\"assinatura completa\" class=\"wp-image-153078\" loading=\"lazy\" title=\"\"><\/a><figcaption><\/figcaption><\/figure><p><\/p>","protected":false},"excerpt":{"rendered":"<p>Um novo\u00a0concurso AFT (Auditor Fiscal do Trabalho)\u00a0foi\u00a0novamente solicitado\u00a0e o edital se torna cada vez mais necess\u00e1rio para repor o quadro atual de servidores, que \u00e9 o menor em 25 anos! Confira:\u00a0Guia como montar um mapa mental (Gr\u00e1tis) Estude para o concurso dos seus sonhos com a\u00a0Assinatura Completa da Nova. Tenha acesso a Cursos, Plataforma de [&hellip;]<\/p>\n","protected":false},"author":54671,"featured_media":157449,"comment_status":"closed","ping_status":"closed","sticky":false,"template":"","format":"standard","meta":{"_acf_changed":false,"footnotes":"","_wp_rev_ctl_limit":""},"categories":[228],"tags":[],"class_list":["post-157447","post","type-post","status-publish","format-standard","has-post-thumbnail","hentry","category-noticias"],"acf":[],"_links":{"self":[{"href":"https:\/\/www.novaconcursos.com.br\/portal\/wp-json\/wp\/v2\/posts\/157447","targetHints":{"allow":["GET"]}}],"collection":[{"href":"https:\/\/www.novaconcursos.com.br\/portal\/wp-json\/wp\/v2\/posts"}],"about":[{"href":"https:\/\/www.novaconcursos.com.br\/portal\/wp-json\/wp\/v2\/types\/post"}],"author":[{"embeddable":true,"href":"https:\/\/www.novaconcursos.com.br\/portal\/wp-json\/wp\/v2\/users\/54671"}],"replies":[{"embeddable":true,"href":"https:\/\/www.novaconcursos.com.br\/portal\/wp-json\/wp\/v2\/comments?post=157447"}],"version-history":[{"count":4,"href":"https:\/\/www.novaconcursos.com.br\/portal\/wp-json\/wp\/v2\/posts\/157447\/revisions"}],"predecessor-version":[{"id":157452,"href":"https:\/\/www.novaconcursos.com.br\/portal\/wp-json\/wp\/v2\/posts\/157447\/revisions\/157452"}],"wp:featuredmedia":[{"embeddable":true,"href":"https:\/\/www.novaconcursos.com.br\/portal\/wp-json\/wp\/v2\/media\/157449"}],"wp:attachment":[{"href":"https:\/\/www.novaconcursos.com.br\/portal\/wp-json\/wp\/v2\/media?parent=157447"}],"wp:term":[{"taxonomy":"category","embeddable":true,"href":"https:\/\/www.novaconcursos.com.br\/portal\/wp-json\/wp\/v2\/categories?post=157447"},{"taxonomy":"post_tag","embeddable":true,"href":"https:\/\/www.novaconcursos.com.br\/portal\/wp-json\/wp\/v2\/tags?post=157447"}],"curies":[{"name":"wp","href":"https:\/\/api.w.org\/{rel}","templated":true}]}}