{"id":157462,"date":"2022-03-14T11:24:23","date_gmt":"2022-03-14T14:24:23","guid":{"rendered":"https:\/\/www.novaconcursos.com.br\/portal\/?p=157462"},"modified":"2022-03-15T12:15:09","modified_gmt":"2022-03-15T15:15:09","slug":"concurso-ministerio-comunicacoes-ultimas-horas-inscricoes","status":"publish","type":"post","link":"https:\/\/www.novaconcursos.com.br\/portal\/noticias\/concurso-ministerio-comunicacoes-ultimas-horas-inscricoes\/","title":{"rendered":"Concurso Minist\u00e9rio das Comunica\u00e7\u00f5es: \u00daltimas horas de inscri\u00e7\u00f5es nesta segunda-feira (14)!"},"content":{"rendered":"<p>O <a href=\"https:\/\/www.novaconcursos.com.br\/portal\/concursos\/concurso-ministerio-das-comunicacoes\/\">concurso Minist\u00e9rio das Comunica\u00e7\u00f5es<\/a>\u00a0est\u00e1 ofertando\u00a0<strong>217 vagas <\/strong>tempor\u00e1rias para cargos de n\u00edvel superior. As inscri\u00e7\u00f5es se encerram nesta segunda-feira (14) e os contratados contar\u00e3o com sal\u00e1rios de<strong>\u00a0at\u00e9 R$ 8,3 mil<\/strong>.<\/p>\n\n\n\n<ul class=\"wp-block-list\"><li><strong>Confira:<\/strong>\u00a0<a rel=\"noreferrer noopener\" aria-label=\" (abre numa nova aba)\" href=\"https:\/\/www.novaconcursos.com.br\/eventos\/guia-definitivo-como-montar-um-mapa-mental\/\" target=\"_blank\">Guia como montar um mapa mental (Gr\u00e1tis)<\/a><\/li><\/ul><p><\/p>\n\n\n\n<p>Estude para o concurso dos seus sonhos com a\u00a0<a rel=\"noreferrer noopener\" aria-label=\" (abre numa nova aba)\" href=\"https:\/\/www.novaconcursos.com.br\/eventos\/assinatura\" target=\"_blank\">Assinatura Completa da Nova<\/a>\u00a0\u00a0. Tenha acesso a Cursos, Plataforma de Quest\u00f5es, Eventos Exclusivos para Assinantes e Muito Mais!<\/p>\n\n\n\n<h2 class=\"wp-block-heading\" id=\"ministrio-das-comunicaes-ltimo-dia-de-inscries\">Minist\u00e9rio das Comunica\u00e7\u00f5es: \u00faltimo dia de inscri\u00e7\u00f5es<\/h2>\n\n\n\n<p>Os concurseiros interessados no <a href=\"https:\/\/www.novaconcursos.com.br\/portal\/concursos-previstos\/nacional\">concurso <\/a>Minist\u00e9rio das Comunica\u00e7\u00f5es devem realizar inscri\u00e7\u00f5es at\u00e9 esta segunda-feira, dia\u00a0<strong>14 de mar\u00e7o<\/strong>.<\/p>\n\n\n\n<p>Assim, o registro deve ser realizado\u00a0<strong>por meio do site<\/strong> do\u00a0<a rel=\"noreferrer noopener\" href=\"https:\/\/www.cebraspe.org.br\/concursos\/MCOM_22\" target=\"_blank\">Cebraspe,<\/a> banca organizadora da sele\u00e7\u00e3o.<\/p>\n\n\n\n<p>Al\u00e9m disso, para efetivar a participa\u00e7\u00e3o \u00e9 preciso efetuar o pagamento da <strong>taxa de inscri\u00e7\u00e3o<\/strong>\u00a0at\u00e9 o dia\u00a0<strong>25 de mar\u00e7o<\/strong>. Portanto, os valores s\u00e3o:<\/p>\n\n\n\n<ul class=\"wp-block-list\"><li><strong>Atividade<\/strong><ul><li><strong>1:<\/strong>\u00a0R$ 70,00.<\/li><li><strong>2:<\/strong>\u00a0R$ 65,00.<\/li><li><strong>3:<\/strong>\u00a0R$ 60,00.<\/li><\/ul><\/li><\/ul><p><\/p>\n\n\n\n<p>\u00c9 igualmente essencial que os candidatos saibam que durante\u00a0<strong>todo o per\u00edodo de inscri\u00e7\u00f5es<\/strong>\u00a0poder\u00e3o solicitar a\u00a0<strong>isen\u00e7\u00e3o de taxa<\/strong>. Entretanto, somente aqueles que se enquadrarem nos perfis abaixo:<\/p>\n\n\n\n<ul class=\"wp-block-list\"><li>inscrito no Cad\u00danico; e<\/li><li>doador de medula \u00f3ssea em entidades reconhecidas pelo Minist\u00e9rio da Sa\u00fade.<\/li><\/ul><p><\/p>\n\n\n\n<h2 class=\"wp-block-heading\" id=\"vagas-cargos-e-salrios\">Vagas, cargos e sal\u00e1rios<\/h2>\n\n\n\n<p>Em suma, o novo\u00a0<a href=\"https:\/\/www.novaconcursos.com.br\/portal\/concursos-abertos\/nacional\/\">concurso<\/a>\u00a0do Minist\u00e9rio das Comunica\u00e7\u00f5es oferece\u00a0<strong>217 oportunidades tempor\u00e1rias<\/strong>\u00a0de n\u00edvel superior. <\/p>\n\n\n\n<p>Ademais, as vagas s\u00e3o destinadas a\u00a0<strong>3 diferentes atividades<\/strong>. Portanto, s\u00e3o elas:<\/p>\n\n\n\n<ul class=\"wp-block-list\"><li><strong>1:<\/strong>\u00a0Atividades T\u00e9cnicas de Complexidade Gerencial, de Tecnologia da Informa\u00e7\u00e3o e de Engenharia S\u00eanior \u2013 10 vagas;<\/li><li><strong>2:<\/strong>\u00a0Atividades T\u00e9cnicas de Complexidade Intelectual \u2013 97 vagas;<\/li><li><strong>3:<\/strong>\u00a0Atividades T\u00e9cnicas de Suporte \u2013 110 vagas.<\/li><\/ul><p><\/p>\n\n\n\n<p>Al\u00e9m disso, j\u00e1 se sabe que os aprovados ser\u00e3o lotados na sede do Minist\u00e9rio das Comunica\u00e7\u00f5es,\u00a0<strong>em Bras\u00edlia\/DF.<\/strong><\/p>\n\n\n\n<p>Ademais, as jornadas de trabalho a serem cumpridas pelos contratados temporariamente ser\u00e3o de\u00a0<strong>40 horas semanais<\/strong>.<\/p>\n\n\n\n<p>Posteriormente, contar\u00e3o com um<strong>\u00a0sal\u00e1rio<\/strong>\u00a0no valor de\u00a0<strong>R$ 8.300,00<\/strong>\u00a0(atividade 1),<strong>\u00a0R$ 6.130,00<\/strong>\u00a0(atividade 2) e\u00a0<strong>R$ 3.800,00<\/strong>\u00a0(atividade 3).<\/p>\n\n\n\n<p>Entretanto, para a Atividade 1 \u00e9 necess\u00e1rio o n\u00edvel superior na \u00e1rea de<strong> Inform\u00e1tica\/Computa\u00e7\u00e3o<\/strong>\u00a0ou de gradua\u00e7\u00e3o em qualquer \u00e1rea de forma\u00e7\u00e3o com p\u00f3s-gradua\u00e7\u00e3o em Inform\u00e1tica\/Computa\u00e7\u00e3o (m\u00ednimo de 360 horas).<\/p>\n\n\n\n<p>Por outro lado, para as Atividades 2 e 3 somente ser\u00e1 exigido o n\u00edvel superior\u00a0<strong>em qualquer \u00e1rea<\/strong> de atua\u00e7\u00e3o e forma\u00e7\u00e3o.<\/p>\n\n\n\n<h2 class=\"wp-block-heading\" id=\"quais-so-os-requisitos-bsicos\">Quais s\u00e3o os requisitos b\u00e1sicos?<\/h2>\n\n\n\n<p>Al\u00e9m disso, os candidatos precisam saber os <strong>requisitos b\u00e1sicos<\/strong> que precisam ser cumpridos. Sendo assim, s\u00e3o eles:<\/p>\n\n\n\n<ul class=\"wp-block-list\"><li>Ser aprovado no processo seletivo simplificado.<\/li><li>Ter a nacionalidade brasileira ou portuguesa<\/li><li>Estar em gozo dos direitos pol\u00edticos.<\/li><li>Quite com as obriga\u00e7\u00f5es militares<\/li><li>Estar quite com as obriga\u00e7\u00f5es eleitorais.<\/li><li>O tempo de experi\u00eancia profissional dever\u00e1 ser comprovado mediante uma das seguintes op\u00e7\u00f5es:<ul><li>c\u00f3pia da Carteira de Trabalho e Previd\u00eancia Social, acrescida de declara\u00e7\u00e3o do empregador que informe o per\u00edodo (com in\u00edcio e fim, se for o caso) e a esp\u00e9cie do servi\u00e7o realizado, com a descri\u00e7\u00e3o das atividades desenvolvidas, quando realizado na \u00e1rea privada;<\/li><li>certid\u00e3o de tempo de servi\u00e7o que informe o per\u00edodo (com in\u00edcio e fim, se for o caso) e a esp\u00e9cie do servi\u00e7o realizado, com a descri\u00e7\u00e3o das atividades desenvolvidas, quando se tratar de esfera p\u00fablica;<\/li><li>contrato de presta\u00e7\u00e3o de servi\u00e7os ou Recibo de Pagamento de Aut\u00f4nomo (RPA), acrescido de declara\u00e7\u00e3o do empregador que informe o per\u00edodo (com in\u00edcio e fim, se for o caso) e a esp\u00e9cie do servi\u00e7o realizado, no caso de servi\u00e7o prestado como aut\u00f4nomo.<\/li><\/ul><\/li><li>N\u00e3o ser\u00e3o computados como experi\u00eancia profissional o tempo de est\u00e1gio, monitoria ou bolsa de estudo, ou qualquer per\u00edodo anterior \u00e0 conclus\u00e3o da gradua\u00e7\u00e3o.<\/li><li>Ter idade m\u00ednima de 18 anos completos na data da contrata\u00e7\u00e3o.<\/li><li>Ter aptid\u00e3o f\u00edsica e mental para o exerc\u00edcio das atribui\u00e7\u00f5es da atividade.<\/li><li>N\u00e3o ter sido contratado com fundamento na Lei n\u00ba 8.745\/1993, e suas altera\u00e7\u00f5es, nos \u00faltimos 24 meses.<\/li><li>Al\u00e9m de n\u00e3o ser servidor da administra\u00e7\u00e3o direta ou indireta da Uni\u00e3o, dos estados, do Distrito Federal e dos munic\u00edpios, nem empregado ou servidor de suas subsidi\u00e1rias e controladas.<\/li><li>N\u00e3o participar de ger\u00eancia ou administra\u00e7\u00e3o de sociedade privada, personificada ou n\u00e3o personificada, exercer o com\u00e9rcio, exceto na qualidade de acionista, cotista ou comandit\u00e1rio, nos termos do inciso X, do art. 117, da Lei n\u00ba 8.112\/1990, com nova reda\u00e7\u00e3o dada pela Lei n\u00ba 11.784\/2008.<\/li><li>O candidato dever\u00e1 declarar, na solicita\u00e7\u00e3o de inscri\u00e7\u00e3o, que tem ci\u00eancia e aceita que, caso aprovado, dever\u00e1 entregar os documentos comprobat\u00f3rios dos requisitos exigidos para a atividade por ocasi\u00e3o da contrata\u00e7\u00e3o.<\/li><li>Cumprir as determina\u00e7\u00f5es deste edital.<\/li><\/ul><p><\/p>\n\n\n\n<figure class=\"wp-block-image size-large\"><a href=\"https:\/\/www.novaconcursos.com.br\/eventos\/assinatura\" target=\"_blank\" rel=\"noreferrer noopener\"><img decoding=\"async\" src=\"https:\/\/www.novaconcursos.com.br\/portal\/wp-content\/uploads\/2022\/01\/Faixa-Frete-Gr%E2%80%A0tis-portal.png\" alt=\"assinatura completa\" class=\"wp-image-153078\" loading=\"lazy\" title=\"\"><\/a><figcaption><\/figcaption><\/figure>","protected":false},"excerpt":{"rendered":"<p>O concurso Minist\u00e9rio das Comunica\u00e7\u00f5es\u00a0est\u00e1 ofertando\u00a0217 vagas tempor\u00e1rias para cargos de n\u00edvel superior. As inscri\u00e7\u00f5es se encerram nesta segunda-feira (14) e os contratados contar\u00e3o com sal\u00e1rios de\u00a0at\u00e9 R$ 8,3 mil. Confira:\u00a0Guia como montar um mapa mental (Gr\u00e1tis) Estude para o concurso dos seus sonhos com a\u00a0Assinatura Completa da Nova\u00a0\u00a0. Tenha acesso a Cursos, Plataforma de [&hellip;]<\/p>\n","protected":false},"author":54671,"featured_media":156574,"comment_status":"closed","ping_status":"closed","sticky":false,"template":"","format":"standard","meta":{"_acf_changed":false,"footnotes":"","_wp_rev_ctl_limit":""},"categories":[228],"tags":[],"class_list":["post-157462","post","type-post","status-publish","format-standard","has-post-thumbnail","hentry","category-noticias"],"acf":[],"_links":{"self":[{"href":"https:\/\/www.novaconcursos.com.br\/portal\/wp-json\/wp\/v2\/posts\/157462","targetHints":{"allow":["GET"]}}],"collection":[{"href":"https:\/\/www.novaconcursos.com.br\/portal\/wp-json\/wp\/v2\/posts"}],"about":[{"href":"https:\/\/www.novaconcursos.com.br\/portal\/wp-json\/wp\/v2\/types\/post"}],"author":[{"embeddable":true,"href":"https:\/\/www.novaconcursos.com.br\/portal\/wp-json\/wp\/v2\/users\/54671"}],"replies":[{"embeddable":true,"href":"https:\/\/www.novaconcursos.com.br\/portal\/wp-json\/wp\/v2\/comments?post=157462"}],"version-history":[{"count":5,"href":"https:\/\/www.novaconcursos.com.br\/portal\/wp-json\/wp\/v2\/posts\/157462\/revisions"}],"predecessor-version":[{"id":157581,"href":"https:\/\/www.novaconcursos.com.br\/portal\/wp-json\/wp\/v2\/posts\/157462\/revisions\/157581"}],"wp:featuredmedia":[{"embeddable":true,"href":"https:\/\/www.novaconcursos.com.br\/portal\/wp-json\/wp\/v2\/media\/156574"}],"wp:attachment":[{"href":"https:\/\/www.novaconcursos.com.br\/portal\/wp-json\/wp\/v2\/media?parent=157462"}],"wp:term":[{"taxonomy":"category","embeddable":true,"href":"https:\/\/www.novaconcursos.com.br\/portal\/wp-json\/wp\/v2\/categories?post=157462"},{"taxonomy":"post_tag","embeddable":true,"href":"https:\/\/www.novaconcursos.com.br\/portal\/wp-json\/wp\/v2\/tags?post=157462"}],"curies":[{"name":"wp","href":"https:\/\/api.w.org\/{rel}","templated":true}]}}