{"id":157745,"date":"2022-04-07T10:44:07","date_gmt":"2022-04-07T13:44:07","guid":{"rendered":"https:\/\/www.novaconcursos.com.br\/portal\/?post_type=nc-public-tender&#038;p=157745"},"modified":"2024-12-16T09:53:41","modified_gmt":"2024-12-16T12:53:41","slug":"concurso-crm-sc","status":"publish","type":"post","link":"https:\/\/www.novaconcursos.com.br\/portal\/concursos\/concurso-crm-sc\/","title":{"rendered":"Concurso CRM SC: Edital publicado. Sal\u00e1rio de at\u00e9 R$ 8,8 mil!"},"content":{"rendered":"<p>Boas not\u00edcias, concurseiros! Foi publicado o edital do novo <strong>concurso CRM SC<\/strong> (Conselho Regional de Medicina do Estado de Santa Catarina) com a oferta de <strong>14 vagas imediatas. <\/strong>Ademais, s\u00e3o ofertadas oportunidades tamb\u00e9m para a forma\u00e7\u00e3o de <strong>cadastro reserva.<\/strong><\/p>\n<p>Al\u00e9m disso, as inscri\u00e7\u00f5es<strong> j\u00e1 est\u00e3o abertas<\/strong> e poder\u00e3o ser realizadas at\u00e9 o<strong> m\u00eas de maio<\/strong>, com provas que acontecer\u00e3o em junho. Sendo assim, se voc\u00ea se interessa pela sele\u00e7\u00e3o, confira a seguir <strong>maiores detalhes!<\/strong><\/p>\n<ul><li><a class=\"_ps2id\" href=\"#inscri%C3%A7%C3%B5es\" data-ps2id-offset=\"\">Inscri\u00e7\u00f5es<\/a>\n<ul><li><a class=\"_ps2id\" href=\"#isen%C3%A7%C3%A3o\" data-ps2id-offset=\"\">Isen\u00e7\u00e3o de taxa<\/a><\/li>\n<\/ul><\/li>\n<li><a class=\"_ps2id\" href=\"#vagas\" data-ps2id-offset=\"\">Vagas, cargos e sal\u00e1rios<\/a><\/li>\n<li><a class=\"_ps2id\" href=\"#requisitos\" data-ps2id-offset=\"\">Requisitos<\/a><\/li>\n<li><a class=\"_ps2id\" href=\"#provas\" data-ps2id-offset=\"\">Provas<\/a>\n<ul><li><a class=\"_ps2id\" href=\"#objetiva\" data-ps2id-offset=\"\">Prova Objetiva<\/a><\/li>\n<li><a class=\"_ps2id\" href=\"#discursiva\" data-ps2id-offset=\"\">Prova Discursiva<\/a><\/li>\n<li><a class=\"_ps2id\" href=\"#t%C3%ADtulos\" data-ps2id-offset=\"\">Avalia\u00e7\u00e3o de T\u00edtulos<\/a><\/li>\n<\/ul><\/li>\n<li><a class=\"_ps2id\" href=\"#sobre\" data-ps2id-offset=\"\">Sobre o CRM SC<\/a><\/li>\n<\/ul><p>\u00a0<\/p>\n<h2 id=\"ps2id-idinscries-targetconcurso-crm-sc-inscries\">[ps2id id=\u2019inscri\u00e7\u00f5es\u2019 target=\u201d\/]Concurso CRM SC: inscri\u00e7\u00f5es<\/h2>\n<p>\u00c9 essencial que os concurseiros interessados no concurso CRM SC saibam que as inscri\u00e7\u00f5es<strong> j\u00e1 est\u00e3o abertas<\/strong> e poder\u00e3o ser realizadas <strong>at\u00e9 o dia 09 de maio<\/strong> por meio do site da banca organizadora do certame, o <a href=\"http:\/\/www.quadrix.org.br\/todos-os-concursos\/inscricoes-abertas\/crmsc-2022.aspx\" target=\"_blank\" rel=\"noopener noreferrer\">Instituto Quadrix.<\/a><\/p>\n<p>Al\u00e9m disso, para efetivar a participa\u00e7\u00e3o \u00e9 necess\u00e1rio que <strong>at\u00e9 o dia 11 de maio<\/strong> seja efetuado o pagamento da <strong>taxa de inscri\u00e7\u00e3o<\/strong>, cujo valor varia conforme o n\u00edvel de escolaridade, sendo:<\/p>\n<ul><li><strong>N\u00edvel M\u00e9dio\/T\u00e9cnico:<\/strong> R$ 60,00<\/li>\n<li><strong>N\u00edvel Superior: <\/strong>R$ 70,00<\/li>\n<\/ul><p>\u00a0<\/p>\n<p>Estude para o concurso dos seus sonhos com a <a href=\"https:\/\/aprovacao.novaconcursos.com.br\/assinatura\" target=\"_blank\" rel=\"noopener noreferrer\">Assinatura Completa da Nova.<\/a> Tenha acesso a <strong>Cursos, Plataforma de Quest\u00f5es, Eventos Exclusivos<\/strong> para Assinantes e Muito Mais!<\/p>\n<h3>[ps2id id=\u2019isen\u00e7\u00e3o\u2019 target=\u201d\/]Isen\u00e7\u00e3o de taxa<\/h3>\n<p>\u00c9 igualmente importante que os concurseiros saibam que <strong>at\u00e9 o dia 11 de abril<\/strong> poder\u00e3o solicitar a <strong>isen\u00e7\u00e3o de taxa<\/strong> aqueles que se encaixem nos seguintes requisitos:<\/p>\n<ul><li>inscritos no Cad\u00danico;<\/li>\n<li>doadores de medula \u00f3ssea.<\/li>\n<\/ul><p>\u00a0<\/p>\n<h2 id=\"ps2id-idvagas-targetvagas-cargos-e-salrios\">[ps2id id=\u2019vagas\u2019 target=\u201d\/]Vagas, cargos e sal\u00e1rios<\/h2>\n<p>Portanto, o novo concurso do Conselho Regional de Medicina do Estado de <a href=\"https:\/\/www.novaconcursos.com.br\/portal\/concursos-abertos\/sc\/\">Santa Catarina<\/a> oferta <strong>14 oportunidades imediatas<\/strong> entre carreiras de n\u00edveis <strong>m\u00e9dio, t\u00e9cnico e superior.<\/strong><\/p>\n<p>Al\u00e9m disso, existem vagas tamb\u00e9m para a forma\u00e7\u00e3o de <strong>cadastro reserva.<\/strong> Portanto, confira a seguir a <strong>distribui\u00e7\u00e3o das vagas<\/strong> efetivas contempladas pelo edital:<\/p>\n<p><strong>N\u00edvel M\u00e9dio<\/strong><\/p>\n<ul><li>Agente Fiscal \u2013 CR;<\/li>\n<li>Assistente Administrativo \u2013 13 + CR;<\/li>\n<li>Auxiliar Administrativo \u2013 CR.<\/li>\n<\/ul><p>\u00a0<\/p>\n<p><strong>N\u00edvel T\u00e9cnico<\/strong><\/p>\n<ul><li>T\u00e9cnico em Tecnologia da Informa\u00e7\u00e3o \u2013 CR.<\/li>\n<\/ul><p>\u00a0<\/p>\n<p><strong>N\u00edvel Superior<\/strong><\/p>\n<ul><li>Advogado \u2013 CR;<\/li>\n<li>Analista de Desenvolvimento \u2013 CR;<\/li>\n<li>Analista de TI \u2013 CR;<\/li>\n<li>Controlador Interno \u2013 1;<\/li>\n<li>Analista Jur\u00eddico \u2013 CR;<\/li>\n<li>M\u00e9dico Fiscal \u2013 CR;<\/li>\n<li>Revisor de Texto \u2013 CR;<\/li>\n<li>Secretaria Executiva \u2013 CR.<\/li>\n<\/ul><p>\u00a0<\/p>\n<p>\u00c9 igualmente essencial destacar que os aprovados no concurso p\u00fablico contar\u00e3o com<strong> sal\u00e1rios<\/strong> que variam entre <strong>R$ 1.300,00 e R$ 8.885,00<\/strong> para as jornadas de trabalho de <strong>40 horas<\/strong> semanais. Entretanto, os contratados ainda contar\u00e3o com os <strong>benef\u00edcios<\/strong> abaixo:<\/p>\n<ul><li>Vale Alimenta\u00e7\u00e3o\/Vale Refei\u00e7\u00e3o, no valor de R$ 1.213,72 por m\u00eas;<\/li>\n<li>Plano de Sa\u00fade M\u00e9dico Hospitalar;<\/li>\n<li>Plano Odontol\u00f3gico;<\/li>\n<li>Vale transporte, conforme legisla\u00e7\u00e3o com desconto de 6% do sal\u00e1rio base; e<\/li>\n<li>Plano de Cargos e Sal\u00e1rios.<\/li>\n<\/ul><p>\u00a0<\/p>\n<p>Ademais, as <strong>lota\u00e7\u00f5es dos contratados<\/strong> acontecer\u00e3o entre as cidades de Florian\u00f3polis, Blumenau, Chapec\u00f3, Crici\u00fama, Itaja\u00ed, Joa\u00e7aba, Joinville, Lages, Rio do Sul, S\u00e3o Miguel Oeste e Tubar\u00e3o.<\/p>\n<h2 id=\"ps2id-idrequisitos-targetquais-so-os-requisitos-bsicos\">[ps2id id=\u2019requisitos\u2019 target=\u201d\/]Quais s\u00e3o os requisitos b\u00e1sicos?<\/h2>\n<p>Nesse sentido, tamb\u00e9m \u00e9 de suma import\u00e2ncia que os candidatos do concurso CRM SC saibam que para a investidura nos cargos \u00e9 necess\u00e1rio que cumpram com os <strong>requisitos b\u00e1sicos<\/strong> a seguir:<\/p>\n<ul><li>Conhecer e cumprir as determina\u00e7\u00f5es deste edital e ter sido aprovado e classificado no Concurso P\u00fablico, dentro do n\u00famero de vagas.<\/li>\n<li>Ter nacionalidade brasileira ou portuguesa e, em caso de nacionalidade portuguesa, estar amparado pelo estatuto de igualdade entre brasileiros e portugueses, com reconhecimento de gozo de direitos pol\u00edticos, nos termos do par\u00e1grafo 1\u00ba artigo 12, da Constitui\u00e7\u00e3o da Rep\u00fablica Federativa do Brasil.<\/li>\n<li>Ter idade m\u00ednima de 18(dezoito)anos completos, na data da contrata\u00e7\u00e3o.<\/li>\n<li>Apresentar, quando da convoca\u00e7\u00e3o, os documentos comprobat\u00f3rios dos requisitos exigidos para o exerc\u00edcio do cargo, constante do Anexo I deste edital, bem como outros documentos que se fizerem necess\u00e1rios \u00e0 \u00e9poca da contrata\u00e7\u00e3o.<\/li>\n<li>Estar em dia com as obriga\u00e7\u00f5es eleitorais e em pleno gozo dos direitos pol\u00edticos.<\/li>\n<li>Apresentar certificado de reservista ou de dispensa de incorpora\u00e7\u00e3o, em caso de candidato do sexo masculino.<\/li>\n<li>Apresentar declara\u00e7\u00e3o de que n\u00e3o acumula cargo ou fun\u00e7\u00e3o p\u00fablica, ou proventos de inatividade, ressalvadas as possibilidades de acumula\u00e7\u00e3o l\u00edcita previstas no inciso XVI do artigo37 da Constitui\u00e7\u00e3o Federal.<\/li>\n<li>Ter aptid\u00e3o f\u00edsica e mental para o exerc\u00edcio das atribui\u00e7\u00f5es correspondentes ao cargo.<\/li>\n<li>N\u00e3o estar cumprindo san\u00e7\u00e3o por inidoneidade, aplicada por qualquer \u00f3rg\u00e3o p\u00fablico ou entidade das esferas federal, estadual, municipal ou do Distrito Federal.<\/li>\n<\/ul><p>\u00a0<\/p>\n<h2 id=\"ps2id-idprovas-targetconcurso-crm-sc-como-sero-as-provas\">[ps2id id=\u2019provas\u2019 target=\u201d\/]Concurso CRM SC: como ser\u00e3o as provas?<\/h2>\n<p>Por fim, \u00e9 de extrema import\u00e2ncia que os candidatos do <a href=\"https:\/\/www.novaconcursos.com.br\/portal\/concursos-previstos\/sc\/\">concurso<\/a> CRM SC saibam que ser\u00e3o avaliados por meio das <strong>etapas avaliativas<\/strong> a seguir:<\/p>\n<ul><li>Prova objetiva (todos os cargos);<\/li>\n<li>Prova discursiva (somente n\u00edvel superior);<\/li>\n<li>Avalia\u00e7\u00e3o de t\u00edtulos (somente n\u00edvel superior).<\/li>\n<\/ul><p>\u00a0<\/p>\n<p>Sendo assim, confira abaixo <strong>maiores detalhes<\/strong> acerca de cada uma das <strong>fases<\/strong> a serem enfrentadas pelos concurseiros!<\/p>\n<h3>[ps2id id=\u2019objetiva\u2019 target=\u201d\/]Prova Objetiva<\/h3>\n<p>Portanto, \u00e9 essencial mencionar, primeiramente, que as provas objetivas do concurso p\u00fablico est\u00e3o previstas para serem aplicadas <strong>no dia 12 de junho de 2022,<\/strong> no turno da tarde, <strong>nas cidades de<\/strong> Blumenau\/SC, Chapec\u00f3\/SC, Crici\u00fama\/SC, Florian\u00f3polis\/SC, Joinville\/SC e Lages\/SC.<\/p>\n<p>Ademais, nesse dia os inscritos na sele\u00e7\u00e3o dever\u00e3o responder a<strong> 120 quest\u00f5es<\/strong> de m\u00faltipla escolha acerca dos seguintes <strong>conte\u00fados:<\/strong><\/p>\n<p><strong>Conhecimentos B\u00e1sicos \u2013 40 quest\u00f5es<\/strong><\/p>\n<ul><li>L\u00edngua Portuguesa;<\/li>\n<li>Racioc\u00ednio L\u00f3gico e Matem\u00e1tico;<\/li>\n<li>No\u00e7\u00f5es de Inform\u00e1tica (exceto para T\u00e9cnico em TI e Analista de TI);<\/li>\n<li>L\u00edngua Inglesa.<\/li>\n<\/ul><p>\u00a0<\/p>\n<p><strong>Conhecimentos Complementares \u2013 30 quest\u00f5es<\/strong><\/p>\n<ul><li>Legisla\u00e7\u00e3o e \u00c9tica na Administra\u00e7\u00e3o P\u00fablica;<\/li>\n<li>Atualidades.<\/li>\n<\/ul><p>\u00a0<\/p>\n<p><strong>Conhecimentos Espec\u00edficos \u2013 50 quest\u00f5es<\/strong><\/p>\n<ul><li>Conhecimentos Espec\u00edficos do cargo escolhido.<\/li>\n<\/ul><p><strong>\u00a0<\/strong><\/p>\n<p>Nesse sentido, para ser considerado como <strong>aprovado<\/strong> nessa etapa \u00e9 necess\u00e1rio que o candidato obtenha, <strong>cumulativamente:<\/strong><\/p>\n<ul><li>nota igual ou superior a 8,00 pontos na \u00e1rea de Conhecimentos B\u00e1sicos;<\/li>\n<li>obtiver nota igual ou superior a 6,00 pontos na \u00e1rea de Conhecimentos Complementares;<\/li>\n<li>nota igual ou superior a 10,00 pontos na \u00e1rea de Conhecimentos Espec\u00edficos; e<\/li>\n<li>obtiver nota igual ou superiora 30,00 pontos na prova objetiva.<\/li>\n<\/ul><p>\u00a0<\/p>\n<h3>[ps2id id=\u2019discursiva\u2019 target=\u201d\/]Prova Discursiva<\/h3>\n<p>Al\u00e9m disso, a prova discursiva, a ser realizada apenas pelos candidatos de <strong>n\u00edvel superior,<\/strong> tamb\u00e9m ser\u00e1 aplicada no dia<strong> 12 de junho,<\/strong> valendo 10 pontos.<\/p>\n<p>Ademais, para essa fase os candidatos dever\u00e3o elaborar um <strong>texto dissertativo de at\u00e9 30 linhas<\/strong> acerca de tema baseado nos conhecimentos espec\u00edficos do respectivo cargo.<\/p>\n<p>\u00c9 igualmente v\u00e1lido mencionar que nessa etapa ser\u00e3o avaliados os aspectos <strong>Formais, Textuais e T\u00e9cnicos.<\/strong><\/p>\n<h3>[ps2id id=\u2019t\u00edtulos\u2019 target=\u201d\/]Avalia\u00e7\u00e3o de T\u00edtulos<\/h3>\n<p>Al\u00e9m disso, finalmente, ser\u00e3o convocados para a avalia\u00e7\u00e3o de t\u00edtulos os inscritos de <strong>n\u00edvel superior<\/strong> aprovados nas etapas anteriores. Ademais, os <strong>documentos<\/strong> a serem aceito ser\u00e3o os seguintes:<\/p>\n<p><a href=\"https:\/\/www.novaconcursos.com.br\/portal\/wp-content\/uploads\/2022\/03\/t%C3%ADtulos-crm-sc.png\"><img decoding=\"async\" class=\"alignnone wp-image-159024 size-full\" src=\"https:\/\/www.novaconcursos.com.br\/portal\/wp-content\/uploads\/2022\/03\/t%C3%ADtulos-crm-sc.png\" alt=\"\" width=\"938\" height=\"269\" loading=\"lazy\" title=\"\" srcset=\"https:\/\/www.novaconcursos.com.br\/portal\/wp-content\/uploads\/2022\/03\/t\u00edtulos-crm-sc-300x86.png 300w, https:\/\/www.novaconcursos.com.br\/portal\/wp-content\/uploads\/2022\/03\/t\u00edtulos-crm-sc.png 938w\" sizes=\"auto, (max-width: 480px) 100vw, (max-width: 768px) 100vw, (max-width: 1200px) 70vw, 768px\"><\/a><\/p>\n<h2 id=\"ps2id-idsobre-targetsobre-o-crm-sc\">[ps2id id=\u2019sobre\u2019 target=\u201d\/]Sobre o CRM SC<\/h2>\n<p>Instalado em 10 de mar\u00e7o de 1958, \u00e9 composto atualmente por 42 conselheiros. Com sede em Florian\u00f3polis e com jurisdi\u00e7\u00e3o em todo o territ\u00f3rio catarinense, o CRM-SC \u00e9 uma autarquia dotada de personalidade jur\u00eddica de direito p\u00fablico, com autonomia administrativa e financeira.<\/p>\n<p>O Conselho Regional de Medicina de Santa Catarina foi criado pela Resolu\u00e7\u00e3o CFM 14\/1958, de 10 de mar\u00e7o de 1958 (D.O.U. 30.12.1957), atendendo o Art. 3\u00ba da Lei n\u00ba 3.268, que designou a diretoria provis\u00f3ria para o CRM-SC, sendo constitu\u00edda da seguinte forma: presidente, Dr. Arthur Pereira e Oliveira; vice-presidente, Dr. Miguel Salles Cavalcanti; 1\u00ba secret\u00e1rio, Dr. Danilo Freire Duarte; 2\u00ba secret\u00e1rio, Dr. Walmor Zomer Garcia e para tesoureiro, Dr. Ant\u00f4nio Modesto Primo.<\/p>\n<p>Esta diretoria provis\u00f3ria teve a miss\u00e3o de organizar o Conselho e convocar elei\u00e7\u00f5es para compor o primeiro corpo de conselheiros, o que ocorreu no dia 3 de setembro de 1950, sendo eleitos para o per\u00edodo de 24\/04\/1959 a 15\/09\/1963, Dr. Joaquim Madeira Neves como presidente; Dr. Polydoro de S\u00e3o Tiago, vice-presidente; Dr. Jorge Anast\u00e1cio Kotzias, 1\u00ba secret\u00e1rio; Dr. M\u00e1rio Wendhausen, 2\u00ba secret\u00e1rio e Dr. Wilson Mendon\u00e7a, tesoureiro.<\/p>\n<p>A primeira sede do CRM-SC foi no centro de Florian\u00f3polis, na rua Jo\u00e3o Pinto. Em dezembro de 1965, foi transferida para uma sala no pr\u00e9dio da Associa\u00e7\u00e3o Catarinense de Medicina \u2013 ACM, em troca do uso do telefone que pertencia ao Conselho.<\/p>\n<p>Em 24 de mar\u00e7o de 2006, o presidente Dr. Wilmar de Athayde Gerent, fez o lan\u00e7amento da pedra fundamental da obra. Em 18 de Julho de 2014, foi concretizado o sonho dos M\u00e9dicos Catarinenses e a sede atual do CRM-SC foi inaugurada.<\/p>","protected":false},"excerpt":{"rendered":"<p>Boas not\u00edcias, concurseiros! Foi publicado o edital do novo concurso CRM SC (Conselho Regional de Medicina do Estado de Santa Catarina) com a oferta de 14 vagas imediatas. Ademais, s\u00e3o ofertadas oportunidades tamb\u00e9m para a forma\u00e7\u00e3o de cadastro reserva.<br \/>\nAl\u00e9m disso, as inscri\u00e7\u00f5es j\u00e1 est\u00e3o abertas e poder\u00e3o ser realizadas at\u00e9 o m\u00eas de maio, com provas que acontecer\u00e3o em junho. Sendo assim, se voc\u00ea se interessa pela sele\u00e7\u00e3o, confira a seguir maiores detalhes!<\/p>\n","protected":false},"author":54674,"featured_media":157746,"comment_status":"closed","ping_status":"closed","sticky":false,"template":"","format":"standard","meta":{"_acf_changed":false,"footnotes":"","_wp_rev_ctl_limit":""},"categories":[44999],"tags":[],"class_list":["post-157745","post","type-post","status-publish","format-standard","has-post-thumbnail","hentry","category-concursos"],"acf":[],"_links":{"self":[{"href":"https:\/\/www.novaconcursos.com.br\/portal\/wp-json\/wp\/v2\/posts\/157745","targetHints":{"allow":["GET"]}}],"collection":[{"href":"https:\/\/www.novaconcursos.com.br\/portal\/wp-json\/wp\/v2\/posts"}],"about":[{"href":"https:\/\/www.novaconcursos.com.br\/portal\/wp-json\/wp\/v2\/types\/post"}],"author":[{"embeddable":true,"href":"https:\/\/www.novaconcursos.com.br\/portal\/wp-json\/wp\/v2\/users\/54674"}],"replies":[{"embeddable":true,"href":"https:\/\/www.novaconcursos.com.br\/portal\/wp-json\/wp\/v2\/comments?post=157745"}],"version-history":[{"count":5,"href":"https:\/\/www.novaconcursos.com.br\/portal\/wp-json\/wp\/v2\/posts\/157745\/revisions"}],"predecessor-version":[{"id":159031,"href":"https:\/\/www.novaconcursos.com.br\/portal\/wp-json\/wp\/v2\/posts\/157745\/revisions\/159031"}],"wp:featuredmedia":[{"embeddable":true,"href":"https:\/\/www.novaconcursos.com.br\/portal\/wp-json\/wp\/v2\/media\/157746"}],"wp:attachment":[{"href":"https:\/\/www.novaconcursos.com.br\/portal\/wp-json\/wp\/v2\/media?parent=157745"}],"wp:term":[{"taxonomy":"category","embeddable":true,"href":"https:\/\/www.novaconcursos.com.br\/portal\/wp-json\/wp\/v2\/categories?post=157745"},{"taxonomy":"post_tag","embeddable":true,"href":"https:\/\/www.novaconcursos.com.br\/portal\/wp-json\/wp\/v2\/tags?post=157745"}],"curies":[{"name":"wp","href":"https:\/\/api.w.org\/{rel}","templated":true}]}}