{"id":158234,"date":"2022-03-25T09:11:49","date_gmt":"2022-03-25T12:11:49","guid":{"rendered":"https:\/\/www.novaconcursos.com.br\/portal\/?p=158234"},"modified":"2022-03-25T14:43:12","modified_gmt":"2022-03-25T17:43:12","slug":"concurso-pc-rj-quebra-clausula-barreira","status":"publish","type":"post","link":"https:\/\/www.novaconcursos.com.br\/portal\/noticias\/concurso-pc-rj-quebra-clausula-barreira\/","title":{"rendered":"Concurso PC RJ: Aprovado quebra da cl\u00e1usula de barreira. O que muda?"},"content":{"rendered":"<p>Aten\u00e7\u00e3o, concurseiros! Foi aprovada na \u00faltima quarta-feira (23) a <strong>quebra da cl\u00e1usula de barreira, <\/strong>que limita o n\u00famero de candidatos aprovados  que passam para as<strong> seguintes fases<\/strong> de uma sele\u00e7\u00e3o. Ademais, a decis\u00e3o j\u00e1 \u00e9 v\u00e1lida para o <a href=\"https:\/\/www.novaconcursos.com.br\/portal\/concursos\/concurso-policia-civil-rj\/\">concurso PC RJ,<\/a> portanto, confira os detalhes!<\/p>\n\n\n\n<ul class=\"wp-block-list\"><li><strong>Confira: <\/strong><a href=\"https:\/\/www.novaconcursos.com.br\/eventos\/guia-definitivo-como-montar-um-mapa-mental\/\" target=\"_blank\" rel=\"noreferrer noopener\" aria-label=\" (abre numa nova aba)\">Como montar um mapa mental \u2013 Gr\u00e1tis<\/a><\/li><\/ul><p><\/p>\n\n\n\n<p>Sendo assim, por meio de vota\u00e7\u00e3o na Assembleia Legislativa do Rio de Janeiro (Alerj), foi aprovada <strong>a quebra da cl\u00e1usula de barreira. <\/strong>Nesse sentido, vale mencionar que as mudan\u00e7as j\u00e1 se aplicam ao concurso da Pol\u00edcia Civil do Rio de Janeiro, que atualmente <strong>est\u00e1 em andamento.<\/strong><\/p>\n\n\n\n<ul class=\"wp-block-list\"><li><strong>Adquira: <\/strong><a href=\"https:\/\/www.novaconcursos.com.br\/concurso\/pc-rj-policia-civil-do-rio-de-janeiro\/apostila\">Apostila Concurso PC RJ<\/a><\/li><li><strong>Adquira:<\/strong> <a href=\"https:\/\/www.novaconcursos.com.br\/concurso\/pc-rj-policia-civil-do-rio-de-janeiro\/curso-online\">Curso Online Concurso PC RJ<\/a><\/li><\/ul><p><\/p>\n\n\n\n<p>Al\u00e9m disso, a decis\u00e3o tamb\u00e9m se aplica aos concursos p\u00fablicos do <strong>Rio de Janeiro<\/strong> que est\u00e3o dentro do <strong>prazo de validade<\/strong> ou de<strong> prorroga\u00e7\u00e3o. <\/strong>Dessa forma, conhe\u00e7a todos os detalhes acerca do tema!<\/p>\n\n\n\n<p>Estude para o concurso dos seus sonhos com a <a rel=\"noreferrer noopener\" aria-label=\"Assinatura Completa da Nova. (abre numa nova aba)\" href=\"https:\/\/aprovacao.novaconcursos.com.br\/assinatura\" target=\"_blank\">Assinatura Completa da Nova.<\/a> Tenha acesso a <strong>Cursos, Plataforma de Quest\u00f5es, Eventos Exclusivos <\/strong>para Assinantes e Muito Mais!<\/p>\n\n\n\n<h2 class=\"wp-block-heading\" id=\"concurso-pc-rj-quebra-da-clusula-de-barreira\"><strong>Concurso PC RJ: quebra da cl\u00e1usula de barreira<\/strong><\/h2>\n\n\n\n<p>Portanto, na \u00faltima quarta-feira,<strong> 23 de mar\u00e7o,<\/strong> foi realizada uma vota\u00e7\u00e3o na Assembleia Legislativa do Rio de Janeiro que <strong>aprovou a quebra<\/strong> da conhecida <strong>cl\u00e1usula de barreira.<\/strong><\/p>\n\n\n\n<p>Ademais, tal cl\u00e1usula \u00e9 a respons\u00e1vel por <strong>limitar o n\u00famero de aprovados <\/strong>em uma etapa do processo seletivo, de forma que ainda que muitos candidatos<strong> sejam aprovados<\/strong> em uma determinada fase, apenas um n\u00famero espec\u00edfico passa para a <strong>seguinte etapa.<\/strong><\/p>\n\n\n\n<p>Nesse sentido, com a quebra de tal cl\u00e1usula,  <strong>todos os aprovados passar\u00e3o para as seguintes fases<\/strong> dos <a href=\"https:\/\/www.novaconcursos.com.br\/portal\/concursos-abertos\/rj\/\">concursos,<\/a> a fim de que possuam maiores cadastros reservas de candidatos habilitados para tomar posse dos cargos <strong>quando necess\u00e1rio.<\/strong><\/p>\n\n\n\n<p>Dessa forma, quando as corpora\u00e7\u00f5es e \u00f3rg\u00e3os do estado necessitem de novos servidores, <strong>n\u00e3o ser\u00e3o necess\u00e1rias<\/strong> as realiza\u00e7\u00f5es de <strong>novas sele\u00e7\u00f5es,<\/strong> o que evitar\u00e1 maiores gastos.<\/p>\n\n\n\n<p>Sendo assim, a decis\u00e3o se aplica para o atual concurso PC RJ, de forma que <strong>todos os aprovados <\/strong>na prova objetiva dever\u00e3o passar para a etapa de <strong>Teste de Aptid\u00e3o F\u00edsica.<\/strong><\/p>\n\n\n\n<p>Ademais, a quebra da cl\u00e1usula de barreira tamb\u00e9m vale para os concursos do estado do <strong>Rio de Janeiro <\/strong>que est\u00e3o dentro do <strong>prazo de validade e de prorroga\u00e7\u00e3o.<\/strong><\/p>\n\n\n\n<p>Al\u00e9m disso, vale destacar que o texto est\u00e1 agora nas m\u00e3os do governador Cl\u00e1udio Castro, que <strong>em at\u00e9 15 dias <\/strong>\u00fateis<strong> <\/strong>dever\u00e1 <strong>sancion\u00e1-lo ou vet\u00e1-lo.<\/strong><\/p>\n\n\n\n<p><em>\u201cAo permitir que os candidatos aprovados permane\u00e7am no p\u00e1reo, o projeto gerar\u00e1 economia para os cofres p\u00fablicos, uma vez que o n\u00famero de aprovados pode aumentar o cadastro de reserva. Vemos diversos concursos em que \u00e9 poss\u00edvel realizar o aproveitamento de todos os candidatos aprovados, mas por previs\u00e3o do edital \u2013 cl\u00e1usula de barreira \u2013 o \u00f3rg\u00e3o acaba por realizar novo concurso, gerando novos gastos\u201d,<\/em> dizem os autores.<\/p>\n\n\n\n<h2 class=\"wp-block-heading\" id=\"pl-acerca-de-cadastro-reserva\"><strong>PL acerca de cadastro reserva<\/strong><\/h2>\n\n\n\n<p>\u00c9 igualmente importante destacar que tamb\u00e9m foi aprovado pela Alerj no \u00faltimo dia <strong>23 de mar\u00e7o<\/strong>, o <strong>Projeto de Lei 5.337\/22<\/strong>, de autoria da deputada Martha Rocha (PDT).<\/p>\n\n\n\n<p>Sendo assim, tal projeto prop\u00f5e que <strong>todos os aprovados<\/strong> nos concursos p\u00fablicos do estado do <a href=\"https:\/\/www.novaconcursos.com.br\/portal\/concursos-previstos\/rj\/\">Rio de Janeiro<\/a><strong> possam ser convocados<\/strong> ao longo do prazo de validade do certame, ainda que o edital n\u00e3o conte explicitamente com a categoria de forma\u00e7\u00e3o de <strong>cadastro reserva.<\/strong><\/p>\n\n\n\n<p>Nesse sentido, a decis\u00e3o tamb\u00e9m contribui para o<strong> corte de gastos<\/strong>, de forma que conforme a necessidade do \u00f3rg\u00e3o, j\u00e1 existir\u00e3o candidatos aprovados aptos a serem convocados para a carreira, n\u00e3o sendo necess\u00e1ria a realiza\u00e7\u00e3o de <strong>um novo concurso p\u00fablico.<\/strong><\/p>\n\n\n\n<h2 class=\"wp-block-heading\" id=\"concurso-pc-rj-detalhes\"><strong>Concurso PC RJ: detalhes<\/strong><\/h2>\n\n\n\n<p>Por fim, vale recordar que o concurso PC RJ oferta <strong>350 vagas<\/strong> entre cargos de n\u00edveis <strong>fundamental, m\u00e9dio e superior. <\/strong>Sendo assim, confira a distribui\u00e7\u00e3o das oportunidades:<\/p>\n\n\n\n<p><strong>N\u00edvel Fundamental<\/strong><\/p>\n\n\n\n<ul class=\"wp-block-list\"><li>Auxiliar de Necropsia: 10 vagas <\/li><\/ul><p><\/p>\n\n\n\n<p><strong>N\u00edvel M\u00e9dio<\/strong><\/p>\n\n\n\n<ul class=\"wp-block-list\"><li>T\u00e9cnico de Necropsia: 10 vagas <\/li><li>Investigador: 200 vagas <\/li><\/ul><p><\/p>\n\n\n\n<p><strong>N\u00edvel Superior<\/strong><\/p>\n\n\n\n<ul class=\"wp-block-list\"><li>Inspetor: 100 vagas <\/li><li>Perito Legista: 25 vagas <\/li><li>Perito Criminal: 05 vagas <\/li><\/ul><p><\/p>\n\n\n\n<p>Al\u00e9m disso, os sal\u00e1rios variam entre <strong>R$ 4.606,29<\/strong> e <strong>R$ 9.924,06<\/strong>, a depender do cargo. Ademais, vale destacar que as provas objetivas da sele\u00e7\u00e3o foram realizadas entre os meses de <strong>dezembro e fevereiro.<\/strong><\/p>\n\n\n\n<figure class=\"wp-block-image size-large\"><a href=\"https:\/\/aprovacao.novaconcursos.com.br\/assinatura\" target=\"_blank\" rel=\"noreferrer noopener\"><img decoding=\"async\" src=\"https:\/\/www.novaconcursos.com.br\/portal\/wp-content\/uploads\/2022\/01\/Faixa-Frete-Gr%E2%80%A0tis-portal.png\" alt=\"assinatura completa\" class=\"wp-image-153078\" loading=\"lazy\" title=\"\"><\/a><figcaption><\/figcaption><\/figure>","protected":false},"excerpt":{"rendered":"<p>Aten\u00e7\u00e3o, concurseiros! Foi aprovada na \u00faltima quarta-feira (23) a quebra da cl\u00e1usula de barreira, que limita o n\u00famero de candidatos aprovados que passam para as seguintes fases de uma sele\u00e7\u00e3o. Ademais, a decis\u00e3o j\u00e1 \u00e9 v\u00e1lida para o concurso PC RJ, portanto, confira os detalhes! Confira: Como montar um mapa mental \u2013 Gr\u00e1tis Sendo assim, [&hellip;]<\/p>\n","protected":false},"author":54674,"featured_media":155641,"comment_status":"closed","ping_status":"closed","sticky":false,"template":"","format":"standard","meta":{"_acf_changed":false,"footnotes":"","_wp_rev_ctl_limit":""},"categories":[228],"tags":[],"class_list":["post-158234","post","type-post","status-publish","format-standard","has-post-thumbnail","hentry","category-noticias"],"acf":[],"_links":{"self":[{"href":"https:\/\/www.novaconcursos.com.br\/portal\/wp-json\/wp\/v2\/posts\/158234","targetHints":{"allow":["GET"]}}],"collection":[{"href":"https:\/\/www.novaconcursos.com.br\/portal\/wp-json\/wp\/v2\/posts"}],"about":[{"href":"https:\/\/www.novaconcursos.com.br\/portal\/wp-json\/wp\/v2\/types\/post"}],"author":[{"embeddable":true,"href":"https:\/\/www.novaconcursos.com.br\/portal\/wp-json\/wp\/v2\/users\/54674"}],"replies":[{"embeddable":true,"href":"https:\/\/www.novaconcursos.com.br\/portal\/wp-json\/wp\/v2\/comments?post=158234"}],"version-history":[{"count":5,"href":"https:\/\/www.novaconcursos.com.br\/portal\/wp-json\/wp\/v2\/posts\/158234\/revisions"}],"predecessor-version":[{"id":158290,"href":"https:\/\/www.novaconcursos.com.br\/portal\/wp-json\/wp\/v2\/posts\/158234\/revisions\/158290"}],"wp:featuredmedia":[{"embeddable":true,"href":"https:\/\/www.novaconcursos.com.br\/portal\/wp-json\/wp\/v2\/media\/155641"}],"wp:attachment":[{"href":"https:\/\/www.novaconcursos.com.br\/portal\/wp-json\/wp\/v2\/media?parent=158234"}],"wp:term":[{"taxonomy":"category","embeddable":true,"href":"https:\/\/www.novaconcursos.com.br\/portal\/wp-json\/wp\/v2\/categories?post=158234"},{"taxonomy":"post_tag","embeddable":true,"href":"https:\/\/www.novaconcursos.com.br\/portal\/wp-json\/wp\/v2\/tags?post=158234"}],"curies":[{"name":"wp","href":"https:\/\/api.w.org\/{rel}","templated":true}]}}