{"id":158311,"date":"2022-04-05T09:14:52","date_gmt":"2022-04-05T12:14:52","guid":{"rendered":"https:\/\/www.novaconcursos.com.br\/portal\/?p=158311"},"modified":"2024-07-02T17:41:04","modified_gmt":"2024-07-02T20:41:04","slug":"concurso-pcdf-divulgado-resultado-final-discursiva","status":"publish","type":"post","link":"https:\/\/www.novaconcursos.com.br\/portal\/noticias\/concurso-pcdf-divulgado-resultado-final-discursiva\/","title":{"rendered":"Concurso PCDF: Divulgado RESULTADO final da prova discursiva. Veja as pr\u00f3ximas etapas!"},"content":{"rendered":"<p> A Pol\u00edcia Civil do Distrito Federal <strong>anunciou a retomada <\/strong>do <a href=\"https:\/\/www.novaconcursos.com.br\/portal\/concursos\/concurso-pcdf-agente\/\">concurso PCDF<\/a> para o provimento de vagas e a forma\u00e7\u00e3o de cadastro de reserva no cargo de Agente de Pol\u00edcia. Est\u00e1 dispon\u00edvel o <strong>resultado final da discursiva<\/strong> e as <strong>pr\u00f3ximas etapas<\/strong>. Confira!<\/p>\n\n\n\n<ul class=\"wp-block-list\"><li><strong>Confira:<\/strong>\u00a0<a rel=\"noreferrer noopener\" aria-label=\" (abre numa nova aba)\" href=\"https:\/\/www.novaconcursos.com.br\/eventos\/guia-definitivo-como-montar-um-mapa-mental\/\" target=\"_blank\">Guia como montar um mapa mental (Gr\u00e1tis)<\/a><\/li>\n<\/ul><p><\/p>\n\n\n\n<p>Estude para o concurso dos seus sonhos com a\u00a0<a rel=\"noreferrer noopener\" aria-label=\" (abre numa nova aba)\" href=\"https:\/\/www.novaconcursos.com.br\/eventos\/assinatura\" target=\"_blank\">Assinatura Completa da Nova<\/a>\u00a0\u00a0. Tenha acesso a Cursos, Plataforma de Quest\u00f5es, Eventos Exclusivos para Assinantes e Muito Mais!<\/p>\n\n\n\n<h2 class=\"wp-block-heading\" id=\"concurso-pcdf-confira-as-novas-informaes-aps-retomada\">Concurso PCDF: confira as novas informa\u00e7\u00f5es ap\u00f3s retomada<\/h2>\n\n\n\n<p>Assim, a Pol\u00edcia Civil do <a href=\"https:\/\/novaconcursos.com.br\/portal\/concursos-previstos\/df\">Distrito Federal<\/a> <strong>anunciou a retomada<\/strong> do concurso para o provimento de vagas e a forma\u00e7\u00e3o de cadastro de reserva no cargo de Agente de Pol\u00edcia.<\/p>\n\n\n\n<p>Portanto, ap\u00f3s suspens\u00e3o judicial<strong>, o edital foi oficialmente retomado <\/strong>nessa segunda-feira (04), por meio de publica\u00e7\u00e3o no DOU.<\/p>\n\n\n\n<p>Foram divulgados <strong>o resultado final na prova discursiva<\/strong>, a convoca\u00e7\u00e3o para a avalia\u00e7\u00e3o biopsicossocial dos candidatos que se declararam pessoa com defici\u00eancia e a convoca\u00e7\u00e3o para os exames biom\u00e9tricos e avalia\u00e7\u00e3o m\u00e9dica.<\/p>\n\n\n\n<p> Vale destacar que a <strong>Lei n\u00ba7.085\/2022, publicada recentemente,<\/strong> possibilita a redu\u00e7\u00e3o de prazo entre as etapas para dar celeridade ao andamento do concurso PCDF. Um novo cronograma para o certame \u00e9 aguardado.<\/p>\n\n\n\n<p>Ademais, para os<strong> exames biom\u00e9tricos e a avalia\u00e7\u00e3o m\u00e9dica<\/strong>, o candidato dever\u00e1, obrigatoriamente, acessar o <a href=\"https:\/\/www.cebraspe.org.br\/concursos\/pc_df_20_agente\" target=\"_blank\" rel=\"noopener\">endere\u00e7o eletr\u00f4nico<\/a> para verificar o local e hor\u00e1rio de realiza\u00e7\u00e3o do exame.<\/p>\n\n\n\n<p>Entretanto, a consulta deve ser realizada a partir do dia 11 de maio, uma vez que os exames ser\u00e3o realizados nos dias\u00a0<strong>14 ou 15 de maio.<\/strong><\/p>\n\n\n\n<p>Vale destacar ainda que o <strong>candidato somente poder\u00e1 realizar o exame no local <\/strong>designado na consulta dispon\u00edvel no endere\u00e7o citado.<\/p>\n\n\n\n<p>Al\u00e9m disso, os <strong>exames complementares<\/strong> (m\u00e9dicos e laboratoriais) devem ser enviados, via upload, no <a href=\"https:\/\/www.cebraspe.org.br\/concursos\/pc_df_20_agente\" target=\"_blank\" rel=\"noopener\">link<\/a>.<\/p>\n\n\n\n<p>Assim, o envio deve <strong>acontecer no per\u00edodo<\/strong> das 10h do dia 11 de abril \u00e0s 18h do dia 15 de maio (hor\u00e1rio oficial de Bras\u00edlia\/DF).<\/p>\n\n\n\n<p>Posteriormente, os <strong>documentos ser\u00e3o analisados<\/strong>, em conjunto com as informa\u00e7\u00f5es oriundas da consulta m\u00e9dica, por junta m\u00e9dica do Cebraspe.<\/p>\n\n\n\n<p>Ademais, a junta m\u00e9dica ainda<strong> poder\u00e1 solicitar outros exames laboratoriais <\/strong>e complementares, al\u00e9m dos previstos, para fins de elucida\u00e7\u00e3o. <a rel=\"noreferrer noopener\" href=\"https:\/\/cdn.direcaoconcursos.com.br\/uploads\/2022\/04\/pcdf-agente-retomado.pdf\" target=\"_blank\">Confira todo o documento na \u00edntegra<\/a>. <\/p>\n\n\n\n<h2 class=\"wp-block-heading\" id=\"concurso-pcdf-so-1800-vagas\">Concurso PCDF: s\u00e3o 1800 vagas<\/h2>\n\n\n\n<p>A Pol\u00edcia Civil do <a href=\"https:\/\/novaconcursos.com.br\/portal\/concursos-abertos\/df\">Distrito Federal<\/a> publicou <a href=\"https:\/\/www.cebraspe.org.br\/concursos\/PC_DF_20_AGENTE\" target=\"_blank\" rel=\"noopener\">edital para a sele\u00e7\u00e3o de Agentes<\/a> em junho de 2020.\u00a0Ao todo, <strong>o edital oferta 1.800 vagas.<\/strong><\/p>\n\n\n\n<p>Assim, do total de oportunidades, <strong>600 s\u00e3o imediatas<\/strong> e 1.200 s\u00e3o para forma\u00e7\u00e3o de cadastro de reserva. <\/p>\n\n\n\n<p>Al\u00e9m disso, os ganhos da carreira s\u00e3o de <strong>R$ 8.698,78<\/strong> para 40 horas de trabalho semanal.  <\/p>\n\n\n\n<p>Ademais, a sele\u00e7\u00e3o teve, inicialmente, o <strong>cronograma atrasado <\/strong>devido \u00e0 pandemia da covid-19. <\/p>\n\n\n\n<p>Portanto, as provas, previstas para serem <strong>aplicadas em outubro de 2020<\/strong>, s\u00f3 ocorreram em 22 de agosto de 2021.<\/p>\n\n\n\n<p>Posteriormente, o concurso foi novamente suspenso em dezembro de 2021, por decis\u00e3o da <strong>2\u00aa Vara da Fazenda P\u00fablica <\/strong>do DF, que teve como base um pedido de oito candidatos que concorrem ao cargo de agente nas vagas reservadas para negros e pardos. <\/p>\n\n\n\n<p>Assim, eles alegam que, segundo o edital, <strong>deveriam ter as provas <\/strong>discursivas corrigidas \u2014 o que n\u00e3o ocorreu. <\/p>\n\n\n\n<p><em>\u201cAcontece que o edital prev\u00ea que os cotistas aprovados dentro do n\u00famero de vagas oferecidas para ampla concorr\u00eancia n\u00e3o devem ser computados para preenchimento das vagas reservadas exclusivamente a negros\/pardos\u201d,<\/em> disseram os requerentes.  <\/p>","protected":false},"excerpt":{"rendered":"<p>A Pol\u00edcia Civil do Distrito Federal anunciou a retomada do concurso PCDF para o provimento de vagas e a forma\u00e7\u00e3o de cadastro de reserva no cargo de Agente de Pol\u00edcia. Est\u00e1 dispon\u00edvel o resultado final da discursiva e as pr\u00f3ximas etapas. Confira! Estude para o concurso dos seus sonhos com a\u00a0Assinatura Completa da Nova\u00a0\u00a0. Tenha [&hellip;]<\/p>\n","protected":false},"author":54671,"featured_media":158812,"comment_status":"closed","ping_status":"closed","sticky":false,"template":"","format":"standard","meta":{"_acf_changed":false,"footnotes":"","_wp_rev_ctl_limit":""},"categories":[228],"tags":[],"class_list":["post-158311","post","type-post","status-publish","format-standard","has-post-thumbnail","hentry","category-noticias"],"acf":[],"_links":{"self":[{"href":"https:\/\/www.novaconcursos.com.br\/portal\/wp-json\/wp\/v2\/posts\/158311","targetHints":{"allow":["GET"]}}],"collection":[{"href":"https:\/\/www.novaconcursos.com.br\/portal\/wp-json\/wp\/v2\/posts"}],"about":[{"href":"https:\/\/www.novaconcursos.com.br\/portal\/wp-json\/wp\/v2\/types\/post"}],"author":[{"embeddable":true,"href":"https:\/\/www.novaconcursos.com.br\/portal\/wp-json\/wp\/v2\/users\/54671"}],"replies":[{"embeddable":true,"href":"https:\/\/www.novaconcursos.com.br\/portal\/wp-json\/wp\/v2\/comments?post=158311"}],"version-history":[{"count":4,"href":"https:\/\/www.novaconcursos.com.br\/portal\/wp-json\/wp\/v2\/posts\/158311\/revisions"}],"predecessor-version":[{"id":242243,"href":"https:\/\/www.novaconcursos.com.br\/portal\/wp-json\/wp\/v2\/posts\/158311\/revisions\/242243"}],"wp:featuredmedia":[{"embeddable":true,"href":"https:\/\/www.novaconcursos.com.br\/portal\/wp-json\/wp\/v2\/media\/158812"}],"wp:attachment":[{"href":"https:\/\/www.novaconcursos.com.br\/portal\/wp-json\/wp\/v2\/media?parent=158311"}],"wp:term":[{"taxonomy":"category","embeddable":true,"href":"https:\/\/www.novaconcursos.com.br\/portal\/wp-json\/wp\/v2\/categories?post=158311"},{"taxonomy":"post_tag","embeddable":true,"href":"https:\/\/www.novaconcursos.com.br\/portal\/wp-json\/wp\/v2\/tags?post=158311"}],"curies":[{"name":"wp","href":"https:\/\/api.w.org\/{rel}","templated":true}]}}