{"id":158412,"date":"2022-03-30T10:30:18","date_gmt":"2022-03-30T13:30:18","guid":{"rendered":"https:\/\/www.novaconcursos.com.br\/portal\/?p=158412"},"modified":"2022-03-30T14:17:57","modified_gmt":"2022-03-30T17:17:57","slug":"concurso-sespa-5-bancas-na-disputa-conheca","status":"publish","type":"post","link":"https:\/\/www.novaconcursos.com.br\/portal\/noticias\/concurso-sespa-5-bancas-na-disputa-conheca\/","title":{"rendered":"Concurso SESPA: 5 bancas na disputa. Conhe\u00e7a quais s\u00e3o!"},"content":{"rendered":"<p>Aten\u00e7\u00e3o concurseiros! O edital do <a href=\"https:\/\/www.novaconcursos.com.br\/portal\/concursos\/concurso-sespa\/\">concurso SESPA<\/a> dever\u00e1 ser publicado no\u00a0<strong>segundo semestre de 2022<\/strong>, segundo a Secret\u00e1ria de Planejamento do estado. Ademais, ser\u00e3o ofertadas <strong>315 vagas<\/strong>! Cinco <strong>bancas est\u00e3o na disputa <\/strong>para organiza\u00e7\u00e3o!<\/p>\n\n\n\n<ul class=\"wp-block-list\"><li><strong>Confira:\u00a0<\/strong><a href=\"https:\/\/www.novaconcursos.com.br\/eventos\/guia-definitivo-plano-de-estudos-passo-a-passo\/\" target=\"_blank\" rel=\"noreferrer noopener\" aria-label=\" (abre numa nova aba)\">Guia Definitivo Plano de Estudos \u2013 Gr\u00e1tis<\/a><\/li><\/ul><p><\/p>\n\n\n\n<p>Estude para o concurso dos seus sonhos com a\u00a0<a href=\"https:\/\/www.novaconcursos.com.br\/eventos\/assinatura\" target=\"_blank\" rel=\"noreferrer noopener\" aria-label=\" (abre numa nova aba)\">Assinatura Completa da Nova<\/a>\u00a0. Tenha acesso a Cursos, Plataforma de Quest\u00f5es, Eventos Exclusivos para Assinantes e Muito Mais!<\/p>\n\n\n\n<h2 class=\"wp-block-heading\" id=\"concurso-sespa-banca-sendo-escolhida\">Concurso Sespa: banca sendo escolhida<\/h2>\n\n\n\n<p>O <strong>processo licitat\u00f3rio<\/strong> para escolher a banca organizadora do concurso da Secretaria de Estado da Sa\u00fade do <a href=\"https:\/\/www.novaconcursos.com.br\/portal\/concursos-previstos\/pa\/\">Par\u00e1 <\/a><strong>foi iniciado. <\/strong><\/p>\n\n\n\n<p>Assim, a Secretaria de Planejamento e Administra\u00e7\u00e3o (Seplad) confirmou que <strong>cinco institui\u00e7\u00f5es est\u00e3o na disputa<\/strong> pela organiza\u00e7\u00e3o.<\/p>\n\n\n\n<p>Ademais, vale destacar que a <strong>abertura das propostas <\/strong>foi promovida no dia 23 de mar\u00e7o. Sendo assim, confira as bancas participantes:<\/p>\n\n\n\n<ul class=\"wp-block-list\"><li>Objetiva Concursos;<\/li><li>Iades;<\/li><li>Consulpan;<\/li><li>Instituto AOCP; e<\/li><li>Cetap.<\/li><\/ul><p><\/p>\n\n\n\n<p>Assim, o processo visa <em>\u201ccontrata\u00e7\u00e3o de empresa ou institui\u00e7\u00e3o, pessoa jur\u00eddica, especializada na presta\u00e7\u00e3o de servi\u00e7os de planejamento, organiza\u00e7\u00e3o, realiza\u00e7\u00e3o, processamento e resultado final para homologa\u00e7\u00e3o de concurso p\u00fablico destinado \u00e0 sele\u00e7\u00e3o de candidatos, assim como toda e qualquer log\u00edstica necess\u00e1ria \u00e0 execu\u00e7\u00e3o dos servi\u00e7os\u201d.<\/em><\/p>\n\n\n\n<h3 class=\"wp-block-heading\">Investimentos na sa\u00fade<\/h3>\n\n\n\n<p>Al\u00e9m disso, a secret\u00e1ria Hana Ghassan, titular da Seplad, afirma que a \u00e1rea da sa\u00fade <strong>necessita de mais investimentos.<\/strong><\/p>\n\n\n\n<p><em>\u201cA \u00e1rea da sa\u00fade requisita a nossa devida aten\u00e7\u00e3o para com mais investimentos, por isso trabalhamos de forma zelosa para a realiza\u00e7\u00e3o de mais concursos, a\u00e7\u00e3o que faz parte do nosso plano de melhorias, al\u00e9m de propiciar o ingresso de novos servidores\u201d<\/em>, informou.<\/p>\n\n\n\n<p>Enquanto isso, a secret\u00e1ria adjunta de Moderniza\u00e7\u00e3o e Gest\u00e3o da Seplad,\u00a0Josyn\u00e9lia Raiol, <strong>falou sobre o quadro de pessoal <\/strong>da \u00e1rea da Sa\u00fade<\/p>\n\n\n\n<p><em>\u201cEsse avan\u00e7o representa o nosso esfor\u00e7o em obter sempre mais melhorias na \u00e1rea da sa\u00fade, al\u00e9m das demais \u00e1reas. Por isso, de forma empenhada seguiremos o cronograma, mantendo a lisura do processo\u201d<\/em>, disse.<\/p>\n\n\n\n<p>Posteriormente, Helder Barbalho, governador do <a href=\"https:\/\/www.novaconcursos.com.br\/portal\/concursos-abertos\/pa\/\">Par\u00e1<\/a>,\u00a0<strong>foi mais um que tamb\u00e9m falou <\/strong>sobre o concurso da Sespa.\u00a0<\/p>\n\n\n\n<p><em>\u201cEst\u00e3o previstos concursos p\u00fablicos para o Hospital Ophir Loyola, a Funda\u00e7\u00e3o Hospital de Cl\u00ednicas Gaspar Vianna, a Funda\u00e7\u00e3o Santa Casa de Miseric\u00f3rdia do Par\u00e1 e para a Secretaria de Sa\u00fade P\u00fablica (Sespa). Informa\u00e7\u00f5es oficiais sobre todos os concursos ser\u00e3o divulgadas no site e nas redes sociais da Seplad\u201d,<\/em> disse Barbalho.<\/p>\n\n\n\n<h3 class=\"wp-block-heading\"><strong>Comiss\u00e3o formada<\/strong><\/h3>\n\n\n\n<p>As comiss\u00f5es organizadoras do concurso da Secretaria de Sa\u00fade do Par\u00e1 <strong>foram formadas no final de 2021. <\/strong><\/p>\n\n\n\n<p>Portanto, confira os <strong>nomes dos servidores<\/strong> da comiss\u00e3o que ficar\u00e3o respons\u00e1veis por 6 concursos:<\/p>\n\n\n\n<ul class=\"wp-block-list\"><li><strong>Comiss\u00e3o 1<\/strong><ul><li><strong>\u00d3rg\u00e3o<\/strong><ul><li>Hospital Ophir Loyola (HOL);<\/li><li>Funda\u00e7\u00e3o Hospital de Cl\u00ednicas Gaspar Vianna (FHCGV)<\/li><li>Funda\u00e7\u00e3o Santa Casa Miseric\u00f3rdia o Par\u00e1 (FSCMPA);<\/li><li>Instituto de Gest\u00e3o Previdenci\u00e1ria do Par\u00e1 (Igeprev).<ul><li><strong>Membros<\/strong><ul><li>Neuza Fernanda de Moraes Melo \u2013 Presidente;<\/li><li>Washington Ricardo de Menezes Santos;<\/li><li>Matheus Martins Ismael;<\/li><li>Maria de F\u00e1tima Gouveia Peres;<\/li><li>Rubens S\u00e9rgio Guimar\u00e3es Costa;<\/li><li>Roberto Favacho Lobato;<\/li><li>Tiago de Lima Ribeiro.<\/li><\/ul><\/li><\/ul><\/li><\/ul><\/li><\/ul><\/li><li><strong>Comiss\u00e3o 2<\/strong><ul><li><strong>\u00d3rg\u00e3o<\/strong><ul><li>Secretaria de Estado da Sa\u00fade (Sespa);<\/li><li>Funda\u00e7\u00e3o de Atendimento Socioeducativo do Estado do\u00a0Par\u00e1 (Fasepa).<ul><li><strong>Membros<\/strong><ul><li>Neuza Fernanda de Moraes Melo \u2013 Presidente;<\/li><li>Washington Ricardo de Menezes Santos;<\/li><li>Daniel Aben Athar Lobato da Silva<\/li><li>Emmanoel Henrique Guimar\u00e3es dos Santos<\/li><li>Jovelina Maria Sousa Matos<\/li><\/ul><\/li><\/ul><\/li><\/ul><\/li><\/ul><\/li><\/ul><p><\/p>\n\n\n\n<h2 class=\"wp-block-heading\" id=\"concurso-sespa-vagas-confirmadas\"><strong>Concurso Sespa: vagas confirmadas<\/strong><\/h2>\n\n\n\n<p>Ademais, a Seplad confirmou que o edital ser\u00e1 publicado com a oferta de <strong>315 vagas<\/strong>. Entretanto, ainda n\u00e3o h\u00e1 uma data confirmada. <\/p>\n\n\n\n<p><em>\u201cO cumprimento do nosso cronograma para a realiza\u00e7\u00e3o de concursos p\u00fablicos na \u00e1rea da sa\u00fade reafirma o nosso comprometimento para com a popula\u00e7\u00e3o, como as pessoas que carecem de atendimento mais humanizado, assim como para quem almeja ingressar na atividade p\u00fablica na \u00e1rea administrativa tamb\u00e9m. Estamos na expectativa de ofertar o quantitativo de 905 vagas para sa\u00fade no Estado\u201d<\/em>, disse Hana Ghassan.<\/p>\n\n\n\n<p>A Seplad tamb\u00e9m j\u00e1 confirmou <strong>quais ser\u00e3o as cidades de aplica\u00e7\u00e3o<\/strong> das provas: Altamira ,Bel\u00e9m, Itaituba , Marab\u00e1, Reden\u00e7\u00e3o e Santar\u00e9m.<\/p>\n\n\n\n<figure class=\"wp-block-image size-large\"><a href=\"https:\/\/www.novaconcursos.com.br\/eventos\/assinatura\" target=\"_blank\" rel=\"noreferrer noopener\"><img decoding=\"async\" src=\"https:\/\/www.novaconcursos.com.br\/portal\/wp-content\/uploads\/2022\/01\/Faixa-Frete-Gr%E2%80%A0tis-portal.png\" alt=\"assinatura completa\" class=\"wp-image-153078\" loading=\"lazy\" title=\"\"><\/a><figcaption><\/figcaption><\/figure>","protected":false},"excerpt":{"rendered":"<p>Aten\u00e7\u00e3o concurseiros! O edital do concurso SESPA dever\u00e1 ser publicado no\u00a0segundo semestre de 2022, segundo a Secret\u00e1ria de Planejamento do estado. Ademais, ser\u00e3o ofertadas 315 vagas! Cinco bancas est\u00e3o na disputa para organiza\u00e7\u00e3o! Confira:\u00a0Guia Definitivo Plano de Estudos \u2013 Gr\u00e1tis Estude para o concurso dos seus sonhos com a\u00a0Assinatura Completa da Nova\u00a0. Tenha acesso a [&hellip;]<\/p>\n","protected":false},"author":54671,"featured_media":157573,"comment_status":"closed","ping_status":"closed","sticky":false,"template":"","format":"standard","meta":{"_acf_changed":false,"footnotes":"","_wp_rev_ctl_limit":""},"categories":[228],"tags":[],"class_list":["post-158412","post","type-post","status-publish","format-standard","has-post-thumbnail","hentry","category-noticias"],"acf":[],"_links":{"self":[{"href":"https:\/\/www.novaconcursos.com.br\/portal\/wp-json\/wp\/v2\/posts\/158412","targetHints":{"allow":["GET"]}}],"collection":[{"href":"https:\/\/www.novaconcursos.com.br\/portal\/wp-json\/wp\/v2\/posts"}],"about":[{"href":"https:\/\/www.novaconcursos.com.br\/portal\/wp-json\/wp\/v2\/types\/post"}],"author":[{"embeddable":true,"href":"https:\/\/www.novaconcursos.com.br\/portal\/wp-json\/wp\/v2\/users\/54671"}],"replies":[{"embeddable":true,"href":"https:\/\/www.novaconcursos.com.br\/portal\/wp-json\/wp\/v2\/comments?post=158412"}],"version-history":[{"count":5,"href":"https:\/\/www.novaconcursos.com.br\/portal\/wp-json\/wp\/v2\/posts\/158412\/revisions"}],"predecessor-version":[{"id":158466,"href":"https:\/\/www.novaconcursos.com.br\/portal\/wp-json\/wp\/v2\/posts\/158412\/revisions\/158466"}],"wp:featuredmedia":[{"embeddable":true,"href":"https:\/\/www.novaconcursos.com.br\/portal\/wp-json\/wp\/v2\/media\/157573"}],"wp:attachment":[{"href":"https:\/\/www.novaconcursos.com.br\/portal\/wp-json\/wp\/v2\/media?parent=158412"}],"wp:term":[{"taxonomy":"category","embeddable":true,"href":"https:\/\/www.novaconcursos.com.br\/portal\/wp-json\/wp\/v2\/categories?post=158412"},{"taxonomy":"post_tag","embeddable":true,"href":"https:\/\/www.novaconcursos.com.br\/portal\/wp-json\/wp\/v2\/tags?post=158412"}],"curies":[{"name":"wp","href":"https:\/\/api.w.org\/{rel}","templated":true}]}}