{"id":158434,"date":"2022-03-30T11:28:46","date_gmt":"2022-03-30T14:28:46","guid":{"rendered":"https:\/\/www.novaconcursos.com.br\/portal\/?p=158434"},"modified":"2022-04-01T13:58:17","modified_gmt":"2022-04-01T16:58:17","slug":"concurso-policia-penal-rj-podera-nivel-superior-requisito","status":"publish","type":"post","link":"https:\/\/www.novaconcursos.com.br\/portal\/noticias\/concurso-policia-penal-rj-podera-nivel-superior-requisito\/","title":{"rendered":"Concurso Pol\u00edcia Penal RJ: cargo poder\u00e1 ter n\u00edvel superior como requisito!"},"content":{"rendered":"<p>Aten\u00e7\u00e3o concurseiros. Um novo\u00a0<a href=\"https:\/\/www.novaconcursos.com.br\/portal\/concursos\/concurso-policia-penal-rj\/\">concurso Pol\u00edcia Penal RJ<\/a> <strong>deve ser publicado nos pr\u00f3ximos meses.<\/strong> Isso porque o governador Cl\u00e1udio Castro enviou a\u00a0Lei Complementar \u00e0 Assembleia Legislativa, que <strong>institui a Pol\u00edcia Penal <\/strong>no estado. <\/p>\n\n\n\n<ul class=\"wp-block-list\"><li><strong>Confira:<\/strong>\u00a0<a rel=\"noreferrer noopener\" aria-label=\" (abre numa nova aba)\" href=\"https:\/\/www.novaconcursos.com.br\/eventos\/guia-definitivo-plano-de-estudos-passo-a-passo\/\" target=\"_blank\">Guia Definitivo Plano de Estudos (Gr\u00e1tis)<\/a><\/li><\/ul><p><\/p>\n\n\n\n<p>Estude para o concurso dos seus sonhos com a\u00a0<a rel=\"noreferrer noopener\" aria-label=\" (abre numa nova aba)\" href=\"https:\/\/www.novaconcursos.com.br\/eventos\/assinatura\" target=\"_blank\">Assinatura Completa da Nova<\/a>\u00a0. Tenha acesso a Cursos, Plataforma de Quest\u00f5es, Eventos Exclusivos para Assinantes e Muito Mais!<\/p>\n\n\n\n<h2 class=\"wp-block-heading\" id=\"concurso-polcia-penal-rj-lei-enviada-assembleia-legislativa\">Concurso Pol\u00edcia Penal RJ: lei enviada \u00e0 Assembleia Legislativa<\/h2>\n\n\n\n<p>A\u00a0<strong>Lei <\/strong>Complementar que institui a Pol\u00edcia Penal no <a href=\"https:\/\/www.novaconcursos.com.br\/portal\/concursos-previstos\/rj\/\">Estado do Rio de Janeiro<\/a>, foi enviada para a <strong>Assembleia Legislativa<\/strong><\/p>\n\n\n\n<p>Assim, o envio aconteceu por parte do <strong>governador <\/strong>Cl\u00e1udio Castro nesta ter\u00e7a-feira (29).<\/p>\n\n\n\n<p>Portanto, caso haja aprova\u00e7\u00e3o da lei, o<strong> pr\u00f3ximo concurso p\u00fablico<\/strong> para a corpora\u00e7\u00e3o poder\u00e1 contar com mudan\u00e7as nos requisitos.<\/p>\n\n\n\n<p>Anteriormente, como <strong>Inspetores de Seguran\u00e7a e Administra\u00e7\u00e3o Penitenci\u00e1ria<\/strong>, os concursos cobravam apenas o <strong>n\u00edvel m\u00e9dio.<\/strong><\/p>\n\n\n\n<p>Entretanto, caso seja transformada para <strong>Policial Penal<\/strong>, a carreira dever\u00e1 passar a cobrar o <strong>n\u00edvel superior<\/strong> como escolaridade. <\/p>\n\n\n\n<p>Al\u00e9m disso,\u00a0a carga hor\u00e1ria de trabalho ser\u00e1 de<strong> 40 horas semanais.<\/strong> Para os que trabalham em regime de plant\u00e3o, na escala 24h x 72h, ficar\u00e1 assim:<\/p>\n\n\n\n<ul class=\"wp-block-list\"><li>em um ano trabalhado, durante nove meses, ser\u00e1 cumprido sete plant\u00f5es por m\u00eas; e<\/li><li>durante tr\u00eas meses trabalhado, ser\u00e1 cumprido oito plant\u00f5es por m\u00eas.<\/li><\/ul><p><\/p>\n\n\n\n<p>O governador ainda pediu para que o projeto de lei <strong>seja votado com urg\u00eancia. <\/strong><\/p>\n\n\n\n<h2 class=\"wp-block-heading\" id=\"quadro-complementar-tambm-est-tramitando-na-alerj\"><strong>Quadro complementar tamb\u00e9m est\u00e1 tramitando na Alerj<\/strong><\/h2>\n\n\n\n<p>N\u00e3o \u00e9 apenas o cargo de <strong>Policial Penal <\/strong>que haver\u00e1 na Pol\u00edcia Penal do Estado do <a href=\"https:\/\/www.novaconcursos.com.br\/portal\/concursos-abertos\/rj\/\">Rio de Janeiro<\/a>. <\/p>\n\n\n\n<p>Isso porque a Assembleia Legislativa aprovou em primeira discuss\u00e3o, em 2021, o <strong>Projeto de Lei (PL) n\u00ba\u00a04.383\/2021<\/strong>, criando o\u00a0quadro complementar da \u00e1rea t\u00e9cnica da corpora\u00e7\u00e3o.<\/p>\n\n\n\n<p>Entretanto, vale destacar que a <strong>medida ainda precisa passar <\/strong>por uma segunda vota\u00e7\u00e3o em plen\u00e1rio antes de seguir para san\u00e7\u00e3o do governador.<\/p>\n\n\n\n<p>Assim, a medida contempla diversos\u00a0<strong>profissionais das \u00e1reas da Sa\u00fade e Limpeza\/Higiene<\/strong>, como fisioterapeutas, t\u00e9cnicos de enfermagem e auxiliares de servi\u00e7os m\u00e9dicos. Confira as categorias:<\/p>\n\n\n\n<ul class=\"wp-block-list\"><li>Auxiliar de Execu\u00e7\u00e3o Penal (para cargos de n\u00edvel elementar), com remunera\u00e7\u00e3o de at\u00e9 R$ 1,8 mil;<\/li><li>T\u00e9cnico de Execu\u00e7\u00e3o Penal (para n\u00edveis m\u00e9dio e fundamental), com remunera\u00e7\u00e3o de at\u00e9 R$ 4,1 mil; e<\/li><li>Especialista de Execu\u00e7\u00e3o Penal (n\u00edvel superior), com remunera\u00e7\u00e3o de at\u00e9 R$ 6,4 mil;<\/li><\/ul><p><\/p>\n\n\n\n<p><em>\u201cEste projeto \u00e9 para adequar os servidores do quadro permanente de Sa\u00fade e Higiene da Secretaria de Administra\u00e7\u00e3o Penitenci\u00e1ria (Seap)\u00a0\u00e0 legisla\u00e7\u00e3o vigente. Desde a cria\u00e7\u00e3o da Seap, em 2003, somente os quadros de inspetores de seguran\u00e7a e administra\u00e7\u00e3o penitenci\u00e1ria foram contemplados, excluindo os servidores do quadro permanente de Sa\u00fade e Higiene do Tratamento Penal\u201d,<\/em> explicou o autor\u00a0do texto, deputado Coronel Salema (PSL).<\/p>\n\n\n\n<h2 class=\"wp-block-heading\" id=\"e-os-salrios-para-a-corporao\">E os sal\u00e1rios para a corpora\u00e7\u00e3o?<\/h2>\n\n\n\n<p>Sendo assim, ao longo da carreira, os ganhos podem chegar a R$ 4.121,23 (m\u00e9dio ou t\u00e9cnico) e R$ 6.412,39 (superior). <\/p>\n\n\n\n<p>Entretanto, vale destacar que os aprovados no certame ainda contar\u00e3o com alguns benef\u00edcios que devem ser inclu\u00eddos na Pol\u00edcia Penal do estado. Portanto, s\u00e3o eles: <\/p>\n\n\n\n<ul class=\"wp-block-list\"><li>n\u00edvel m\u00e9dio: R$ 240 (gradua\u00e7\u00e3o) e\u00a0R$ 280 (especializa\u00e7\u00e3o); e<\/li><li>n\u00edvel superior: R$ 400 (especializa\u00e7\u00e3o), R$ 600 (mestrado) e R$1.050 (doutorado).<\/li><\/ul><p><\/p>\n\n\n\n<h2 class=\"wp-block-heading\" id=\"o-que-muda-com-a-aprovao-do-pl-na-polcia-penal-rj\"><strong>O que muda com a aprova\u00e7\u00e3o do PL na Pol\u00edcia Penal RJ?<\/strong><\/h2>\n\n\n\n<p>A <strong>mudan\u00e7a de carreira <\/strong>na Pol\u00edcia Penal do Rio de Janeiro deve alterar algumas informa\u00e7\u00f5es importantes. Por isso, fique atento!<\/p>\n\n\n\n<p>Al\u00e9m de serem ligados ao Governo do Estado, os<strong> Policiais Penais ser\u00e3o equiparados <\/strong>aos Policiais Militares e Civis.<\/p>\n\n\n\n<p>Entre as atribui\u00e7\u00f5es,<strong> continuam valendo as atividades comuns<\/strong>, como seguran\u00e7a dos estabelecimentos penais e a escolta de presos.\u00a0<\/p>\n\n\n\n<p>Entretanto, na pr\u00e1tica, o que muda \u00e9 a legisla\u00e7\u00e3o e o reconhecimento do trabalho, de forma a <strong>equipar\u00e1-los aos Policiais. <\/strong><\/p>\n\n\n\n<p>Assim, os contratados <strong>atuar\u00e3o no combate ao crime <\/strong>dentro dos pres\u00eddios. Portanto, confira as principais mudan\u00e7as:<\/p>\n\n\n\n<ul class=\"wp-block-list\"><li>transforma\u00e7\u00e3o dos cargos de agente penitenci\u00e1rio em policial penal;<\/li><li>equipara\u00e7\u00e3o dos agentes penitenci\u00e1rios aos policiais (poder de investiga\u00e7\u00e3o, sal\u00e1rios e benef\u00edcios, por exemplo); e<\/li><li>seguran\u00e7a dos estabelecimentos penais e escolta de presos.\u00a0<\/li><\/ul><p><\/p>\n\n\n\n<figure class=\"wp-block-image size-large\"><a href=\"https:\/\/www.novaconcursos.com.br\/eventos\/assinatura\" target=\"_blank\" rel=\"noreferrer noopener\"><img decoding=\"async\" src=\"https:\/\/www.novaconcursos.com.br\/portal\/wp-content\/uploads\/2022\/01\/Faixa-Frete-Gr%E2%80%A0tis-portal.png\" alt=\"assinatura completa\" class=\"wp-image-153078\" loading=\"lazy\" title=\"\"><\/a><figcaption><\/figcaption><\/figure>","protected":false},"excerpt":{"rendered":"<p>Aten\u00e7\u00e3o concurseiros. Um novo\u00a0concurso Pol\u00edcia Penal RJ deve ser publicado nos pr\u00f3ximos meses. Isso porque o governador Cl\u00e1udio Castro enviou a\u00a0Lei Complementar \u00e0 Assembleia Legislativa, que institui a Pol\u00edcia Penal no estado. Confira:\u00a0Guia Definitivo Plano de Estudos (Gr\u00e1tis) Estude para o concurso dos seus sonhos com a\u00a0Assinatura Completa da Nova\u00a0. Tenha acesso a Cursos, Plataforma [&hellip;]<\/p>\n","protected":false},"author":54671,"featured_media":158712,"comment_status":"closed","ping_status":"closed","sticky":false,"template":"","format":"standard","meta":{"_acf_changed":false,"footnotes":"","_wp_rev_ctl_limit":""},"categories":[228],"tags":[],"class_list":["post-158434","post","type-post","status-publish","format-standard","has-post-thumbnail","hentry","category-noticias"],"acf":[],"_links":{"self":[{"href":"https:\/\/www.novaconcursos.com.br\/portal\/wp-json\/wp\/v2\/posts\/158434","targetHints":{"allow":["GET"]}}],"collection":[{"href":"https:\/\/www.novaconcursos.com.br\/portal\/wp-json\/wp\/v2\/posts"}],"about":[{"href":"https:\/\/www.novaconcursos.com.br\/portal\/wp-json\/wp\/v2\/types\/post"}],"author":[{"embeddable":true,"href":"https:\/\/www.novaconcursos.com.br\/portal\/wp-json\/wp\/v2\/users\/54671"}],"replies":[{"embeddable":true,"href":"https:\/\/www.novaconcursos.com.br\/portal\/wp-json\/wp\/v2\/comments?post=158434"}],"version-history":[{"count":7,"href":"https:\/\/www.novaconcursos.com.br\/portal\/wp-json\/wp\/v2\/posts\/158434\/revisions"}],"predecessor-version":[{"id":158713,"href":"https:\/\/www.novaconcursos.com.br\/portal\/wp-json\/wp\/v2\/posts\/158434\/revisions\/158713"}],"wp:featuredmedia":[{"embeddable":true,"href":"https:\/\/www.novaconcursos.com.br\/portal\/wp-json\/wp\/v2\/media\/158712"}],"wp:attachment":[{"href":"https:\/\/www.novaconcursos.com.br\/portal\/wp-json\/wp\/v2\/media?parent=158434"}],"wp:term":[{"taxonomy":"category","embeddable":true,"href":"https:\/\/www.novaconcursos.com.br\/portal\/wp-json\/wp\/v2\/categories?post=158434"},{"taxonomy":"post_tag","embeddable":true,"href":"https:\/\/www.novaconcursos.com.br\/portal\/wp-json\/wp\/v2\/tags?post=158434"}],"curies":[{"name":"wp","href":"https:\/\/api.w.org\/{rel}","templated":true}]}}