{"id":158535,"date":"2022-03-31T11:08:51","date_gmt":"2022-03-31T14:08:51","guid":{"rendered":"https:\/\/www.novaconcursos.com.br\/portal\/?p=158535"},"modified":"2025-12-03T09:34:15","modified_gmt":"2025-12-03T12:34:15","slug":"concurso-policia-penal-mg-resultado-final-divulgado","status":"publish","type":"post","link":"https:\/\/www.novaconcursos.com.br\/portal\/noticias\/concurso-policia-penal-mg-resultado-final-divulgado\/","title":{"rendered":"Concurso Pol\u00edcia Penal MG: Divulgado RESULTADO final das provas objetivas. Confira!"},"content":{"rendered":"<p>Atualiza\u00e7\u00f5es sobre o <a href=\"https:\/\/www.novaconcursos.com.br\/portal\/concursos\/policia-penal-mg\/\" data-type=\"link\" data-id=\"https:\/\/www.novaconcursos.com.br\/portal\/concursos\/policia-penal-mg\/\">concurso Pol\u00edcia Penal MG<\/a>! Ap\u00f3s a libera\u00e7\u00e3o para os candidatos consultarem seu <strong>desempenho na prova objetiva<\/strong>, a banca divulgou agora a listagem daqueles candidatos que foram <strong>aprovados nessa fase<\/strong> e que ter\u00e3o a sua <strong>reda\u00e7\u00e3o corrigida.<\/strong><\/p>\n\n\n\n<p><\/p>\n\n\n\n<p>Portanto, a banca do concurso da Pol\u00edcia Penal de Minas Gerais divulgou o <strong>resultado final das provas objetivas<\/strong> da sele\u00e7\u00e3o. Ademais, os candidatos que desejarem entrar com recursos contra o resultado preliminar da <strong>convoca\u00e7\u00e3o para a reda\u00e7\u00e3o<\/strong> poder\u00e3o fazer isso at\u00e9 amanh\u00e3, <strong>1\u00ba de abril.<\/strong><\/p>\n\n\n\n<p><\/p>\n\n\n\n<p>Al\u00e9m disso, vale recordar que o processo seletivo oferta <strong>2.420 oportunidades<\/strong> de n\u00edvel m\u00e9dio para <strong>Policial Penal,<\/strong> antigo Agente Penitenci\u00e1rio. Sendo assim, confira todas as novidades acerca da sele\u00e7\u00e3o!<\/p>\n\n\n\n<h2 class=\"wp-block-heading\" id=\"concurso-polcia-penal-mg-resultado-final\"><strong>Concurso Pol\u00edcia Penal MG: resultado final<\/strong><\/h2>\n\n\n\n<p>Nesse sentido, foram divulgados os <strong>resultados finais das provas objetivas<\/strong> do concurso Pol\u00edcia Penal MG. Ademais, os documentos podem ser consultados por meio do site da <strong>banca organizadora <\/strong>do certame, o Instituto Selecon.<\/p>\n\n\n\n<p>\u00c9 igualmente importante destacar que, com a divulga\u00e7\u00e3o dos resultados finais, os candidatos do concurso tamb\u00e9m podem conferir a <strong>lista preliminar<\/strong> de candidatos que ter\u00e3o as <strong>reda\u00e7\u00f5es corrigidas.<\/strong><\/p>\n\n\n\n<p>Ademais, aqueles que desejarem interpor recursos<strong> contra essa lista de convocados <\/strong>poder\u00e3o realizar esse processo at\u00e9 amanh\u00e3, <strong>1\u00ba de abril de 2022<\/strong>, por meio do site da banca organizadora.<\/p>\n\n\n\n<h2 class=\"wp-block-heading\" id=\"vagas-cargos-e-salrios\"><strong>Vagas, cargos e sal\u00e1rios<\/strong><\/h2>\n\n\n\n<p>Em suma, o concurso da Pol\u00edcia Penal de Minas Gerais oferta <strong>2.420 oportunidades<\/strong> para o cargo de Policial Penal, que possui como exig\u00eancia o <strong>n\u00edvel m\u00e9dio<\/strong> de escolaridade.<\/p>\n\n\n\n<p>Al\u00e9m disso, <strong>1.944<\/strong> das oportunidades ofertadas s\u00e3o para o <strong>sexo masculino<\/strong>, enquanto as demais <strong>476<\/strong> vagas s\u00e3o para o <strong>sexo feminino.<\/strong><\/p>\n\n\n\n<p>Ademais, os aprovados no concurso p\u00fablico contar\u00e3o com <strong>sal\u00e1rios iniciais<\/strong> no valor de <strong>R$ 4.631,25<\/strong>, sem contar os benef\u00edcios a serem recebidos pelos contratados pela corpora\u00e7\u00e3o.<\/p>\n\n\n\n<h2 class=\"wp-block-heading\" id=\"concurso-polcia-penal-mg-provas\"><strong>Concurso Pol\u00edcia Penal MG: provas<\/strong><\/h2>\n\n\n\n<p>Por fim, vale recordar que as <strong>provas objetivas e discursivas<\/strong> do concurso Pol\u00edcia Penal MG foram aplicadas <strong>no dia 13 de mar\u00e7o<\/strong> em diversas cidades de Minas Gerais e tamb\u00e9m no Distrito Federal.<\/p>\n\n\n\n<p>Al\u00e9m disso, nesse dia os inscritos na sele\u00e7\u00e3o responderam a <strong>60 quest\u00f5es<\/strong> de m\u00faltipla escolha acerca das<strong> disciplinas <\/strong>a seguir:<\/p>\n\n\n\n<ul class=\"wp-block-list\"><li>L\u00edngua Portuguesa \u2013 10 quest\u00f5es;<\/li>\n\n\n\n<li>Inform\u00e1tica \u2013 5 quest\u00f5es;<\/li>\n\n\n\n<li>No\u00e7\u00f5es de Direito \u2013 10 quest\u00f5es;<\/li>\n\n\n\n<li>Direitos Humanos \u2013 10 quest\u00f5es;<\/li>\n\n\n\n<li>Legisla\u00e7\u00e3o Especial \u2013 20 quest\u00f5es;<\/li>\n\n\n\n<li>Racioc\u00ednio L\u00f3gico \u2013 5 quest\u00f5es.<\/li>\n<\/ul><p><\/p>\n\n\n\n<p>Por outro lado, para a prova discursiva os candidatos elaboraram uma <strong>reda\u00e7\u00e3o<\/strong> que deveria possuir <strong>entre 20 e 30 linhas<\/strong>, acerca do tema que foi anunciado no momento da avalia\u00e7\u00e3o.<\/p>\n\n\n\n<p>\u00c9 igualmente importante frisar, finalmente, que os candidatos do processo seletivo ainda dever\u00e3o passar pelas seguintes<strong> etapas avaliativas:<\/strong><\/p>\n\n\n\n<ul class=\"wp-block-list\"><li>Prova de Aptid\u00e3o Psicol\u00f3gica e Psicot\u00e9cnica;<\/li>\n\n\n\n<li>Exames M\u00e9dicos;<\/li>\n\n\n\n<li>Prova de Condicionamento F\u00edsico por Testes Espec\u00edficos;<\/li>\n\n\n\n<li>Comprova\u00e7\u00e3o de Idoneidade e Conduta Ilibada;<\/li>\n\n\n\n<li> Curso de Forma\u00e7\u00e3o T\u00e9cnico-Profissional.<\/li>\n<\/ul><p><\/p>\n\n\n\n<figure class=\"wp-block-image size-large\"><a href=\"https:\/\/aprovacao.novaconcursos.com.br\/assinatura\" target=\"_blank\" rel=\"noreferrer noopener\"><img decoding=\"async\" src=\"https:\/\/www.novaconcursos.com.br\/portal\/wp-content\/uploads\/2022\/01\/Faixa-Frete-Gr%E2%80%A0tis-portal.png\" alt=\"assinatura completa\" class=\"wp-image-153078\" loading=\"lazy\" title=\"\"><\/a><figcaption><\/figcaption><\/figure>","protected":false},"excerpt":{"rendered":"<p>Atualiza\u00e7\u00f5es sobre o concurso Pol\u00edcia Penal MG! Ap\u00f3s a libera\u00e7\u00e3o para os candidatos consultarem seu desempenho na prova objetiva, a banca divulgou agora a listagem daqueles candidatos que foram aprovados nessa fase e que ter\u00e3o a sua reda\u00e7\u00e3o corrigida. Portanto, a banca do concurso da Pol\u00edcia Penal de Minas Gerais divulgou o resultado final das [&hellip;]<\/p>\n","protected":false},"author":54674,"featured_media":156324,"comment_status":"closed","ping_status":"closed","sticky":false,"template":"","format":"standard","meta":{"_acf_changed":false,"footnotes":"","_wp_rev_ctl_limit":""},"categories":[228],"tags":[],"class_list":["post-158535","post","type-post","status-publish","format-standard","has-post-thumbnail","hentry","category-noticias"],"acf":[],"_links":{"self":[{"href":"https:\/\/www.novaconcursos.com.br\/portal\/wp-json\/wp\/v2\/posts\/158535","targetHints":{"allow":["GET"]}}],"collection":[{"href":"https:\/\/www.novaconcursos.com.br\/portal\/wp-json\/wp\/v2\/posts"}],"about":[{"href":"https:\/\/www.novaconcursos.com.br\/portal\/wp-json\/wp\/v2\/types\/post"}],"author":[{"embeddable":true,"href":"https:\/\/www.novaconcursos.com.br\/portal\/wp-json\/wp\/v2\/users\/54674"}],"replies":[{"embeddable":true,"href":"https:\/\/www.novaconcursos.com.br\/portal\/wp-json\/wp\/v2\/comments?post=158535"}],"version-history":[{"count":12,"href":"https:\/\/www.novaconcursos.com.br\/portal\/wp-json\/wp\/v2\/posts\/158535\/revisions"}],"predecessor-version":[{"id":298179,"href":"https:\/\/www.novaconcursos.com.br\/portal\/wp-json\/wp\/v2\/posts\/158535\/revisions\/298179"}],"wp:featuredmedia":[{"embeddable":true,"href":"https:\/\/www.novaconcursos.com.br\/portal\/wp-json\/wp\/v2\/media\/156324"}],"wp:attachment":[{"href":"https:\/\/www.novaconcursos.com.br\/portal\/wp-json\/wp\/v2\/media?parent=158535"}],"wp:term":[{"taxonomy":"category","embeddable":true,"href":"https:\/\/www.novaconcursos.com.br\/portal\/wp-json\/wp\/v2\/categories?post=158535"},{"taxonomy":"post_tag","embeddable":true,"href":"https:\/\/www.novaconcursos.com.br\/portal\/wp-json\/wp\/v2\/tags?post=158535"}],"curies":[{"name":"wp","href":"https:\/\/api.w.org\/{rel}","templated":true}]}}