{"id":158666,"date":"2022-04-01T12:23:13","date_gmt":"2022-04-01T15:23:13","guid":{"rendered":"https:\/\/www.novaconcursos.com.br\/portal\/?p=158666"},"modified":"2022-04-01T16:18:01","modified_gmt":"2022-04-01T19:18:01","slug":"concurso-inss-edital-e-prioridade-no-ministerio-da-economia","status":"publish","type":"post","link":"https:\/\/www.novaconcursos.com.br\/portal\/noticias\/concurso-inss-edital-e-prioridade-no-ministerio-da-economia\/","title":{"rendered":"Concurso INSS: Edital \u00e9 prioridade no Minist\u00e9rio da Economia!"},"content":{"rendered":"<p>Boas not\u00edcias concurseiros! O novo <strong>Ministro do Trabalho e Previd\u00eancia<\/strong> (MTP), Jos\u00e9 Carlos Oliveira, tomou posse e disse que<strong> est\u00e1 otimista<\/strong> pela autoriza\u00e7\u00e3o e realiza\u00e7\u00e3o do <a href=\"https:\/\/www.novaconcursos.com.br\/portal\/concursos\/concurso-inss\/\">concurso INSS<\/a>. Foram requisitadas\u00a0<strong>7.575 vagas<\/strong>, mas a autoriza\u00e7\u00e3o deve ser menor!<\/p>\n\n\n\n<ul class=\"wp-block-list\"><li><strong>Confira:<\/strong>\u00a0<a href=\"https:\/\/www.novaconcursos.com.br\/eventos\/guia-definitivo-como-montar-um-mapa-mental\/\" target=\"_blank\" rel=\"noreferrer noopener\" aria-label=\" (abre numa nova aba)\">Guia como montar um mapa mental (Gr\u00e1tis)<\/a><\/li><\/ul><p><\/p>\n\n\n\n<p>Estude para o concurso dos seus sonhos com a\u00a0<a href=\"https:\/\/www.novaconcursos.com.br\/eventos\/assinatura\" target=\"_blank\" rel=\"noreferrer noopener\" aria-label=\" (abre numa nova aba)\">Assinatura Completa da Nova<\/a>\u00a0. Tenha acesso a Cursos, Plataforma de Quest\u00f5es, Eventos Exclusivos para Assinantes e Muito Mais!<\/p>\n\n\n\n<h2 class=\"wp-block-heading\" id=\"concurso-inss-edital-segue-sem-previso-mas-deve-sair\">Concurso INSS: edital segue sem previs\u00e3o, mas deve sair<\/h2>\n\n\n\n<p>O novo <strong>Ministro do Trabalho e Previd\u00eancia<\/strong> (MTP), Jos\u00e9 Carlos Oliveira, tomou posse em solenidade no Pal\u00e1cio do Planalto nesta semana.<\/p>\n\n\n\n<ul class=\"wp-block-list\"><li><strong>Adquira:\u00a0<\/strong><a href=\"https:\/\/www.novaconcursos.com.br\/concurso\/inss-instituto-nacional-do-seguro-social\/apostila\">Apostila Concurso INSS<\/a><\/li><li><strong>Adquira:<\/strong>\u00a0<a href=\"https:\/\/www.novaconcursos.com.br\/concurso\/inss-instituto-nacional-do-seguro-social\/curso-online\">Curso Online Concurso INSS<\/a><\/li><\/ul><p><\/p>\n\n\n\n<p>Assim, ele <strong>mostrou otimista pela autoriza\u00e7\u00e3o e realiza\u00e7\u00e3o<\/strong> do <a href=\"https:\/\/www.novaconcursos.com.br\/portal\/concursos-previstos\/nacional\">concurso <\/a>ainda este ano. No entanto, a oferta de vagas seria menor do que a solicitada ao Minist\u00e9rio da Economia. <\/p>\n\n\n\n<p><em>\u201cExiste um di\u00e1logo para que haja concurso p\u00fablico, sim, neste ano. Talvez, n\u00e3o no n\u00famero que a gente solicitou, de 7,5 mil\u201d<\/em>, afirmou.<\/p>\n\n\n\n<p>Vale destacar que o novo ministro <strong>presidiu o INSS desde novembro de 2021 <\/strong>e pela qual foi servidor de carreira desde 1985. <\/p>\n\n\n\n<p>O antigo<strong>\u00a0ministro do Trabalho e Previd\u00eancia<\/strong>, Onyx Lorenzoni, havia afirmado que at\u00e9 o dia 22 de mar\u00e7o seria informado se o concurso aconteceria ou n\u00e3o em 2022. Entretanto, n\u00e3o foi o que aocnteceu.<\/p>\n\n\n\n<h3 class=\"wp-block-heading\">Reuni\u00e3o com a Fenasps <\/h3>\n\n\n\n<p>Logo ap\u00f3s a posse,\u00a0o ministro <strong>recebeu representantes <\/strong>da Federa\u00e7\u00e3o Nacional dos Sindicatos dos Trabalhadores da Sa\u00fade, Trabalho, Previd\u00eancia e Assist\u00eancia Social (Fenasps).<\/p>\n\n\n\n<p>Isso porque os servidores est\u00e3o em <strong>greve desde 23 de mar\u00e7o<\/strong>, em 23 unidades\u00a0federativas (22 estados e o Distrito Federal). Com isso, o ministro espera resolver logo a situa\u00e7\u00e3o e lan\u00e7ar o <a href=\"https:\/\/www.novaconcursos.com.br\/portal\/concursos-abertos\/nacional\">concurso<\/a>.<\/p>\n\n\n\n<p>De acordo com a Federa\u00e7\u00e3o, o\u00a0<strong>novo ministro n\u00e3o indicou uma data<\/strong> para uma reuni\u00e3o com a categoria, que apenas entregou suas reivindica\u00e7\u00f5es.<\/p>\n\n\n\n<p><em>\u201cN\u00e3o tem uma negocia\u00e7\u00e3o definida ainda, eles disseram que v\u00e3o tentar mediar, porque sabem que se o INSS n\u00e3o tiver concurso, em m\u00e9dio prazo, vai dar um locaute total\u201d<\/em>, disse Moacir Lopes, diretor de Administra\u00e7\u00e3o e Finan\u00e7as da Fenasps.<\/p>\n\n\n\n<p>Assim, na \u00faltima quarta-feira (30), os <strong>servidores do INSS completaram uma semana de greve<\/strong>. Entretanto, ainda n\u00e3o h\u00e1 um prazo para o fim da paralisa\u00e7\u00e3o.<\/p>\n\n\n\n<p><em>\u201cAo contr\u00e1rio do compromisso original, firmado ap\u00f3s a primeira mobiliza\u00e7\u00e3o da Carreira, o Governo informou que j\u00e1 n\u00e3o atenderia mais todas as reivindica\u00e7\u00f5es da categoria e que pontos essenciais como o reajuste salarial e a promo\u00e7\u00e3o de concurso p\u00fablico seriam abandonados\u201d<\/em>, disse\u00a0a Associa\u00e7\u00e3o Nacional dos M\u00e9dicos Peritos da Previd\u00eancia Social (ANMP) ao anunciar a nova greve.<\/p>\n\n\n\n<h2 class=\"wp-block-heading\" id=\"pedido-para-mais-de-7-mil-vagas\"><strong>Pedido \u00e9 para mais de 7 mil vagas<\/strong><\/h2>\n\n\n\n<p>Ademais, o pedido que est\u00e1 sendo analisado pelo Minist\u00e9rio da Economia \u00e9 para preenchimento de\u00a0<strong>7.575 vagas\u00a0<\/strong>em todo o pa\u00eds. <\/p>\n\n\n\n<p>Entretanto, como disse o novo ministro, <strong>o aval pode ser menor.<\/strong> Portanto, confira o que se espera da autoriza\u00e7\u00e3o ainda sem a diminui\u00e7\u00e3o:<\/p>\n\n\n\n<ul class=\"wp-block-list\"><li><strong>T\u00e9cnico do Seguro Social \u2013 n\u00edvel m\u00e9dio \u2013 R$5.447,78<\/strong><ul><li>An\u00e1lise Reconhecimento de Direito RGPS (2.938 vagas)<\/li><li>Combate \u00e0 Fraude (734)<\/li><li>Servi\u00e7o de<ul><li>Apoio ao Reconhecimento de Direito (216)<\/li><li>Atendimento de Demandas Judiciais (40)<\/li><li>Cobran\u00e7a Administrativa (34)<\/li><\/ul><\/li><li>An\u00e1lise Reconhecimento de Direito RPPS (46)<\/li><li>Recomposi\u00e7\u00e3o do Quadro de Aposentados at\u00e9 2023 (1.996)<\/li><\/ul><\/li><li><strong>Analista do Seguro Social \u2013 n\u00edvel superior \u2013 R$8.357,07<\/strong><ul><li>Servi\u00e7o Social (463 vagas)<\/li><li>Reabilita\u00e7\u00e3o Profissional (702)<\/li><li>Recomposi\u00e7\u00e3o do Quadro de Aposentados at\u00e9 2023 (406)<\/li><\/ul><\/li><\/ul><p><\/p>\n\n\n\n<figure class=\"wp-block-image size-large\"><a href=\"https:\/\/www.novaconcursos.com.br\/eventos\/assinatura\" target=\"_blank\" rel=\"noreferrer noopener\"><img decoding=\"async\" src=\"https:\/\/www.novaconcursos.com.br\/portal\/wp-content\/uploads\/2022\/01\/Faixa-Frete-Gr%E2%80%A0tis-portal.png\" alt=\"assinatura completa\" class=\"wp-image-153078\" loading=\"lazy\" title=\"\"><\/a><figcaption><\/figcaption><\/figure>","protected":false},"excerpt":{"rendered":"<p>Boas not\u00edcias concurseiros! O novo Ministro do Trabalho e Previd\u00eancia (MTP), Jos\u00e9 Carlos Oliveira, tomou posse e disse que est\u00e1 otimista pela autoriza\u00e7\u00e3o e realiza\u00e7\u00e3o do concurso INSS. Foram requisitadas\u00a07.575 vagas, mas a autoriza\u00e7\u00e3o deve ser menor! Confira:\u00a0Guia como montar um mapa mental (Gr\u00e1tis) Estude para o concurso dos seus sonhos com a\u00a0Assinatura Completa da [&hellip;]<\/p>\n","protected":false},"author":54671,"featured_media":155656,"comment_status":"closed","ping_status":"closed","sticky":false,"template":"","format":"standard","meta":{"_acf_changed":false,"footnotes":"","_wp_rev_ctl_limit":""},"categories":[228],"tags":[],"class_list":["post-158666","post","type-post","status-publish","format-standard","has-post-thumbnail","hentry","category-noticias"],"acf":[],"_links":{"self":[{"href":"https:\/\/www.novaconcursos.com.br\/portal\/wp-json\/wp\/v2\/posts\/158666","targetHints":{"allow":["GET"]}}],"collection":[{"href":"https:\/\/www.novaconcursos.com.br\/portal\/wp-json\/wp\/v2\/posts"}],"about":[{"href":"https:\/\/www.novaconcursos.com.br\/portal\/wp-json\/wp\/v2\/types\/post"}],"author":[{"embeddable":true,"href":"https:\/\/www.novaconcursos.com.br\/portal\/wp-json\/wp\/v2\/users\/54671"}],"replies":[{"embeddable":true,"href":"https:\/\/www.novaconcursos.com.br\/portal\/wp-json\/wp\/v2\/comments?post=158666"}],"version-history":[{"count":7,"href":"https:\/\/www.novaconcursos.com.br\/portal\/wp-json\/wp\/v2\/posts\/158666\/revisions"}],"predecessor-version":[{"id":158735,"href":"https:\/\/www.novaconcursos.com.br\/portal\/wp-json\/wp\/v2\/posts\/158666\/revisions\/158735"}],"wp:featuredmedia":[{"embeddable":true,"href":"https:\/\/www.novaconcursos.com.br\/portal\/wp-json\/wp\/v2\/media\/155656"}],"wp:attachment":[{"href":"https:\/\/www.novaconcursos.com.br\/portal\/wp-json\/wp\/v2\/media?parent=158666"}],"wp:term":[{"taxonomy":"category","embeddable":true,"href":"https:\/\/www.novaconcursos.com.br\/portal\/wp-json\/wp\/v2\/categories?post=158666"},{"taxonomy":"post_tag","embeddable":true,"href":"https:\/\/www.novaconcursos.com.br\/portal\/wp-json\/wp\/v2\/tags?post=158666"}],"curies":[{"name":"wp","href":"https:\/\/api.w.org\/{rel}","templated":true}]}}