{"id":158775,"date":"2022-04-04T11:28:24","date_gmt":"2022-04-04T14:28:24","guid":{"rendered":"https:\/\/www.novaconcursos.com.br\/portal\/?p=158775"},"modified":"2022-04-04T17:27:21","modified_gmt":"2022-04-04T20:27:21","slug":"concurso-pm-am-resultado-final-objetiva","status":"publish","type":"post","link":"https:\/\/www.novaconcursos.com.br\/portal\/noticias\/concurso-pm-am-resultado-final-objetiva\/","title":{"rendered":"Concurso PM AM: Divulgado o resultado final da prova objetiva!"},"content":{"rendered":"<p>Atualiza\u00e7\u00f5es sobre o <a href=\"https:\/\/www.novaconcursos.com.br\/portal\/concursos\/concurso-pm-am\/\">concurso PM AM!<\/a> Foram divulgados os <strong>resultados finais da prova objetiva<\/strong> da sele\u00e7\u00e3o, bem como a convoca\u00e7\u00e3o para a segunda etapa avaliativa do concurso, de <strong>prova discursiva e reda\u00e7\u00e3o. <\/strong>Ademais, vale recordar que o edital oferta <strong>1.350 oportunidades.<\/strong><\/p>\n\n\n\n<ul class=\"wp-block-list\"><li><strong>Confira: <\/strong><a href=\"https:\/\/www.novaconcursos.com.br\/eventos\/guia-definitivo-como-montar-um-mapa-mental\/\" target=\"_blank\" rel=\"noreferrer noopener\" aria-label=\" (abre numa nova aba)\">Como montar um mapa mental \u2013 Gr\u00e1tis<\/a><\/li><\/ul><p><\/p>\n\n\n\n<p>Sendo assim, a banca organizadora do concurso da Pol\u00edcia Militar do Amazonas divulgou o<strong> resultado final <\/strong>das provas objetivas e a <strong>convoca\u00e7\u00e3o para a prova discursiva e de reda\u00e7\u00e3o<\/strong>. Ademais, vale destacar que realizar\u00e3o a segunda etapa todos os aprovados na primeira.<\/p>\n\n\n\n<ul class=\"wp-block-list\"><li><strong>Adquira: <\/strong><a href=\"https:\/\/www.novaconcursos.com.br\/concurso\/pm-am-policia-militar-do-amazonas\/apostila\">Apostila Concurso PM AM<\/a><\/li><li><strong>Adquira:<\/strong> <a href=\"https:\/\/www.novaconcursos.com.br\/concurso\/pm-am-policia-militar-do-amazonas\/curso-online\">Curso Online Concurso PM AM<\/a><\/li><\/ul><p><\/p>\n\n\n\n<p>Al\u00e9m disso, \u00e9 importante recordar que o concurso oferta <strong>1.350 oportunidades<\/strong> entre carreiras de n\u00edveis m\u00e9dio e superior. Ademais, os inscritos na sele\u00e7\u00e3o ainda dever\u00e3o enfrentar <strong>outras etapas avaliativas, <\/strong>portanto, confira todos os detalhes a seguir!<\/p>\n\n\n\n<p>Estude para o concurso dos seus sonhos com a <a rel=\"noreferrer noopener\" aria-label=\"Assinatura Completa da Nova. (abre numa nova aba)\" href=\"https:\/\/aprovacao.novaconcursos.com.br\/assinatura\" target=\"_blank\">Assinatura Completa da Nova.<\/a> Tenha acesso a <strong>Cursos, Plataforma de Quest\u00f5es, Eventos Exclusivos<\/strong> para Assinantes e Muito Mais!<\/p>\n\n\n\n<h2 class=\"wp-block-heading\" id=\"concurso-pm-am-resultado-e-convocao\"><strong>Concurso PM AM: resultado e convoca\u00e7\u00e3o<\/strong><\/h2>\n\n\n\n<p>Primeiramente, \u00e9 de suma import\u00e2ncia que os candidatos do concurso PM AM saibam que os <strong>resultados finais<\/strong> <strong>das provas objetivas<\/strong> da sele\u00e7\u00e3o j\u00e1 podem ser consultados no site da<strong> banca organizadora <\/strong>do certame, a <a href=\"https:\/\/conhecimento.fgv.br\/concursos\/pmam21\" target=\"_blank\" rel=\"noreferrer noopener\" aria-label=\"FGV (abre numa nova aba)\">FGV<\/a> (Funda\u00e7\u00e3o Get\u00falio Vargas).<\/p>\n\n\n\n<p>Al\u00e9m disso, a banca tamb\u00e9m j\u00e1 divulgou a<strong> convoca\u00e7\u00e3o<\/strong> dos aprovados para a etapa de <strong>prova discursiva e reda\u00e7\u00e3o<\/strong>, que ocorrer\u00e1 no dia <strong>22 de maio<\/strong>, bem como todos os detalhes acerca dessa avalia\u00e7\u00e3o.<\/p>\n\n\n\n<p>Sendo assim, a aplica\u00e7\u00e3o dessa prova ocorrer\u00e1 das 13h \u00e0s 15h para <strong>n\u00edvel m\u00e9dio<\/strong> e das 17h \u00e0s 19h para <strong>n\u00edvel superior<\/strong>, seguindo o hor\u00e1rio de <strong>Manaus\/AM.<\/strong><\/p>\n\n\n\n<p>Ademais, para essa etapa os concurseiros dever\u00e3o responder a <strong>uma quest\u00e3o dissertativa<\/strong> em at\u00e9 15 linhas, al\u00e9m de elaborar <strong>uma reda\u00e7\u00e3o<\/strong> que dever\u00e1 possuir at\u00e9 30 linhas.<\/p>\n\n\n\n<p>Al\u00e9m disso, para Aluno Soldado e Aluno Oficial a avalia\u00e7\u00e3o ser\u00e1 acerca dos temas englobados pela disciplina de<strong> Legisla\u00e7\u00e3o Institucional, <\/strong>enquanto para Aluno Oficial de Sa\u00fade o conte\u00fado ser\u00e1 sobre os <strong>Conhecimentos Espec\u00edficos.<\/strong><\/p>\n\n\n\n<p>Nesse sentido, os resultados finais das <strong>provas objetivas<\/strong> podem ser conferidos <a rel=\"noreferrer noopener\" aria-label=\"aqui, (abre numa nova aba)\" href=\"https:\/\/conhecimento.fgv.br\/sites\/default\/files\/concursos\/195_pmam_-_resultado_definitivo_prova_objetiva_2022-03-31.pdf\" target=\"_blank\">aqui,<\/a> enquanto a convoca\u00e7\u00e3o e os detalhes acerca da <strong>prova discursiva e de reda\u00e7\u00e3o <\/strong>podem ser consultados <a href=\"https:\/\/conhecimento.fgv.br\/sites\/default\/files\/concursos\/_convocacao_pmam_discursiva_.pdf\" target=\"_blank\" rel=\"noopener\">aqui.<\/a><br><\/p>\n\n\n\n<h2 class=\"wp-block-heading\" id=\"vagas-cargos-e-salrios\"><strong>Vagas, cargos e sal\u00e1rios<\/strong><\/h2>\n\n\n\n<p>Em suma, o novo concurso da Pol\u00edcia Militar do Amazonas oferta <strong>1.350 vagas <\/strong>entre os cargos de <strong>Soldado<\/strong>, de n\u00edvel m\u00e9dio, e de <strong>Oficial e Oficial de Sa\u00fade,<\/strong> que possuem como exig\u00eancia o n\u00edvel superior.<\/p>\n\n\n\n<p>Ademais, os <strong>sal\u00e1rios inicias<\/strong> a serem recebidos pelos aprovados no <a href=\"https:\/\/www.novaconcursos.com.br\/portal\/concursos-abertos\/am\/\">concurso<\/a> p\u00fablico possuem o valor de <strong>R$ 2.657,28<\/strong> para n\u00edvel m\u00e9dio e <strong>R$ 7.180,34<\/strong> para n\u00edvel superior.<\/p>\n\n\n\n<h2 class=\"wp-block-heading\" id=\"concurso-pm-am-provas\"><strong>Concurso PM AM: provas<\/strong><\/h2>\n\n\n\n<p>Por fim, vale recordar que os candidatos do <a href=\"https:\/\/www.novaconcursos.com.br\/portal\/concursos-previstos\/am\/\">concurso<\/a> PM AM realizaram as <strong>provas objetivas <\/strong>da sele\u00e7\u00e3o no dia <strong>06 de fevereiro,<\/strong> quando responderam a <strong>60 ou 80 quest\u00f5es,<\/strong> a depender do cargo, acerca das seguintes <strong>disciplinas:<\/strong><\/p>\n\n\n\n<p><strong>N\u00edvel m\u00e9dio \u2013 Soldado:<\/strong><\/p>\n\n\n\n<ul class=\"wp-block-list\"><li>L\u00edngua Portuguesa \u2013 10;<\/li><li>Geografia do Amazonas \u2013 10;<\/li><li>Hist\u00f3ria do Amazonas \u2013 10;<\/li><li>Racioc\u00ednio L\u00f3gico Matem\u00e1tico \u2013 10;<\/li><li>No\u00e7\u00f5es de Inform\u00e1tica \u2013 10;<\/li><li>Legisla\u00e7\u00e3o Institucional \u2013 10.<\/li><\/ul><p><\/p>\n\n\n\n<p><strong>N\u00edvel superior \u2013 Oficial:<\/strong><\/p>\n\n\n\n<ul class=\"wp-block-list\"><li>L\u00edngua Portuguesa \u2013 10;<\/li><li>Geografia do Amazonas \u2013 05;<\/li><li>Hist\u00f3ria do Amazonas \u2013 05;<\/li><li>Legisla\u00e7\u00e3o Institucional \u2013 09;<\/li><li>No\u00e7\u00f5es de Inform\u00e1tica \u2013 05;<\/li><li>Direitos:<ul><li>Constitucional \u2013 08;<\/li><\/ul><ul><li>Administrativo \u2013 08;<\/li><\/ul><ul><li>Penal Militar \u2013 06;<\/li><\/ul><ul><li>Processual Penal Militar \u2013 06;<\/li><\/ul><ul><li>Penal \u2013 06;<\/li><\/ul><ul><li>Processual Penal \u2013 04;<\/li><\/ul><\/li><li>Legisla\u00e7\u00e3o Especial Penal \u2013 04;<\/li><li>Direitos Humanos \u2013 04.<\/li><\/ul><p><\/p>\n\n\n\n<p><strong>N\u00edvel superior \u2013 Oficial de\nSa\u00fade:<\/strong><\/p>\n\n\n\n<ul class=\"wp-block-list\"><li>L\u00edngua Portuguesa \u2013 15;<\/li><li>Legisla\u00e7\u00e3o e SUS \u2013 10;<\/li><li>Legisla\u00e7\u00e3o Institucional \u2013 05;<\/li><li>Geografia do Amazonas \u2013 05;<\/li><li>Hist\u00f3ria do Amazonas \u2013 05;<\/li><li>Conhecimentos Espec\u00edficos \u2013 40.<\/li><\/ul><p><\/p>\n\n\n\n<p>Al\u00e9m disso, \u00e9 de suma import\u00e2ncia frisar que <strong>ap\u00f3s a etapa de prova discursiva e reda\u00e7\u00e3o<\/strong>, para a qual os aprovados na primeira etapa j\u00e1 foram convocados, os candidatos da sele\u00e7\u00e3o <strong>ainda dever\u00e3o passar por:<\/strong><\/p>\n\n\n\n<ul class=\"wp-block-list\"><li>Avalia\u00e7\u00e3o M\u00e9dica;<\/li><li>Exame de Aptid\u00e3o F\u00edsica;<\/li><li>Avalia\u00e7\u00e3o Psicol\u00f3gica;<\/li><li>Sindic\u00e2ncia de Vida Pregressa e Investiga\u00e7\u00e3o Social;<\/li><li>Entrega de Documentos.<\/li><\/ul><p><\/p>\n\n\n\n<p>\u00a0Estudou com a Nova Concursos e foi APROVADO? <strong>Queremos falar com voc\u00ea! <\/strong>Entre em contato<a href=\"https:\/\/docs.google.com\/forms\/d\/e\/1FAIpQLScvH0cAbZsXZIyVM9Siv7Z2LDCLgZZ4aUWRgrFF5i3xINmwJQ\/viewform\" target=\"_blank\" rel=\"noreferrer noopener\" aria-label=\" (abre numa nova aba)\"> clicando aqui!\u00a0<\/a><br><\/p>\n\n\n\n<p><\/p>\n\n\n\n<figure class=\"wp-block-image size-large\"><a href=\"https:\/\/aprovacao.novaconcursos.com.br\/assinatura\" target=\"_blank\" rel=\"noreferrer noopener\"><img decoding=\"async\" src=\"https:\/\/www.novaconcursos.com.br\/portal\/wp-content\/uploads\/2022\/01\/Faixa-Frete-Gr%E2%80%A0tis-portal.png\" alt=\"assinatura completa\" class=\"wp-image-153078\" loading=\"lazy\" title=\"\"><\/a><figcaption><\/figcaption><\/figure>","protected":false},"excerpt":{"rendered":"<p>Atualiza\u00e7\u00f5es sobre o concurso PM AM! Foram divulgados os resultados finais da prova objetiva da sele\u00e7\u00e3o, bem como a convoca\u00e7\u00e3o para a segunda etapa avaliativa do concurso, de prova discursiva e reda\u00e7\u00e3o. Ademais, vale recordar que o edital oferta 1.350 oportunidades. Confira: Como montar um mapa mental \u2013 Gr\u00e1tis Sendo assim, a banca organizadora do [&hellip;]<\/p>\n","protected":false},"author":54674,"featured_media":157619,"comment_status":"closed","ping_status":"closed","sticky":false,"template":"","format":"standard","meta":{"_acf_changed":false,"footnotes":"","_wp_rev_ctl_limit":""},"categories":[228],"tags":[],"class_list":["post-158775","post","type-post","status-publish","format-standard","has-post-thumbnail","hentry","category-noticias"],"acf":[],"_links":{"self":[{"href":"https:\/\/www.novaconcursos.com.br\/portal\/wp-json\/wp\/v2\/posts\/158775","targetHints":{"allow":["GET"]}}],"collection":[{"href":"https:\/\/www.novaconcursos.com.br\/portal\/wp-json\/wp\/v2\/posts"}],"about":[{"href":"https:\/\/www.novaconcursos.com.br\/portal\/wp-json\/wp\/v2\/types\/post"}],"author":[{"embeddable":true,"href":"https:\/\/www.novaconcursos.com.br\/portal\/wp-json\/wp\/v2\/users\/54674"}],"replies":[{"embeddable":true,"href":"https:\/\/www.novaconcursos.com.br\/portal\/wp-json\/wp\/v2\/comments?post=158775"}],"version-history":[{"count":9,"href":"https:\/\/www.novaconcursos.com.br\/portal\/wp-json\/wp\/v2\/posts\/158775\/revisions"}],"predecessor-version":[{"id":158802,"href":"https:\/\/www.novaconcursos.com.br\/portal\/wp-json\/wp\/v2\/posts\/158775\/revisions\/158802"}],"wp:featuredmedia":[{"embeddable":true,"href":"https:\/\/www.novaconcursos.com.br\/portal\/wp-json\/wp\/v2\/media\/157619"}],"wp:attachment":[{"href":"https:\/\/www.novaconcursos.com.br\/portal\/wp-json\/wp\/v2\/media?parent=158775"}],"wp:term":[{"taxonomy":"category","embeddable":true,"href":"https:\/\/www.novaconcursos.com.br\/portal\/wp-json\/wp\/v2\/categories?post=158775"},{"taxonomy":"post_tag","embeddable":true,"href":"https:\/\/www.novaconcursos.com.br\/portal\/wp-json\/wp\/v2\/tags?post=158775"}],"curies":[{"name":"wp","href":"https:\/\/api.w.org\/{rel}","templated":true}]}}