{"id":158786,"date":"2022-04-04T13:16:01","date_gmt":"2022-04-04T16:16:01","guid":{"rendered":"https:\/\/www.novaconcursos.com.br\/portal\/?p=158786"},"modified":"2022-04-04T17:56:13","modified_gmt":"2022-04-04T20:56:13","slug":"concurso-pericia-oficial-al-edital-ate-15-abril","status":"publish","type":"post","link":"https:\/\/www.novaconcursos.com.br\/portal\/noticias\/concurso-pericia-oficial-al-edital-ate-15-abril\/","title":{"rendered":"Concurso Per\u00edcia Oficial AL: Edital at\u00e9 15\/04, informa Secret\u00e1rio!"},"content":{"rendered":"<p>Novidades para os concurseiros! De acordo com o <strong>Secret\u00e1rio de Planejamento<\/strong> Fabr\u00edcio Marques, o edital do <a href=\"https:\/\/www.novaconcursos.com.br\/portal\/concursos\/concurso-pericia-oficial-al\/\">concurso Per\u00edcia Oficial AL<\/a> ser\u00e1 publicado <strong>at\u00e9 dia 15 de abril. <\/strong>Ademais, o edital para a carreira de <strong>Delegado<\/strong> da PC AL tamb\u00e9m sair\u00e1 <strong>este m\u00eas.<\/strong><\/p>\n\n\n\n<ul class=\"wp-block-list\"><li><strong>Confira: <\/strong><a href=\"https:\/\/www.novaconcursos.com.br\/eventos\/guia-definitivo-como-fazer-uma-boa-revisao\/\" target=\"_blank\" rel=\"noreferrer noopener\" aria-label=\" (abre numa nova aba)\">Como fazer uma boa revis\u00e3o \u2013 Gr\u00e1tis<\/a><\/li><\/ul><p><\/p>\n\n\n\n<p>Portanto, o secret\u00e1rio Fabr\u00edcio Marques anunciou, por meio de suas redes sociais, que o edital do concurso da Per\u00edcia Oficial de Alagoas deve sair <strong>at\u00e9 o dia 15 de abril. <\/strong>Ademais, vale recordar que essa sele\u00e7\u00e3o ofertar\u00e1 <strong>112 oportunidades <\/strong>de n\u00edveis m\u00e9dio e superior.<\/p>\n\n\n\n<p>Al\u00e9m disso, tamb\u00e9m foi informado que o edital para o cargo de<strong> Delegado da Pol\u00edcia Civil <\/strong>do estado dever\u00e1 sair tamb\u00e9m este m\u00eas<strong>, at\u00e9 o dia 29<\/strong>, com a oferta de <strong>40 vagas imediatas.<\/strong> Dessa forma, confira todos os detalhes acerca dos certames!<\/p>\n\n\n\n<p>Estude para o concurso dos seus sonhos com a <a rel=\"noreferrer noopener\" aria-label=\"Assinatura Completa da Nova. (abre numa nova aba)\" href=\"https:\/\/aprovacao.novaconcursos.com.br\/assinatura\" target=\"_blank\">Assinatura Completa da Nova.<\/a> Tenha acesso a <strong>Cursos, Plataforma de Quest\u00f5es, Eventos Exclusivos<\/strong> para Assinantes e Muito Mais!<\/p>\n\n\n\n<h2 class=\"wp-block-heading\" id=\"concurso-percia-oficial-al-detalhes\"><strong>Concurso Per\u00edcia Oficial AL: detalhes<\/strong><\/h2>\n\n\n\n<p>Sendo assim, o edital do concurso Per\u00edcia Oficial AL ser\u00e1 publicado <strong>at\u00e9 o dia 15 de abril, <\/strong>de acordo com o secret\u00e1rio Fabr\u00edcio Marques, que informou na semana passada que <strong>assinou o contrato com a banca<\/strong> organizadora da sele\u00e7\u00e3o, o <a href=\"https:\/\/www.cebraspe.org.br\" target=\"_blank\" rel=\"noreferrer noopener\" aria-label=\"Cebraspe. (abre numa nova aba)\">Cebraspe.<\/a><\/p>\n\n\n\n<p>Nesse sentido, o processo seletivo ofertar\u00e1 <strong>112 oportunidades<\/strong> entre cargos de <strong>n\u00edveis m\u00e9dio e superior,<\/strong> de forma que as vagas s\u00e3o distribu\u00eddas entre as seguintes carreiras e especialidades:<\/p>\n\n\n\n<p><strong>N\u00edvel M\u00e9dio<\/strong><\/p>\n\n\n\n<ul class=\"wp-block-list\"><li>T\u00e9cnico Forense<\/li><\/ul><p><\/p>\n\n\n\n<p><strong>N\u00edvel Superior<\/strong><\/p>\n\n\n\n<ul class=\"wp-block-list\"><li>Perito M\u00e9dico-Legista<\/li><li>Perito Odontolegista<\/li><li>Papiloscopista<\/li><li>Perito Criminal, nas especialidades:<ul><li>Ci\u00eancias Cont\u00e1beis\/Ci\u00eancias Econ\u00f4micas;<\/li><\/ul><ul><li>Engenharia El\u00e9trica\/Eletr\u00f4nica\/de Redes de Comunica\u00e7\u00e3o ou de Telecomunica\u00e7\u00e3o;<\/li><\/ul><ul><li>An\u00e1lise de Sistemas\/Ci\u00eancias da Computa\u00e7\u00e3o\/Engenharia da Computa\u00e7\u00e3o\/Inform\u00e1tica\/Tecnologia de Processamento de Dados ou Sistemas de Informa\u00e7\u00e3o;<\/li><\/ul><ul><li>Engenharia Agron\u00f4mica\/Qu\u00edmica\/Bioqu\u00edmica\/Qu\u00edmica Industrial;<\/li><\/ul><ul><li>Engenharia Civil\/Mec\u00e2nica\/Mecatr\u00f4nica;<\/li><\/ul><ul><li>Biomedicina\/Ci\u00eancias Biol\u00f3gicas;<\/li><\/ul><ul><li>F\u00edsica;<\/li><\/ul><ul><li>Medicina Veterin\u00e1ria; e, por fim,<\/li><\/ul><ul><li>Farm\u00e1cia.<\/li><\/ul><\/li><\/ul><p><\/p>\n\n\n\n<p>Al\u00e9m disso, vale destacar que os aprovados no <a href=\"https:\/\/www.novaconcursos.com.br\/portal\/concursos-previstos\/al\/\">concurso p\u00fablico<\/a> contar\u00e3o com <strong>sal\u00e1rios iniciais<\/strong> no valor de<strong> R$ 7.320,77<\/strong> para Perito.<\/p>\n\n\n\n<p>Ademais, com base no \u00faltimo concurso, realizado<strong> em 2013<\/strong> tamb\u00e9m sob organiza\u00e7\u00e3o do <strong>Cebraspe<\/strong>, \u00e9 poss\u00edvel que as provas objetivas da sele\u00e7\u00e3o possuam <strong>120 quest\u00f5es<\/strong> sobre as <strong>disciplinas<\/strong> a seguir:<\/p>\n\n\n\n<ul class=\"wp-block-list\"><li>L\u00edngua Portuguesa;<\/li><li>No\u00e7\u00f5es de Inform\u00e1tica;<\/li><li>Racioc\u00ednio L\u00f3gico;<\/li><li>\u00c9tica no Servi\u00e7o P\u00fablico; e<\/li><li>No\u00e7\u00f5es de Direito Processual Penal.<\/li><\/ul><p><\/p>\n\n\n\n<h2 class=\"wp-block-heading\" id=\"edital-para-delegado-tambm-sai-este-ms\"><strong>Edital para Delegado tamb\u00e9m sai este m\u00eas<\/strong><\/h2>\n\n\n\n<p>\u00c9 igualmente importante refor\u00e7ar que, como mencionado anteriormente, o edital para o cargo de <strong>Delegado<\/strong> do <a href=\"https:\/\/www.novaconcursos.com.br\/portal\/concursos\/concurso-pc-al\/\">concurso PC AL<\/a> tamb\u00e9m ser\u00e1 publicado <strong>este m\u00eas <\/strong>sob organiza\u00e7\u00e3o do Cebraspe, <strong>at\u00e9 o dia 29.<\/strong><\/p>\n\n\n\n<p>Ademais, essa sele\u00e7\u00e3o ofertar\u00e1<strong> 40 vagas imediatas,<\/strong> al\u00e9m de oportunidades em cadastro reserva, para o cargo que tem como requisito o Bacharel em Direito e <strong>remunera\u00e7\u00f5es<\/strong> no valor de <strong>R$ 21.895,96.<\/strong><\/p>\n\n\n\n<p>Al\u00e9m disso, \u00e9 essencial que os concurseiros interessados nesse edital saibam que o que se prev\u00ea \u00e9 que as<strong> etapas avaliativas<\/strong> do processo seletivo sejam as seguintes:<\/p>\n\n\n\n<ul class=\"wp-block-list\"><li>Provas objetivas;<\/li><li>Prova discursiva;<\/li><li>Teste de capacidade f\u00edsica;<\/li><li>Exames laboratoriais e m\u00e9dicos;<\/li><li>Avalia\u00e7\u00e3o Psicol\u00f3gica;<\/li><li>Investiga\u00e7\u00e3o social;<\/li><li>Avalia\u00e7\u00e3o de t\u00edtulos.<\/li><\/ul><p><\/p>\n\n\n\n<p>Nesse sentido, as provas objetivas do <a href=\"https:\/\/www.novaconcursos.com.br\/portal\/concursos-abertos\/al\/\">concurso<\/a> contar\u00e3o com <strong>120 quest\u00f5es<\/strong> de m\u00faltipla escolha acerca de disciplinas envolvidas nos <strong>Conhecimentos Gerais e Espec\u00edficos<\/strong> do cargo.<\/p>\n\n\n\n<p>Ademais, o que se prev\u00ea \u00e9 que as prova discursiva conte com <strong>03 quest\u00f5es<\/strong> a serem respondidas <strong>em at\u00e9 30 linhas <\/strong>cada uma. <\/p>\n\n\n\n<figure class=\"wp-block-image size-large\"><a href=\"https:\/\/aprovacao.novaconcursos.com.br\/assinatura\" target=\"_blank\" rel=\"noreferrer noopener\"><img decoding=\"async\" src=\"https:\/\/www.novaconcursos.com.br\/portal\/wp-content\/uploads\/2022\/01\/Faixa-Frete-Gr%E2%80%A0tis-portal.png\" alt=\"assinatura completa\" class=\"wp-image-153078\" loading=\"lazy\" title=\"\"><\/a><figcaption><\/figcaption><\/figure>","protected":false},"excerpt":{"rendered":"<p>Novidades para os concurseiros! De acordo com o Secret\u00e1rio de Planejamento Fabr\u00edcio Marques, o edital do concurso Per\u00edcia Oficial AL ser\u00e1 publicado at\u00e9 dia 15 de abril. Ademais, o edital para a carreira de Delegado da PC AL tamb\u00e9m sair\u00e1 este m\u00eas. Confira: Como fazer uma boa revis\u00e3o \u2013 Gr\u00e1tis Portanto, o secret\u00e1rio Fabr\u00edcio Marques [&hellip;]<\/p>\n","protected":false},"author":54674,"featured_media":158083,"comment_status":"closed","ping_status":"closed","sticky":false,"template":"","format":"standard","meta":{"_acf_changed":false,"footnotes":"","_wp_rev_ctl_limit":""},"categories":[228],"tags":[],"class_list":["post-158786","post","type-post","status-publish","format-standard","has-post-thumbnail","hentry","category-noticias"],"acf":[],"_links":{"self":[{"href":"https:\/\/www.novaconcursos.com.br\/portal\/wp-json\/wp\/v2\/posts\/158786","targetHints":{"allow":["GET"]}}],"collection":[{"href":"https:\/\/www.novaconcursos.com.br\/portal\/wp-json\/wp\/v2\/posts"}],"about":[{"href":"https:\/\/www.novaconcursos.com.br\/portal\/wp-json\/wp\/v2\/types\/post"}],"author":[{"embeddable":true,"href":"https:\/\/www.novaconcursos.com.br\/portal\/wp-json\/wp\/v2\/users\/54674"}],"replies":[{"embeddable":true,"href":"https:\/\/www.novaconcursos.com.br\/portal\/wp-json\/wp\/v2\/comments?post=158786"}],"version-history":[{"count":6,"href":"https:\/\/www.novaconcursos.com.br\/portal\/wp-json\/wp\/v2\/posts\/158786\/revisions"}],"predecessor-version":[{"id":158805,"href":"https:\/\/www.novaconcursos.com.br\/portal\/wp-json\/wp\/v2\/posts\/158786\/revisions\/158805"}],"wp:featuredmedia":[{"embeddable":true,"href":"https:\/\/www.novaconcursos.com.br\/portal\/wp-json\/wp\/v2\/media\/158083"}],"wp:attachment":[{"href":"https:\/\/www.novaconcursos.com.br\/portal\/wp-json\/wp\/v2\/media?parent=158786"}],"wp:term":[{"taxonomy":"category","embeddable":true,"href":"https:\/\/www.novaconcursos.com.br\/portal\/wp-json\/wp\/v2\/categories?post=158786"},{"taxonomy":"post_tag","embeddable":true,"href":"https:\/\/www.novaconcursos.com.br\/portal\/wp-json\/wp\/v2\/tags?post=158786"}],"curies":[{"name":"wp","href":"https:\/\/api.w.org\/{rel}","templated":true}]}}