{"id":159245,"date":"2026-04-09T14:01:57","date_gmt":"2026-04-09T17:01:57","guid":{"rendered":"https:\/\/www.novaconcursos.com.br\/portal\/?post_type=nc-public-tender&#038;p=159245"},"modified":"2026-04-10T09:10:03","modified_gmt":"2026-04-10T12:10:03","slug":"concurso-ses-mg","status":"publish","type":"post","link":"https:\/\/www.novaconcursos.com.br\/portal\/concursos\/concurso-ses-mg\/","title":{"rendered":"Concurso SES MG: Provas em maio! 380 vagas!"},"content":{"rendered":"<p>O concurso SES MG \u00e9 a nova sele\u00e7\u00e3o da Secretaria de Estado de Sa\u00fade de Minas Gerais para o provimento de vagas no quadro de servidores da \u00e1rea da sa\u00fade. O edital publicado oferta <strong>380 vagas<\/strong> para o cargo de <strong>Especialista em Pol\u00edticas e Gest\u00e3o da Sa\u00fade (EPGS)<\/strong>, que exige <strong>n\u00edvel superior<\/strong> e conta com sal\u00e1rio inicial de <strong>R$ 4,2 mil<\/strong>, al\u00e9m de benef\u00edcios e estabilidade no servi\u00e7o p\u00fablico estadual.<\/p>\n\n\n\n    <div class=\"nova-resumo-edital\">\n        <h2 class=\"nova-resumo-edital-title\" id=\"resumo-edital\">Resumo Edital<\/h2>\n        <ul class=\"nova-resumo-edital-list nova-menu\"><li>\n                <img decoding=\"async\" width=\"24\" height=\"24\" loading=\"lazy\" src=\"https:\/\/www.novaconcursos.com.br\/portal\/wp-content\/themes\/nova-theme\/includes\/assets\/img\/person.svg\" aria-hidden=\"true\" alt=\"\u00edcone pessoa\" title=\"\"><span>\n                    <b>Vagas: <\/b> 380\n                <\/span>\n            <\/li>\n            <li>\n                <img decoding=\"async\" width=\"24\" height=\"24\" loading=\"lazy\" src=\"https:\/\/www.novaconcursos.com.br\/portal\/wp-content\/themes\/nova-theme\/includes\/assets\/img\/inscricoes.svg\" aria-hidden=\"true\" alt=\"\u00edcone pessoa\" title=\"\"><span>\n                    <b>Per\u00edodo de inscri\u00e7\u00f5es: <\/b> 04\/03\/2026 a 02\/04\/2026\n                <\/span>\n            <\/li>\n            <li>\n                <img decoding=\"async\" width=\"24\" height=\"24\" loading=\"lazy\" src=\"https:\/\/www.novaconcursos.com.br\/portal\/wp-content\/themes\/nova-theme\/includes\/assets\/img\/taxa-inscricao.svg\" aria-hidden=\"true\" alt=\"\u00edcone pessoa\" title=\"\"><span>\n                    <b>Taxa de inscri\u00e7\u00e3o: <\/b> R$59,00\n                <\/span>\n            <\/li>\n            <li>\n                <img decoding=\"async\" width=\"24\" height=\"24\" loading=\"lazy\" src=\"https:\/\/www.novaconcursos.com.br\/portal\/wp-content\/themes\/nova-theme\/includes\/assets\/img\/prova.svg\" aria-hidden=\"true\" alt=\"\u00edcone pessoa\" title=\"\"><span>\n                    <b>Prova: <\/b> 03\/05\/2026\n                <\/span>\n            <\/li>\n            <li>\n                <img decoding=\"async\" width=\"24\" height=\"24\" loading=\"lazy\" src=\"https:\/\/www.novaconcursos.com.br\/portal\/wp-content\/themes\/nova-theme\/includes\/assets\/img\/banca.svg\" aria-hidden=\"true\" alt=\"\u00edcone pessoa\" title=\"\"><span>\n                    <b>Banca: <\/b> IBGP Concursos\n                <\/span>\n            <\/li>\n        <\/ul><div class=\"nova-resumo-edital-baixar\">\n            <a href=\"https:\/\/www.novaconcursos.com.br\/portal\/wp-content\/uploads\/2026\/01\/edital-concurso-ses-mg.pdf\" rel=\"noopener\">\n                Baixe aqui o edital\n            <\/a>\n        <\/div>\n    <\/div>\n\n\n\n<p>As <strong>provas objetiva e discursiva<\/strong> est\u00e3o marcadas para o dia <strong>3 de maio de 2026<\/strong>. Se voc\u00ea ficou interessado(a), continue a leitura e confira todos os detalhes sobre o concurso SES MG!<\/p>\n\n\n\n<h2 class=\"wp-block-heading\" id=\"cronograma-do-concurso-ses-mg\">Cronograma do concurso SES MG<\/h2>\n\n\n\n<p>Confira o cronograma do concurso SES MG com as principais datas:<\/p>\n\n\n\n<ul class=\"wp-block-list\"><li><strong>Per\u00edodo de inscri\u00e7\u00f5es:<\/strong> 4 de mar\u00e7o a 2 de abril de 2026<\/li>\n\n\n\n<li><strong>Solicita\u00e7\u00e3o de isen\u00e7\u00e3o da taxa de inscri\u00e7\u00e3o:<\/strong> 4 a 6 de mar\u00e7o de 2026<\/li>\n\n\n\n<li><strong>\u00daltimo dia para pagamento do boleto:<\/strong> at\u00e9 3 de abril de 2026<\/li>\n\n\n\n<li><strong>Aplica\u00e7\u00e3o das provas objetivas:<\/strong> 3 de maio de 2026<\/li>\n<\/ul><h3 class=\"wp-block-heading\">Retifica\u00e7\u00e3o divulgada<\/h3>\n\n\n\n<ul class=\"wp-block-list\"><li><a href=\"https:\/\/novo.ibgpconcursos.com.br\/rest\/concurso\/download\/edital\/21046\/?file=site\/anexos\/643\/Retifica%E7%E3o%20n%BA01%20-%20assinada%20pelo%20Secr%E9t%E1rio.pdf\" target=\"_blank\" rel=\"noopener\">1\u00aa retifica\u00e7\u00e3o do edital<\/a>\u00a0com mudan\u00e7as na avalia\u00e7\u00e3o da prova discursiva, mun\u00edcipios de aplica\u00e7\u00e3o das provas e cronograma.<\/li>\n<\/ul><figure class=\"wp-block-embed is-type-video is-provider-youtube wp-block-embed-youtube wp-embed-aspect-16-9 wp-has-aspect-ratio\"><div class=\"wp-block-embed__wrapper\">\n<iframe loading=\"lazy\" title=\"Edital SES-MG 2026 - Publicado! An\u00e1lise Completa do Edital\" width=\"500\" height=\"281\" src=\"https:\/\/www.youtube.com\/embed\/spRwtlae1Dg?feature=oembed\" frameborder=\"0\" allow=\"accelerometer; autoplay; clipboard-write; encrypted-media; gyroscope; picture-in-picture; web-share\" referrerpolicy=\"strict-origin-when-cross-origin\" allowfullscreen><\/iframe>\n<\/div><\/figure><h2 class=\"wp-block-heading\" id=\"como-fazer-a-inscrio-no-concurso-ses-mg\">Como fazer a inscri\u00e7\u00e3o no concurso SES MG?<\/h2>\n\n\n\n<p>Os interessados em participar do concurso SES MG se inscreveram a partir das <strong>9h do dia 4 de mar\u00e7o de 2026<\/strong> at\u00e9 as <strong>16h do dia 2 de abril de 2026<\/strong>, exclusivamente pelo site do <strong>IBGP<\/strong> (<a href=\"https:\/\/novo.ibgpconcursos.com.br\/concurso.jsp?cod=643\" data-type=\"link\" data-id=\"https:\/\/novo.ibgpconcursos.com.br\/concurso.jsp?cod=643\" target=\"_blank\" rel=\"noopener\">novo.ibgpconcursos.com.br<\/a>), banca organizadora respons\u00e1vel pelo certame.<\/p>\n\n\n\n<p>Para confirmar a participa\u00e7\u00e3o, o candidato preencheu o formul\u00e1rio eletr\u00f4nico, selecionar a vaga desejada e gerou o Documento de Arrecada\u00e7\u00e3o Estadual (DAE), com <strong>taxa de inscri\u00e7\u00e3o fixa de R$ 59,00<\/strong>. O pagamento foi efetuado at\u00e9 o dia <strong>6 de abril de 2026<\/strong>, conforme o vencimento indicado.<\/p>\n\n\n\n<p>O edital permitiu <strong>apenas uma inscri\u00e7\u00e3o por candidato<\/strong>. Caso seja identificado mais de um registro, ser\u00e1 considerada v\u00e1lida somente a \u00faltima inscri\u00e7\u00e3o realizada.<\/p>\n\n\n\n<p>Candidatos com defici\u00eancia declararam a condi\u00e7\u00e3o no ato da inscri\u00e7\u00e3o e encaminharam o laudo m\u00e9dico (conforme modelo do edital) at\u00e9 o dia 2 de abril de 2026, pelo sistema da banca.<\/p>\n\n\n\n<p>J\u00e1 os candidatos que precisassem solicitar atendimento especial no dia da prova, incluindo lactantes ou uso de nome social, tamb\u00e9m fizeram o pedido durante o per\u00edodo de inscri\u00e7\u00e3o, seguindo as orienta\u00e7\u00f5es disponibilizadas no portal do IBGP.<\/p>\n\n\n\n<p>Segundo o termo de refer\u00eancia que orienta a estrutura\u00e7\u00e3o do certame e o c\u00e1lculo dos custos da sele\u00e7\u00e3o, a expectativa \u00e9 que o concurso SES MG atra\u00edsse cerca de <strong>12 mil candidatos inscritos<\/strong>.<\/p>\n\n\n\n<h3 class=\"wp-block-heading\">Isen\u00e7\u00e3o da taxa de inscri\u00e7\u00e3o<\/h3>\n\n\n\n<p>O edital previu isen\u00e7\u00e3o total da taxa, que foi solicitada entre os dias <strong>4 e 6 de mar\u00e7o de 2026<\/strong>, diretamente no site da banca, mediante <strong>envio da documenta\u00e7\u00e3o comprobat\u00f3ria<\/strong>. Tiveram direito ao benef\u00edcio os candidatos que se enquadrassem em uma das seguintes condi\u00e7\u00f5es:<\/p>\n\n\n\n<ul class=\"wp-block-list\"><li>Doadores regulares de sangue;<\/li>\n\n\n\n<li>Membros de mesa receptora de votos;<\/li>\n\n\n\n<li>Pessoas em situa\u00e7\u00e3o de desemprego;<\/li>\n\n\n\n<li>Inscritos no Cadastro \u00danico para Programas Sociais (Cad\u00danico), como membros de fam\u00edlia de baixa renda.<\/li>\n<\/ul><h2 class=\"wp-block-heading\" id=\"cargo-e-vagas\">Cargo e vagas<\/h2>\n\n\n\n<p>O edital SES MG 2026 prev\u00ea o provimento de <strong>380 vagas<\/strong> para a carreira de <strong>Especialista em Pol\u00edticas e Gest\u00e3o da Sa\u00fade (EPGS)<\/strong>, <strong>N\u00edvel I \u2013 Grau A<\/strong>, al\u00e9m da forma\u00e7\u00e3o de cadastro reserva.<\/p>\n\n\n\n<p>O concurso SES MG contempla diversas \u00e1reas de atua\u00e7\u00e3o, incluindo <strong>Sa\u00fade, Direito, Tecnologia da Informa\u00e7\u00e3o, Gest\u00e3o e Engenharias, Arquitetura e Urbanismo<\/strong>, com oportunidades em especialidades como Enfermagem, Nutri\u00e7\u00e3o, Psicologia, Farm\u00e1cia, Ci\u00eancias Cont\u00e1beis, Jornalismo, Engenharia Civil, entre outras.<\/p>\n\n\n\n<p>As vagas est\u00e3o distribu\u00eddas entre a Unidade Central (Belo Horizonte) e Unidades Regionais de Sa\u00fade (URS) em diferentes munic\u00edpios do estado. Do total, 10% das vagas (38 oportunidades) s\u00e3o reservadas para pessoas com defici\u00eancia (PcD).<\/p>\n\n\n\n<p>Confira a distribui\u00e7\u00e3o das vagas por \u00e1rea de concentra\u00e7\u00e3o, conforme o edital:<\/p>\n\n\n\n<ul class=\"wp-block-list\"><li><strong>Administra\u00e7\u00e3o \/ Gest\u00e3o P\u00fablica \/ Ci\u00eancias do Estado:<\/strong>\n<ul class=\"wp-block-list\"><li>46 vagas de ampla concorr\u00eancia<\/li>\n\n\n\n<li>11 vagas para PcD<\/li>\n\n\n\n<li>Total: 57 vagas + cadastro reserva<\/li>\n<\/ul><\/li>\n\n\n\n<li><strong>Direito:<\/strong>\n<ul class=\"wp-block-list\"><li>35 vagas de ampla concorr\u00eancia<\/li>\n\n\n\n<li>7 vagas para PcD<\/li>\n\n\n\n<li>Total: 42 vagas + cadastro reserva<\/li>\n<\/ul><\/li>\n\n\n\n<li><strong>Enfermagem:<\/strong>\n<ul class=\"wp-block-list\"><li>24 vagas de ampla concorr\u00eancia<\/li>\n\n\n\n<li>5 vagas para PcD<\/li>\n\n\n\n<li>Total: 29 vagas + cadastro reserva<\/li>\n<\/ul><\/li>\n\n\n\n<li><strong>Gradua\u00e7\u00e3o na \u00e1rea da Sa\u00fade (Geral):<\/strong>\n<ul class=\"wp-block-list\"><li>13 vagas de ampla concorr\u00eancia<\/li>\n\n\n\n<li>3 vagas para PcD<\/li>\n\n\n\n<li>Total: 16 vagas + cadastro reserva<\/li>\n<\/ul><\/li>\n\n\n\n<li><strong>Gest\u00e3o de Servi\u00e7os de Sa\u00fade:<\/strong>\n<ul class=\"wp-block-list\"><li>11 vagas de ampla concorr\u00eancia<\/li>\n\n\n\n<li>3 vagas para PcD<\/li>\n\n\n\n<li>Total: 14 vagas + cadastro reserva<\/li>\n<\/ul><\/li>\n\n\n\n<li><strong>Farm\u00e1cia:<\/strong>\n<ul class=\"wp-block-list\"><li>13 vagas de ampla concorr\u00eancia<\/li>\n\n\n\n<li>1 vaga para PcD<\/li>\n\n\n\n<li>Total: 14 vagas + cadastro reserva<\/li>\n<\/ul><\/li>\n\n\n\n<li><strong>Ci\u00eancias Cont\u00e1beis:<\/strong>\n<ul class=\"wp-block-list\"><li>11 vagas de ampla concorr\u00eancia<\/li>\n\n\n\n<li>1 vaga para PcD<\/li>\n\n\n\n<li>Total: 12 vagas + cadastro reserva<\/li>\n<\/ul><\/li>\n\n\n\n<li><strong>Nutri\u00e7\u00e3o:<\/strong>\n<ul class=\"wp-block-list\"><li>4 vagas de ampla concorr\u00eancia<\/li>\n\n\n\n<li>1 vaga para PcD<\/li>\n\n\n\n<li>Total: 5 vagas + cadastro reserva<\/li>\n<\/ul><\/li>\n\n\n\n<li><strong>Arquitetura e Urbanismo:<\/strong>\n<ul class=\"wp-block-list\"><li>4 vagas de ampla concorr\u00eancia<\/li>\n\n\n\n<li>1 vaga para PcD<\/li>\n\n\n\n<li>Total: 5 vagas + cadastro reserva<\/li>\n<\/ul><\/li>\n\n\n\n<li><strong>Psicologia:<\/strong>\n<ul class=\"wp-block-list\"><li>4 vagas de ampla concorr\u00eancia<\/li>\n\n\n\n<li>Total: 4 vagas + cadastro reserva<\/li>\n<\/ul><\/li>\n\n\n\n<li><strong>Medicina:<\/strong>\n<ul class=\"wp-block-list\"><li>3 vagas de ampla concorr\u00eancia<\/li>\n\n\n\n<li>Total: 3 vagas + cadastro reserva<\/li>\n<\/ul><\/li>\n\n\n\n<li><strong>Fisioterapia:<\/strong>\n<ul class=\"wp-block-list\"><li>3 vagas de ampla concorr\u00eancia<\/li>\n\n\n\n<li>Total: 3 vagas + cadastro reserva<\/li>\n<\/ul><\/li>\n\n\n\n<li><strong>Engenharia Civil:<\/strong>\n<ul class=\"wp-block-list\"><li>3 vagas de ampla concorr\u00eancia<\/li>\n\n\n\n<li>Total: 3 vagas + cadastro reserva<\/li>\n<\/ul><\/li>\n\n\n\n<li><strong>Sistemas de Informa\u00e7\u00e3o:<\/strong>\n<ul class=\"wp-block-list\"><li>2 vagas de ampla concorr\u00eancia<\/li>\n\n\n\n<li>Total: 2 vagas + cadastro reserva<\/li>\n<\/ul><\/li>\n\n\n\n<li><strong>Odontologia:<\/strong>\n<ul class=\"wp-block-list\"><li>2 vagas de ampla concorr\u00eancia<\/li>\n\n\n\n<li>Total: 2 vagas + cadastro reserva<\/li>\n<\/ul><\/li>\n\n\n\n<li><strong>Engenharia El\u00e9trica:<\/strong>\n<ul class=\"wp-block-list\"><li>2 vagas de ampla concorr\u00eancia<\/li>\n\n\n\n<li>Total: 2 vagas + cadastro reserva<\/li>\n<\/ul><\/li>\n\n\n\n<li><strong>Pedagogia:<\/strong>\n<ul class=\"wp-block-list\"><li>1 vaga de ampla concorr\u00eancia<\/li>\n\n\n\n<li>Total: 1 vaga + cadastro reserva<\/li>\n<\/ul><\/li>\n\n\n\n<li><strong>Engenharia Mec\u00e2nica:<\/strong>\n<ul class=\"wp-block-list\"><li>1 vaga de ampla concorr\u00eancia<\/li>\n\n\n\n<li>Total: 1 vaga + cadastro reserva<\/li>\n<\/ul><\/li>\n\n\n\n<li><strong>Biologia:<\/strong>\n<ul class=\"wp-block-list\"><li>1 vaga de ampla concorr\u00eancia<\/li>\n\n\n\n<li>Total: 1 vaga + cadastro reserva<\/li>\n<\/ul><\/li>\n\n\n\n<li><strong>Jornalismo:<\/strong>\n<ul class=\"wp-block-list\"><li>1 vaga de ampla concorr\u00eancia<\/li>\n\n\n\n<li>Total: 1 vaga + cadastro reserva<\/li>\n<\/ul><\/li>\n<\/ul><h2 class=\"wp-block-heading\" id=\"quanto-ganha-um-especialista-da-ses-mg\">Quanto ganha um Especialista da SES MG?<\/h2>\n\n\n\n<p>Quem for aprovado no concurso SES MG ingressa diretamente na carreira de <strong>Especialista em Pol\u00edticas e Gest\u00e3o da Sa\u00fade (EPGS)<\/strong>, no <strong>N\u00edvel I \u2013 Grau A<\/strong>, com remunera\u00e7\u00e3o definida para <strong>jornada de 40 horas semanais<\/strong>.<\/p>\n\n\n\n<p>A remunera\u00e7\u00e3o inicial total do cargo \u00e9 de <strong>R$ 4.287,02<\/strong>, composta por vencimento b\u00e1sico de R$ 2.858,01 e Gratifica\u00e7\u00e3o por Atividades de Gest\u00e3o da Sa\u00fade (GAGES) no valor de R$ 1.429,01.<\/p>\n\n\n\n<p>Al\u00e9m do sal\u00e1rio, os servidores tamb\u00e9m recebem <strong>ajuda de custo para alimenta\u00e7\u00e3o<\/strong>, concedida por dia \u00fatil efetivamente trabalhado, conforme o Decreto Estadual n\u00ba 48.113\/2020. O benef\u00edcio \u00e9 dividido em uma parte fixa di\u00e1ria de <strong>R$ 50,00<\/strong> e uma parcela vari\u00e1vel de <strong>R$ 25,00<\/strong>, podendo elevar o aux\u00edlio-alimenta\u00e7\u00e3o para at\u00e9 <strong>R$ 75,00 por dia<\/strong>.<\/p>\n\n\n\n<p>Segundo o edital, a nomea\u00e7\u00e3o ocorre sob o regime estatut\u00e1rio, conforme o Estatuto dos Funcion\u00e1rios P\u00fablicos Civis do Estado. No aspecto previdenci\u00e1rio e assistencial, os servidores ficam vinculados ao IPSEMG, respons\u00e1vel pelo Regime Pr\u00f3prio de Previd\u00eancia e Assist\u00eancia Social dos servidores p\u00fablicos civis de Minas Gerais.<\/p>\n\n\n\n<h2 class=\"wp-block-heading\" id=\"requisitos-do-concurso-ses-mg\">Requisitos do concurso SES MG<\/h2>\n\n\n\n<p>Confira quais s\u00e3o as principais exig\u00eancias da sele\u00e7\u00e3o, previstas no edital:<\/p>\n\n\n\n<ul class=\"wp-block-list\"><li>Possuir diploma de gradua\u00e7\u00e3o em curso superior reconhecido pelo Minist\u00e9rio da Educa\u00e7\u00e3o (MEC), conforme a \u00e1rea de conhecimento da vaga escolhida;<\/li>\n\n\n\n<li>Apresentar registro no \u00f3rg\u00e3o de classe competente, quando exigido por lei para o exerc\u00edcio da profiss\u00e3o, no ato da posse;<\/li>\n\n\n\n<li>Ser brasileiro nato ou naturalizado, ou portugu\u00eas amparado pelo Estatuto de Igualdade;<\/li>\n\n\n\n<li>Estar em pleno gozo dos direitos pol\u00edticos e em dia com as obriga\u00e7\u00f5es eleitorais;<\/li>\n\n\n\n<li>Estar em dia com as obriga\u00e7\u00f5es militares, no caso de candidatos do sexo masculino;<\/li>\n\n\n\n<li>Ter, no m\u00ednimo, 18 anos completos;<\/li>\n\n\n\n<li>Possuir aptid\u00e3o f\u00edsica e mental para o exerc\u00edcio do cargo, comprovada por per\u00edcia m\u00e9dica oficial.<\/li>\n<\/ul><h2 class=\"wp-block-heading\" id=\"o-que-faz-um-especialista-da-ses-mg\">O que faz um Especialista da SES MG?<\/h2>\n\n\n\n<p>O Especialista em Pol\u00edticas e Gest\u00e3o da Sa\u00fade da SES MG desempenha <strong>atividades t\u00e9cnicas e administrativas<\/strong> que exigem n\u00edvel superior, atuando diretamente no suporte e na execu\u00e7\u00e3o das a\u00e7\u00f5es estrat\u00e9gicas da Secretaria.<\/p>\n\n\n\n<p>Na pr\u00e1tica, suas fun\u00e7\u00f5es envolvem:<\/p>\n\n\n\n<ul class=\"wp-block-list\"><li>Execu\u00e7\u00e3o de outras atividades pertinentes \u00e0 sua \u00e1rea espec\u00edfica de forma\u00e7\u00e3o profissional.<\/li>\n\n\n\n<li>Desenvolvimento de pol\u00edticas p\u00fablicas, planejamento e gest\u00e3o em sa\u00fade;<\/li>\n\n\n\n<li>Atua\u00e7\u00e3o em \u00e1reas de regula\u00e7\u00e3o, vigil\u00e2ncia sanit\u00e1ria e epidemiologia;<\/li>\n<\/ul><h2 class=\"wp-block-heading\" id=\"etapas-e-provas-do-concurso-ses-mg\">Etapas e provas do concurso SES MG<\/h2>\n\n\n\n<p>O concurso SES MG para a carreira de Especialista em Pol\u00edticas e Gest\u00e3o da Sa\u00fade ser\u00e1 composto por duas etapas principais, aplicadas no mesmo dia:<\/p>\n\n\n\n<ul class=\"wp-block-list\"><li><strong>Prova objetiva<\/strong>, de car\u00e1ter eliminat\u00f3rio e classificat\u00f3rio;<\/li>\n\n\n\n<li><strong>Prova discursiva<\/strong>, de car\u00e1ter eliminat\u00f3rio e classificat\u00f3rio.<\/li>\n<\/ul><p>As avalia\u00e7\u00f5es ser\u00e3o aplicadas em <strong>3 de maio de 2026<\/strong>, com <strong>dura\u00e7\u00e3o total de 4 horas<\/strong> para realiza\u00e7\u00e3o das duas fases. As provas ocorrer\u00e3o em <strong>Belo Horizonte<\/strong> e em cidades polo de Minas Gerais, conforme o munic\u00edpio sede da vaga escolhida pelo candidato no ato da inscri\u00e7\u00e3o.<\/p>\n\n\n\n<p>Entre os locais previstos para aplica\u00e7\u00e3o est\u00e3o: Pedra Azul, Belo Horizonte, Barbacena, S\u00e3o Jo\u00e3o del-Rei, Divin\u00f3polis, Itabira, Sete Lagoas, Diamantina, Governador Valadares, Coronel Fabriciano, Juiz de Fora, Leopoldina, Montes Claros, Janu\u00e1ria, Pirapora, Passos, Alfenas, Patos de Minas, Ponte Nova, Manhua\u00e7u, Pouso Alegre, Te\u00f3filo Otoni, Uberaba, Uberl\u00e2ndia, Ituiutaba, Una\u00ed e Varginha.<\/p>\n\n\n\n<h3 class=\"wp-block-heading\">Prova objetiva<\/h3>\n\n\n\n<p>A prova objetiva ser\u00e1 aplicada em <strong>3 de maio de 2026<\/strong>, sendo obrigat\u00f3ria para todos os candidatos. A etapa ter\u00e1 car\u00e1ter <strong>eliminat\u00f3rio e classificat\u00f3rio<\/strong> e ser\u00e1 composta por <strong>60 quest\u00f5es de m\u00faltipla escolha<\/strong>, cada uma com quatro alternativas, totalizando <strong>80 pontos<\/strong>.<\/p>\n\n\n\n<p>O conte\u00fado ser\u00e1 dividido entre as seguintes disciplinas:<\/p>\n\n\n\n<ul class=\"wp-block-list\"><li>L\u00edngua Portuguesa: 13 quest\u00f5es, valendo 1 ponto cada;<\/li>\n\n\n\n<li>No\u00e7\u00f5es de Direito: 10 quest\u00f5es, valendo 1 ponto cada;<\/li>\n\n\n\n<li>No\u00e7\u00f5es de Inform\u00e1tica Geral: 5 quest\u00f5es, valendo 1 ponto cada;<\/li>\n\n\n\n<li>Legisla\u00e7\u00e3o do SUS: 12 quest\u00f5es, valendo 1 ponto cada;<\/li>\n\n\n\n<li>Conhecimentos Espec\u00edficos: 20 quest\u00f5es, com peso 2, somando a maior parte da pontua\u00e7\u00e3o.<\/li>\n<\/ul><p>Para ser considerado aprovado, o candidato dever\u00e1 alcan\u00e7ar <strong>no m\u00ednimo 40 pontos<\/strong>, o que corresponde a 50% da pontua\u00e7\u00e3o total, al\u00e9m de <strong>n\u00e3o zerar nenhuma disciplina<\/strong> prevista no edital.<\/p>\n\n\n\n<h3 class=\"wp-block-heading\">Prova discursiva<\/h3>\n\n\n\n<p>A prova discursiva ser\u00e1 realizada no mesmo dia da prova objetiva e tamb\u00e9m possui car\u00e1ter <strong>eliminat\u00f3rio e classificat\u00f3rio<\/strong>. A avalia\u00e7\u00e3o ser\u00e1 composta por <strong>duas quest\u00f5es dissertativas<\/strong>, baseadas na an\u00e1lise de um caso pr\u00e1tico, com respostas que devem ter m\u00ednimo de 3 linhas e m\u00e1ximo de 10 linhas por quest\u00e3o.<\/p>\n\n\n\n<p>A pontua\u00e7\u00e3o m\u00e1xima da etapa ser\u00e1 de 40 pontos, sendo 20 pontos por quest\u00e3o, e ser\u00e1 considerado aprovado o candidato que obtiver <strong>no m\u00ednimo 24 pontos<\/strong>, equivalente a 60% do total.<\/p>\n\n\n\n<p>O edital define ainda que somente ter\u00e3o a prova discursiva corrigida os candidatos aprovados na prova objetiva, respeitando o limite de corre\u00e7\u00e3o de at\u00e9 10 vezes o n\u00famero de vagas imediatas por \u00e1rea de conhecimento.<\/p>\n\n\n\n<p>A corre\u00e7\u00e3o das quest\u00f5es discursivas ser\u00e1 realizada com base em crit\u00e9rios t\u00e9cnicos, considerando aspectos como:<\/p>\n\n\n\n<ul class=\"wp-block-list\"><li>Conhecimento do conte\u00fado e adequa\u00e7\u00e3o da resposta ao tema;<\/li>\n\n\n\n<li>Pertin\u00eancia e relev\u00e2ncia dos argumentos;<\/li>\n\n\n\n<li>Dom\u00ednio da l\u00edngua portuguesa;<\/li>\n\n\n\n<li>Estrutura l\u00f3gica e coer\u00eancia;<\/li>\n\n\n\n<li>Clareza e concis\u00e3o na escrita.<\/li>\n<\/ul><p>Por fim, a homologa\u00e7\u00e3o do resultado final est\u00e1 prevista para ocorrer antes do per\u00edodo de restri\u00e7\u00f5es eleitorais, conforme indicado no cronograma do certame.<\/p>\n\n\n\n<h2 class=\"wp-block-heading\" id=\"o-que-cai-na-prova-do-concurso-ses-mg\">O que cai na prova do concurso SES MG?<\/h2>\n\n\n\n<p>Confira quais ser\u00e3o os principais conte\u00fados cobrados na prova do concurso SES MG:<\/p>\n\n\n\n<p><strong>L\u00edngua Portuguesa<\/strong><\/p>\n\n\n\n<ul class=\"wp-block-list\"><li>Compreens\u00e3o e interpreta\u00e7\u00e3o de textos de diferentes g\u00eaneros<\/li>\n\n\n\n<li>Tipos e g\u00eaneros textuais<\/li>\n\n\n\n<li>Tipologia textual<\/li>\n\n\n\n<li>Fun\u00e7\u00f5es da linguagem<\/li>\n\n\n\n<li>Ortografia oficial<\/li>\n\n\n\n<li>Acentua\u00e7\u00e3o gr\u00e1fica<\/li>\n\n\n\n<li>Emprego do h\u00edfen<\/li>\n\n\n\n<li>Coes\u00e3o e coer\u00eancia textuais<\/li>\n\n\n\n<li>Mecanismos de referencia\u00e7\u00e3o, substitui\u00e7\u00e3o e retomada<\/li>\n\n\n\n<li>Conectores e sequencia\u00e7\u00e3o textual<\/li>\n\n\n\n<li>Tempos e modos verbais<\/li>\n\n\n\n<li>Estrutura morfossint\u00e1tica do per\u00edodo<\/li>\n\n\n\n<li>Classes de palavras<\/li>\n\n\n\n<li>Termos da ora\u00e7\u00e3o<\/li>\n\n\n\n<li>Per\u00edodo simples e composto<\/li>\n\n\n\n<li>Coordena\u00e7\u00e3o e subordina\u00e7\u00e3o<\/li>\n\n\n\n<li>Pontua\u00e7\u00e3o<\/li>\n\n\n\n<li>Concord\u00e2ncia verbal e nominal<\/li>\n\n\n\n<li>Reg\u00eancia verbal e nominal<\/li>\n\n\n\n<li>Emprego do sinal indicativo de crase<\/li>\n\n\n\n<li>Coloca\u00e7\u00e3o pronominal<\/li>\n\n\n\n<li>Reescrita e reestrutura\u00e7\u00e3o de frases, par\u00e1grafos e textos<\/li>\n\n\n\n<li>Significa\u00e7\u00e3o das palavras<\/li>\n\n\n\n<li>Sinon\u00edmia, anton\u00edmia, homon\u00edmia e paron\u00edmia<\/li>\n\n\n\n<li>Substitui\u00e7\u00e3o vocabular e textual<\/li>\n\n\n\n<li>Reorganiza\u00e7\u00e3o sint\u00e1tica<\/li>\n\n\n\n<li>Adequa\u00e7\u00e3o ao g\u00eanero e ao n\u00edvel de formalidade<\/li>\n\n\n\n<li>Figuras de linguagem<\/li>\n\n\n\n<li>Linguagem denotativa e conotativa<\/li>\n<\/ul><p><strong>No\u00e7\u00f5es de Direito<\/strong><\/p>\n\n\n\n<ul class=\"wp-block-list\"><li>Direito Constitucional e Administrativo<\/li>\n\n\n\n<li>Constitui\u00e7\u00e3o da Rep\u00fablica Federativa do Brasil de 1988\n<ul class=\"wp-block-list\"><li>Princ\u00edpios Fundamentais (art. 1\u00ba a 4\u00ba)<\/li>\n\n\n\n<li>Direitos e Garantias Fundamentais (art. 5\u00ba a 17)<\/li>\n\n\n\n<li>Organiza\u00e7\u00e3o pol\u00edtico-administrativa (art. 18 e 19)<\/li>\n\n\n\n<li>Administra\u00e7\u00e3o P\u00fablica (art. 37 a 41)<\/li>\n\n\n\n<li>Poder Executivo (art. 76 a 83)<\/li>\n<\/ul><\/li>\n\n\n\n<li>Constitui\u00e7\u00e3o do Estado de Minas Gerais de 1989\n<ul class=\"wp-block-list\"><li>Servidores P\u00fablicos (art. 20 a 37)<\/li>\n\n\n\n<li>Poder Executivo (art. 83 a 95)<\/li>\n<\/ul><\/li>\n\n\n\n<li>Licita\u00e7\u00f5es e contratos administrativos \u2013 Lei Federal n\u00ba 14.133\/2021\n<ul class=\"wp-block-list\"><li>\u00c2mbito de aplica\u00e7\u00e3o (art. 1\u00ba ao 4\u00ba)<\/li>\n\n\n\n<li>Princ\u00edpios (art. 5\u00ba)<\/li>\n\n\n\n<li>Defini\u00e7\u00f5es (art. 6\u00ba)<\/li>\n\n\n\n<li>Agentes p\u00fablicos (art. 7\u00ba ao 10)<\/li>\n\n\n\n<li>Modalidades de licita\u00e7\u00e3o (art. 28 ao 32)<\/li>\n\n\n\n<li>Processo de contrata\u00e7\u00e3o direta (art. 72 e 73)<\/li>\n\n\n\n<li>Inexigibilidade de licita\u00e7\u00e3o (art. 74)<\/li>\n\n\n\n<li>Dispensa de licita\u00e7\u00e3o (art. 75)<\/li>\n<\/ul><\/li>\n\n\n\n<li>Processo administrativo estadual \u2013 Lei n\u00ba 14.184\/2002<\/li>\n\n\n\n<li>Direitos Humanos\n<ul class=\"wp-block-list\"><li>Declara\u00e7\u00e3o Universal dos Direitos Humanos (Resolu\u00e7\u00e3o n\u00ba 217\/1948 \u2013 ONU)<\/li>\n<\/ul><\/li>\n\n\n\n<li>C\u00f3digo Penal \u2013 Decreto-Lei n\u00ba 2.848\/1940\n<ul class=\"wp-block-list\"><li>Crimes contra a Administra\u00e7\u00e3o P\u00fablica<\/li>\n\n\n\n<li>Crimes cometidos por funcion\u00e1rio p\u00fablico contra a Administra\u00e7\u00e3o (art. 312 ao 327)<\/li>\n\n\n\n<li>Crimes praticados por particular contra a Administra\u00e7\u00e3o (art. 328 ao 337-A)<\/li>\n\n\n\n<li>Crimes em licita\u00e7\u00f5es e contratos administrativos (art. 337-E ao 337-P)<\/li>\n\n\n\n<li>Crimes contra as finan\u00e7as p\u00fablicas (art. 359-A ao 359-H)<\/li>\n<\/ul><\/li>\n\n\n\n<li>Estatuto dos Funcion\u00e1rios P\u00fablicos Civis do Estado de Minas Gerais \u2013 Lei n\u00ba 869\/1952\n<ul class=\"wp-block-list\"><li>Deveres e proibi\u00e7\u00f5es (art. 216 e 217)<\/li>\n<\/ul><\/li>\n\n\n\n<li>Lei Geral de Prote\u00e7\u00e3o de Dados Pessoais \u2013 Lei n\u00ba 13.709\/2018<\/li>\n\n\n\n<li>C\u00f3digo de Conduta \u00c9tica do Agente P\u00fablico \u2013 Decreto Estadual n\u00ba 46.644\/2014<\/li>\n<\/ul><p><strong>No\u00e7\u00f5es de Inform\u00e1tica<\/strong><\/p>\n\n\n\n<ul class=\"wp-block-list\"><li>Sistema operacional Windows 10\n<ul class=\"wp-block-list\"><li>Conceitos b\u00e1sicos<\/li>\n\n\n\n<li>Uso de janelas, menus, barra de tarefas e \u00e1rea de trabalho<\/li>\n\n\n\n<li>Gerenciamento de arquivos e pastas<\/li>\n\n\n\n<li>Compartilhamento de arquivos e uso da \u00e1rea de transfer\u00eancia<\/li>\n\n\n\n<li>Configura\u00e7\u00f5es essenciais (resolu\u00e7\u00e3o de tela, cores, fontes e impressoras)<\/li>\n\n\n\n<li>Windows Explorer<\/li>\n<\/ul><\/li>\n\n\n\n<li>No\u00e7\u00f5es de Internet e Intranet<\/li>\n\n\n\n<li>Utiliza\u00e7\u00e3o de ferramentas, aplicativos e navegadores<\/li>\n\n\n\n<li>Recursos de pesquisa e busca<\/li>\n\n\n\n<li>Princ\u00edpios de Intelig\u00eancia Artificial aplicados a softwares e ferramentas de produtividade<\/li>\n\n\n\n<li>Assistentes virtuais e automa\u00e7\u00e3o de tarefas<\/li>\n\n\n\n<li>Microsoft 365\n<ul class=\"wp-block-list\"><li>Word, Excel, PowerPoint, Teams e Outlook<\/li>\n\n\n\n<li>Elabora\u00e7\u00e3o e edi\u00e7\u00e3o de documentos, planilhas e apresenta\u00e7\u00f5es<\/li>\n\n\n\n<li>Formata\u00e7\u00e3o e organiza\u00e7\u00e3o de conte\u00fados<\/li>\n\n\n\n<li>Colabora\u00e7\u00e3o e comunica\u00e7\u00e3o em equipe<\/li>\n\n\n\n<li>Integra\u00e7\u00e3o entre aplicativos<\/li>\n\n\n\n<li>Uso de recursos inteligentes e autom\u00e1ticos<\/li>\n<\/ul><\/li>\n\n\n\n<li>Seguran\u00e7a da Informa\u00e7\u00e3o\n<ul class=\"wp-block-list\"><li>Prote\u00e7\u00e3o de dados<\/li>\n\n\n\n<li>V\u00edrus, malwares e golpes digitais<\/li>\n\n\n\n<li>Boas pr\u00e1ticas de senhas e prote\u00e7\u00e3o de informa\u00e7\u00f5es sens\u00edveis<\/li>\n\n\n\n<li>Pol\u00edticas de backup e recupera\u00e7\u00e3o de dados<\/li>\n\n\n\n<li>\u00c9tica digital<\/li>\n\n\n\n<li>Seguran\u00e7a em nuvem<\/li>\n\n\n\n<li>Ferramentas e usos de Intelig\u00eancia Artificial<\/li>\n<\/ul><\/li>\n<\/ul><p><strong>Legisla\u00e7\u00e3o do SUS<\/strong><\/p>\n\n\n\n<ul class=\"wp-block-list\"><li>Constitui\u00e7\u00e3o da Rep\u00fablica Federativa do Brasil\n<ul class=\"wp-block-list\"><li>Da sa\u00fade (art. 196 ao 200)<\/li>\n<\/ul><\/li>\n\n\n\n<li>Lei n\u00ba 8.080\/1990\n<ul class=\"wp-block-list\"><li>Organiza\u00e7\u00e3o e funcionamento do Sistema \u00danico de Sa\u00fade (SUS)<\/li>\n<\/ul><\/li>\n\n\n\n<li>Lei Complementar n\u00ba 141\/2012\n<ul class=\"wp-block-list\"><li>Aplica\u00e7\u00e3o de recursos em a\u00e7\u00f5es e servi\u00e7os p\u00fablicos de sa\u00fade<\/li>\n<\/ul><\/li>\n\n\n\n<li>Lei n\u00ba 8.142\/1990\n<ul class=\"wp-block-list\"><li>Participa\u00e7\u00e3o da comunidade na gest\u00e3o do SUS<\/li>\n\n\n\n<li>Transfer\u00eancias intergovernamentais de recursos financeiros<\/li>\n<\/ul><\/li>\n\n\n\n<li>Lei Estadual n\u00ba 13.317\/1999\n<ul class=\"wp-block-list\"><li>C\u00f3digo de Sa\u00fade do Estado de Minas Gerais<\/li>\n<\/ul><\/li>\n\n\n\n<li>Decreto Estadual n\u00ba 45.559\/2011\n<ul class=\"wp-block-list\"><li>Organiza\u00e7\u00e3o e atribui\u00e7\u00f5es do Conselho Estadual de Sa\u00fade (CES)<\/li>\n<\/ul><\/li>\n\n\n\n<li>Princ\u00edpios e diretrizes do SUS\n<ul class=\"wp-block-list\"><li>Universalidade<\/li>\n\n\n\n<li>Integralidade<\/li>\n\n\n\n<li>Equidade<\/li>\n\n\n\n<li>Descentraliza\u00e7\u00e3o<\/li>\n\n\n\n<li>Regionaliza\u00e7\u00e3o<\/li>\n\n\n\n<li>Hierarquiza\u00e7\u00e3o<\/li>\n<\/ul><\/li>\n\n\n\n<li>Organiza\u00e7\u00e3o dos servi\u00e7os de sa\u00fade<\/li>\n\n\n\n<li>Redes de aten\u00e7\u00e3o \u00e0 sa\u00fade<\/li>\n\n\n\n<li>N\u00edveis de complexidade<\/li>\n\n\n\n<li>Normas Operacionais do SUS<\/li>\n\n\n\n<li>Pactos e acordos interfederativos<\/li>\n\n\n\n<li>Financiamento do SUS<\/li>\n\n\n\n<li>Controle social do SUS\n<ul class=\"wp-block-list\"><li>Confer\u00eancias de sa\u00fade<\/li>\n\n\n\n<li>Conselhos de sa\u00fade<\/li>\n\n\n\n<li>Participa\u00e7\u00e3o comunit\u00e1ria<\/li>\n<\/ul><\/li>\n\n\n\n<li>Pol\u00edticas p\u00fablicas de sa\u00fade\n<ul class=\"wp-block-list\"><li>Aten\u00e7\u00e3o b\u00e1sica<\/li>\n\n\n\n<li>Promo\u00e7\u00e3o da sa\u00fade<\/li>\n\n\n\n<li>Vigil\u00e2ncia em sa\u00fade<\/li>\n\n\n\n<li>Humaniza\u00e7\u00e3o<\/li>\n\n\n\n<li>Sa\u00fade mental<\/li>\n\n\n\n<li>Urg\u00eancias e emerg\u00eancias<\/li>\n<\/ul><\/li>\n\n\n\n<li>Direitos dos usu\u00e1rios do SUS<\/li>\n\n\n\n<li>Informa\u00e7\u00e3o em sa\u00fade e transpar\u00eancia<\/li>\n\n\n\n<li>Introdu\u00e7\u00e3o \u00e0 epidemiologia<\/li>\n\n\n\n<li>Vigil\u00e2ncia em sa\u00fade<\/li>\n\n\n\n<li>Indicadores epidemiol\u00f3gicos aplicados ao SUS<\/li>\n\n\n\n<li>Sistemas de informa\u00e7\u00e3o em sa\u00fade<\/li>\n\n\n\n<li>Uso de dados para planejamento e avalia\u00e7\u00e3o das a\u00e7\u00f5es e servi\u00e7os de sa\u00fade<\/li>\n\n\n\n<li>Determinantes sociais do processo sa\u00fade-doen\u00e7a e sua rela\u00e7\u00e3o com as pol\u00edticas de sa\u00fade p\u00fablica<\/li>\n<\/ul><h2 class=\"wp-block-heading\" id=\"materiais-preparatrios-para-o-concurso-ses-mg\">Materiais preparat\u00f3rios para o concurso SES MG<\/h2>\n\n\n\n<p>Conquistar a aprova\u00e7\u00e3o no concurso SES MG exige mais do que dedica\u00e7\u00e3o: \u00e9 fundamental contar com materiais de estudo atualizados, uma rotina organizada e estrat\u00e9gias eficazes de prepara\u00e7\u00e3o.<\/p>\n\n\n\n<p>Na <a href=\"https:\/\/www.novaconcursos.com.br\/\">Nova Concursos<\/a>, voc\u00ea encontra tudo o que precisa para transformar sua prepara\u00e7\u00e3o em resultados. J\u00e1 s\u00e3o mais de <strong>100 mil aprovados<\/strong> em todo o Brasil com o apoio de uma metodologia que combina conte\u00fado completo, linguagem acess\u00edvel e foco nas disciplinas que mais caem.<\/p>\n\n\n\n<p>Encontre os melhores materiais para impulsionar seus estudos e comece agora a trilhar o caminho rumo \u00e0 sua vaga no concurso SES MG!<\/p>\n\n\n\n<div class=\"nova-continue-reading\">Confira: <a href=\"https:\/\/www.novaconcursos.com.br\/concurso\/ses-mg-secretaria-de-estado-de-saude-de-minas-gerais\">Materiais preparat\u00f3rios para o concurso SES MG<\/a><\/div>\n\n\n\n<h3 class=\"wp-block-heading\">Curso Online SES-MG \u2013 Especialista em Pol\u00edticas e Gest\u00e3o da Sa\u00fade (EPGS) \u2013 \u00c1rea de Gest\u00e3o<\/h3>\n\n\n\n<p>O <a href=\"https:\/\/www.novaconcursos.com.br\/concurso\/ses-mg-secretaria-de-estado-de-saude-de-minas-gerais\/cursos-online\">curso online SES-MG<\/a> \u2013 Especialista em Pol\u00edticas e Gest\u00e3o da Sa\u00fade (EPGS), elaborado para diferentes \u00e1reas de atua\u00e7\u00e3o, foi desenvolvido para oferecer uma prepara\u00e7\u00e3o completa e totalmente alinhada ao novo edital publicado do concurso SES MG.<\/p>\n\n\n\n<p>As aulas s\u00e3o ministradas por professores especialistas e organizadas por disciplina e assunto, seguindo a mesma ordem do conte\u00fado program\u00e1tico. Com acesso 100% online, o curso permite que o candidato estude no seu ritmo, de onde quiser, com materiais atualizados e foco total nos temas mais cobrados na prova.<\/p>\n\n\n\n<h3 class=\"wp-block-heading\">Apostila SES-MG \u2013 Especialista em Pol\u00edticas e Gest\u00e3o da Sa\u00fade (EGPS) \u2013 \u00c1reas de Gest\u00e3o, Direito e Sa\u00fade<\/h3>\n\n\n\n<p>A <a href=\"https:\/\/www.novaconcursos.com.br\/concurso\/ses-mg-secretaria-de-estado-de-saude-de-minas-gerais\/apostilas\">apostila SES-MG \u2013 Especialista em Pol\u00edticas e Gest\u00e3o da Sa\u00fade (EPGS)<\/a> foi elaborada conforme o novo edital publicado e re\u00fane o conte\u00fado essencial de forma clara, objetiva e bem organizada, destinada a diferentes \u00e1reas de atua\u00e7\u00e3o.<\/p>\n\n\n\n<p>O material apresenta teoria atualizada, exerc\u00edcios de fixa\u00e7\u00e3o e linguagem acess\u00edvel, facilitando o aprendizado e a revis\u00e3o dos t\u00f3picos mais cobrados na prova. \u00c9 uma op\u00e7\u00e3o pr\u00e1tica e eficiente para quem busca estudar com foco e seguran\u00e7a na prepara\u00e7\u00e3o para o concurso SES-MG.<\/p>\n\n\n\n<h3 class=\"wp-block-heading\">Livro 1.000 Quest\u00f5es Gabaritadas SES MG<\/h3>\n\n\n\n<p>O <a href=\"https:\/\/www.novaconcursos.com.br\/concurso\/ses-mg-secretaria-de-estado-de-saude-de-minas-gerais\">livro 1.000 Quest\u00f5es Gabaritadas SES-MG<\/a> \u00e9 a ferramenta ideal para quem deseja treinar com foco no estilo da banca e nos conte\u00fados mais cobrados do edital. Com quest\u00f5es cuidadosamente selecionadas e organizadas por disciplina e assunto, o material permite praticar de forma direcionada, identificar pontos de melhoria e refor\u00e7ar o aprendizado. <\/p>\n\n\n\n<p>Al\u00e9m disso, conta com gabarito para facilitar a corre\u00e7\u00e3o e tornar sua prepara\u00e7\u00e3o mais eficiente e estrat\u00e9gica para o concurso SES-MG.<\/p>\n\n\n\n<h3 class=\"wp-block-heading\">Mapa de Quest\u00f5es SES MG<\/h3>\n\n\n\n<p>O <a href=\"https:\/\/www.novaconcursos.com.br\/concurso\/ses-mg-secretaria-de-estado-de-saude-de-minas-gerais\/questoes\">Mapa de Quest\u00f5es SES MG<\/a> \u00e9 a ferramenta ideal para quem deseja treinar de forma estrat\u00e9gica e alinhada ao edital. A plataforma re\u00fane quest\u00f5es organizadas por disciplina e assunto, permitindo acompanhar seu desempenho, identificar pontos que precisam de refor\u00e7o e direcionar os estudos com mais efici\u00eancia. <\/p>\n\n\n\n<p>Com pr\u00e1tica constante e an\u00e1lise de resultados, sua prepara\u00e7\u00e3o se torna mais objetiva e focada no que realmente ser\u00e1 cobrado na prova.<\/p>\n\n\n\n<h2 class=\"wp-block-heading\" id=\"\u00faltimo\">Como foi o \u00faltimo concurso da SES MG? <\/h2>\n\n\n\n<p>A \u00faltima sele\u00e7\u00e3o da SES MG foi um processo seletivo simplificado publicado em <strong>2022<\/strong>, sob organiza\u00e7\u00e3o do <a href=\"https:\/\/portal.ibade.selecao.site\/edital\/ver\/23\" target=\"_blank\" rel=\"noopener noreferrer\">IBADE<\/a> (Instituto Brasileiro de Apoio e Desenvolvimento Executivo).<\/p>\n\n\n\n<p>O certame ofertou 278 vagas tempor\u00e1rias de n\u00edvel superior entre uma s\u00e9rie de cargos. Sendo assim, confira as carreiras contempladas pelo edital:<\/p>\n\n\n\n<p><strong>\u00c1rea da Sa\u00fade<\/strong><\/p>\n\n\n\n<ul class=\"wp-block-list\"><li>Medicina \u2013 Oftalmologia;<\/li>\n\n\n\n<li>Medicina \u2013 Oncologia;<\/li>\n\n\n\n<li>Assist\u00eancia Social;<\/li>\n\n\n\n<li>Biomedicina;<\/li>\n\n\n\n<li>Ci\u00eancias Biol\u00f3gicas;<\/li>\n\n\n\n<li>Enfermagem;<\/li>\n\n\n\n<li>Farm\u00e1cia;<\/li>\n\n\n\n<li>Fisioterapia;<\/li>\n\n\n\n<li>Fonoaudiologia;<\/li>\n\n\n\n<li>Medicina Veterin\u00e1ria;<\/li>\n\n\n\n<li>Nutri\u00e7\u00e3o;<\/li>\n\n\n\n<li>\u00c1rea da Sa\u00fade;<\/li>\n\n\n\n<li>Odontologia;<\/li>\n\n\n\n<li>Psicologia;<\/li>\n\n\n\n<li>Terapia Ocupacional.<\/li>\n<\/ul><p><strong>\u00c1rea de Gest\u00e3o<\/strong><\/p>\n\n\n\n<ul class=\"wp-block-list\"><li>Administra\u00e7\u00e3o\/Gest\u00e3o P\u00fablica\/Ci\u00eancias do Estado;<\/li>\n\n\n\n<li>Arquitetura e Urbanismo;<\/li>\n\n\n\n<li>Ci\u00eancias Cont\u00e1beis;<\/li>\n\n\n\n<li>Design Gr\u00e1fico;<\/li>\n\n\n\n<li>Engenharia:\n<ul class=\"wp-block-list\"><li>Ambiental;<\/li>\n\n\n\n<li>Civil;<\/li>\n\n\n\n<li>de Produ\u00e7\u00e3o<\/li>\n\n\n\n<li>El\u00e9trica;<\/li>\n<\/ul><\/li>\n\n\n\n<li>Estat\u00edstica;<\/li>\n\n\n\n<li>Gest\u00e3o Ambiental;<\/li>\n\n\n\n<li>Gest\u00e3o de Servi\u00e7os de Sa\u00fade;<\/li>\n\n\n\n<li>Jornalismo;<\/li>\n\n\n\n<li>Pedagogia.<\/li>\n<\/ul><p><strong>\u00c1rea de TI<\/strong><\/p>\n\n\n\n<ul class=\"wp-block-list\"><li>An\u00e1lise de sistemas;<\/li>\n\n\n\n<li>Ci\u00eancia da Computa\u00e7\u00e3o;<\/li>\n\n\n\n<li>Redes de Computadores;<\/li>\n\n\n\n<li>Seguran\u00e7a da Informa\u00e7\u00e3o;<\/li>\n\n\n\n<li>Sistemas de Informa\u00e7\u00e3o;<\/li>\n\n\n\n<li>Engenharia de Sistemas;<\/li>\n\n\n\n<li>Engenharia de Software.<\/li>\n<\/ul><p><strong>\u00c1rea de Direito<\/strong><\/p>\n\n\n\n<ul class=\"wp-block-list\"><li>Direito.<\/li>\n<\/ul><p>Al\u00e9m disso, os aprovados no concurso p\u00fablico contaram com <strong>remunera\u00e7\u00f5es<\/strong> que variaram entre <strong>R$2.199,65 e R$5.571,15<\/strong>, dependendo do cargo de <strong>n\u00edvel superior<\/strong> escolhido.<\/p>\n\n\n\n<p>Ademais, as jornadas de trabalho dos contratados pela Secretaria variaram entre <strong>20 e 40 horas semanais<\/strong>, de forma que os aprovados puderam optar pelo <strong>regime de teletrabalho,<\/strong> ou seja, o trabalho remoto.<\/p>\n\n\n\n<h3 class=\"wp-block-heading\">Lota\u00e7\u00e3o das vagas do concurso SES MG<\/h3>\n\n\n\n<p>A <strong>lota\u00e7\u00e3o<\/strong> dos aprovados no concurso SES MG foi distribu\u00eddas em <strong>diversas cidades do estado<\/strong>, sendo elas: <\/p>\n\n\n\n<ul class=\"wp-block-list\"><li>Belo Horizonte<\/li>\n\n\n\n<li>Alfenas<\/li>\n\n\n\n<li>Coronel Fabriciano<\/li>\n\n\n\n<li>S\u00e3o Jo\u00e3o Del Rei<\/li>\n\n\n\n<li>Governador Valadares<\/li>\n\n\n\n<li>Uberaba<\/li>\n\n\n\n<li>Barbacena<\/li>\n\n\n\n<li>Diamantina<\/li>\n\n\n\n<li>Pouso Alegre<\/li>\n\n\n\n<li>Uberl\u00e2ndia<\/li>\n\n\n\n<li>Patos de Minas.<\/li>\n\n\n\n<li>Sete Lagoas<\/li>\n\n\n\n<li>Ponte Nova<\/li>\n\n\n\n<li>Leopoldina<\/li>\n\n\n\n<li>Janu\u00e1ria<\/li>\n\n\n\n<li>Pedra Azul<\/li>\n\n\n\n<li>Passos<\/li>\n\n\n\n<li>Varginha<\/li>\n\n\n\n<li>Divin\u00f3polis<\/li>\n\n\n\n<li>Manhua\u00e7u<\/li>\n\n\n\n<li>Juiz de Fora<\/li>\n\n\n\n<li>Ub\u00e1<\/li>\n\n\n\n<li>Montes Claros<\/li>\n\n\n\n<li>Una\u00ed<\/li>\n\n\n\n<li>Te\u00f3filo Otoni<\/li>\n\n\n\n<li>Itabira<\/li>\n<\/ul><h3 class=\"wp-block-heading\">Requisitos para ingresso na SES MG<\/h3>\n\n\n\n<p>Para a <strong>investidura nos cargos,<\/strong> os candidatos tiveram que cumprir com os seguintes <strong>requisitos b\u00e1sicos:<\/strong><\/p>\n\n\n\n<ul class=\"wp-block-list\"><li>Ser brasileiro ou gozar das prerrogativas legais correspondentes;<\/li>\n\n\n\n<li>Ter idade m\u00ednima de 18 anos na data da assinatura do contrato;<\/li>\n\n\n\n<li>Estar quite com a justi\u00e7a eleitoral;<\/li>\n\n\n\n<li>Estar quite com o servi\u00e7o militar;<\/li>\n\n\n\n<li>N\u00e3o ter sofrido, no exerc\u00edcio de fun\u00e7\u00e3o p\u00fablica, penalidade incompat\u00edvel com a nova investidura;<\/li>\n\n\n\n<li>Apresentar atestado de aptid\u00e3o f\u00edsica e mental;<\/li>\n\n\n\n<li>N\u00e3o ter sofrido redu\u00e7\u00e3o de sua capacidade laboral que implique uma limita\u00e7\u00e3o do exerc\u00edcio das fun\u00e7\u00f5es para a qual se candidatar;<\/li>\n\n\n\n<li>N\u00e3o ter v\u00ednculo, por contrato tempor\u00e1rio, com a administra\u00e7\u00e3o p\u00fablica, seus \u00f3rg\u00e3os ou entidades, ainda que haja compatibilidade de hor\u00e1rios, salvo nos casos de acumula\u00e7\u00e3o l\u00edcita, prevista no artigo 37 da Constitui\u00e7\u00e3o Federal;<\/li>\n\n\n\n<li>Comprovar habilita\u00e7\u00e3o m\u00ednima para a vaga para a qual foi selecionado, conforme Anexo I;<\/li>\n\n\n\n<li>N\u00e3o ser aposentado por invalidez;<\/li>\n\n\n\n<li>Comprovar ter o registro ativo no Conselho de Classe, quando necess\u00e1rio, de acordo com o Anexo I;<\/li>\n\n\n\n<li>Ter sido aprovado no Processo Seletivo Simplificado, na forma estabelecida neste Edital, seus Anexos e suas retifica\u00e7\u00f5es;<\/li>\n\n\n\n<li>Atender \u00e0s condi\u00e7\u00f5es previstas no Estatuto do Servidor, Lei n\u00ba 869\/1952.<\/li>\n<\/ul><h3 class=\"wp-block-heading\">Etapas de Sele\u00e7\u00e3o<\/h3>\n\n\n\n<p>Os candidatos foram avaliados por meio de <strong>duas etapas avaliativas<\/strong>, sendo elas de<strong> Prova Objetiva e Teste Psicol\u00f3gico.<\/strong><\/p>\n\n\n\n<p>A prova objetiva foi composta por <strong>80 quest\u00f5es<\/strong> de m\u00faltipla escolha acerca das seguintes <strong>disciplinas:<\/strong><\/p>\n\n\n\n<ul class=\"wp-block-list\"><li>L\u00edngua Portuguesa \u2013 13;<\/li>\n\n\n\n<li>No\u00e7\u00f5es de Direito P\u00fablico \u2013 12;<\/li>\n\n\n\n<li>Sistemas de Informa\u00e7\u00e3o \u2013 Geral \u2013 05;<\/li>\n\n\n\n<li>SUS\/MG \u2013 Geral \u2013 15;<\/li>\n\n\n\n<li>Conhecimentos Espec\u00edficos \u2013 35.<\/li>\n<\/ul><p>Foi considerado como aprovado na prova, que valeu <strong>115 pontos<\/strong>, o candidato que obteve, no m\u00ednimo,<strong> 50% de acertos<\/strong>, al\u00e9m de n\u00e3o ter zerado nenhuma disciplina.<\/p>\n\n\n\n<p>O Teste Psicol\u00f3gico foi um processo realizado mediante o emprego de um <strong>conjunto de procedimentos objetivos<\/strong> e cient\u00edficos, que permitiu identificar se o candidato preenchia os <strong>padr\u00f5es psicol\u00f3gicos exigidos<\/strong> e as caracter\u00edsticas para um melhor desempenho da fun\u00e7\u00e3o.<\/p>\n\n\n\n<p>Portanto, as <strong>compet\u00eancias cognitivas<\/strong> a serem analisadas durante essa etapa foram as de capacidade de trabalho em equipe, iniciativa e comportamento proativo e habilidade de comunica\u00e7\u00e3o.<\/p>\n\n\n\n<p>Al\u00e9m disso, para essa etapa os candidatos foram avaliados em <strong>elevado, adequado e baixo<\/strong>, o que determinou a aprova\u00e7\u00e3o dos inscritos no concurso p\u00fablico.<\/p>\n\n\n\n<h2 class=\"wp-block-heading\" id=\"perguntas-frequentes\">Perguntas frequentes<\/h2>\n\n\n\n<p>Saiba quais s\u00e3o as perguntas frequentes sobre o concurso SES MG:<\/p>\n\n\n<div id=\"rank-math-faq\" class=\"rank-math-block\">\n<div class=\"rank-math-list \">\n<div id=\"faq-question-1750851153830\" class=\"rank-math-list-item\">\n<h3 class=\"rank-math-question \">Quantas vagas o concurso SES MG oferece?<\/h3>\n<div class=\"rank-math-answer \">\n\n<p>O concurso conta com 380 vagas imediatas, conforme divulgado pela pr\u00f3pria Secretaria de Sa\u00fade.<\/p>\n\n<\/div>\n<\/div>\n<div id=\"faq-question-1750851166230\" class=\"rank-math-list-item\">\n<h3 class=\"rank-math-question \">Quais os n\u00edveis de escolaridade exigidos?<\/h3>\n<div class=\"rank-math-answer \">\n\n<p>H\u00e1 oportunidades para candidatos de n\u00edvel superior.<\/p>\n\n<\/div>\n<\/div>\n<div id=\"faq-question-1750851183558\" class=\"rank-math-list-item\">\n<h3 class=\"rank-math-question \">Quais s\u00e3o os sal\u00e1rios no concurso da SES MG?<\/h3>\n<div class=\"rank-math-answer \">\n\n<p>A remunera\u00e7\u00e3o inicial para o cargo de Especialista \u00e9 de R$ 5.937,02.<\/p>\n\n<\/div>\n<\/div>\n<div id=\"faq-question-1750851205518\" class=\"rank-math-list-item\">\n<h3 class=\"rank-math-question \">Haver\u00e1 benef\u00edcios al\u00e9m do sal\u00e1rio?<\/h3>\n<div class=\"rank-math-answer \">\n\n<p>Sim. Os servidores recebem ajuda de custo\/vale-alimenta\u00e7\u00e3o de at\u00e9\u00a0R$ 1.650,00 e vale-transporte regulamentado para todos os cargos.<\/p>\n\n<\/div>\n<\/div>\n<div id=\"faq-question-1750851220989\" class=\"rank-math-list-item\">\n<h3 class=\"rank-math-question \">Qual a jornada de trabalho dos servidores da SES MG?<\/h3>\n<div class=\"rank-math-answer \">\n\n<p>A jornada de trabalho do cargo de Especialista em Pol\u00edticas e Gest\u00e3o da Sa\u00fade\u00a0\u00e9 de 40 horas semanais. <\/p>\n\n<\/div>\n<\/div>\n<\/div>\n<\/div>","protected":false},"excerpt":{"rendered":"<p>Concurso SES MG oferece 380 vagas de n\u00edvel superior! Provas em 3 de maio!<\/p>\n","protected":false},"author":54693,"featured_media":302770,"comment_status":"closed","ping_status":"closed","sticky":false,"template":"","format":"standard","meta":{"_acf_changed":false,"footnotes":"","_wp_rev_ctl_limit":""},"categories":[44999,44948,44945],"tags":[45471,45001],"class_list":["post-159245","post","type-post","status-publish","format-standard","has-post-thumbnail","hentry","category-concursos","category-mg","category-carreira-saude","tag-concursos-ses-mg","tag-concursos-abertos-mg"],"acf":[],"_links":{"self":[{"href":"https:\/\/www.novaconcursos.com.br\/portal\/wp-json\/wp\/v2\/posts\/159245","targetHints":{"allow":["GET"]}}],"collection":[{"href":"https:\/\/www.novaconcursos.com.br\/portal\/wp-json\/wp\/v2\/posts"}],"about":[{"href":"https:\/\/www.novaconcursos.com.br\/portal\/wp-json\/wp\/v2\/types\/post"}],"author":[{"embeddable":true,"href":"https:\/\/www.novaconcursos.com.br\/portal\/wp-json\/wp\/v2\/users\/54693"}],"replies":[{"embeddable":true,"href":"https:\/\/www.novaconcursos.com.br\/portal\/wp-json\/wp\/v2\/comments?post=159245"}],"version-history":[{"count":21,"href":"https:\/\/www.novaconcursos.com.br\/portal\/wp-json\/wp\/v2\/posts\/159245\/revisions"}],"predecessor-version":[{"id":307040,"href":"https:\/\/www.novaconcursos.com.br\/portal\/wp-json\/wp\/v2\/posts\/159245\/revisions\/307040"}],"wp:featuredmedia":[{"embeddable":true,"href":"https:\/\/www.novaconcursos.com.br\/portal\/wp-json\/wp\/v2\/media\/302770"}],"wp:attachment":[{"href":"https:\/\/www.novaconcursos.com.br\/portal\/wp-json\/wp\/v2\/media?parent=159245"}],"wp:term":[{"taxonomy":"category","embeddable":true,"href":"https:\/\/www.novaconcursos.com.br\/portal\/wp-json\/wp\/v2\/categories?post=159245"},{"taxonomy":"post_tag","embeddable":true,"href":"https:\/\/www.novaconcursos.com.br\/portal\/wp-json\/wp\/v2\/tags?post=159245"}],"curies":[{"name":"wp","href":"https:\/\/api.w.org\/{rel}","templated":true}]}}