{"id":159811,"date":"2022-04-25T09:30:08","date_gmt":"2022-04-25T12:30:08","guid":{"rendered":"https:\/\/www.novaconcursos.com.br\/portal\/?p=159811"},"modified":"2025-12-03T09:33:13","modified_gmt":"2025-12-03T12:33:13","slug":"concurso-policia-penal-mg-resultado-provas-discursivas","status":"publish","type":"post","link":"https:\/\/www.novaconcursos.com.br\/portal\/noticias\/concurso-policia-penal-mg-resultado-provas-discursivas\/","title":{"rendered":"Concurso Pol\u00edcia Penal MG: Divulgado o resultado das provas discursivas!"},"content":{"rendered":"<p>Aten\u00e7\u00e3o concurseiros! O <strong>resultado preliminar<\/strong> das provas discursivas do <a href=\"https:\/\/www.novaconcursos.com.br\/portal\/concursos\/policia-penal-mg\/\" data-type=\"link\" data-id=\"https:\/\/www.novaconcursos.com.br\/portal\/concursos\/policia-penal-mg\/\">concurso Pol\u00edcia Penal MG<\/a>\u00a0foi divulgado. S\u00e3o <strong>2.420 vagas<\/strong>\u00a0sendo ofertadas para a carreira de Policial Penal.<\/p>\n\n\n\n<p><\/p>\n\n\n\n<h2 class=\"wp-block-heading\" id=\"concurso-polcia-penal-mg-confira-o-resultado-preliminar\">Concurso Pol\u00edcia Penal MG: confira o resultado preliminar<\/h2>\n\n\n\n<p>Nesse sentido, foram divulgados os\u00a0<strong>resultados preliminares das provas discursivas <\/strong>do concurso Pol\u00edcia Penal de Minas Gerais.<\/p>\n\n\n\n<p>Al\u00e9m disso, foi poss\u00edvel entrar com recurso contra o resultado, entrando, o per\u00edodo j\u00e1 foi encerrado. <\/p>\n\n\n\n<p>Agora, a banca avaliar\u00e1 os recursos e, posteriormente, divulgar\u00e1 o resultado final das provas discursivas no dia 27 de abril.\u00a0\u00a0<\/p>\n\n\n\n<p>Vale destacar que as provas objetivas e discursivas foram aplicadas no dia 13 de mar\u00e7o em v\u00e1rias cidades de Minas Gerais e tamb\u00e9m no Distrito Federal.<\/p>\n\n\n\n<p>Em MG, as <strong>provas aconteceram<\/strong>\u00a0em Barbacena, Belo Horizonte, Curvelo, Divin\u00f3polis, Ipatinga, Governador Valadares, Juiz de Fora, Lavras, Montes Claros, Patos de Minas, Po\u00e7os de Caldas, Pouso Alegre, Te\u00f3filo Otoni, Uberaba, Uberl\u00e2ndia e Una\u00ed.\u00a0 <\/p>\n\n\n\n<h3 class=\"wp-block-heading\">Como foram as provas?<\/h3>\n\n\n\n<p>Ademais, as\u00a0<strong>provas\u00a0<\/strong>objetivas do concurso foram aplicadas com um total de\u00a0<strong>60 quest\u00f5es<\/strong>! Portanto, confira as disciplinas:<\/p>\n\n\n\n<ul class=\"wp-block-list\"><li>10 de L\u00edngua Portuguesa;<\/li>\n\n\n\n<li>5 para Inform\u00e1tica Base;<\/li>\n\n\n\n<li>10 de No\u00e7\u00f5es de Direito;<\/li>\n\n\n\n<li>10 de Direitos Humanos;<\/li>\n\n\n\n<li>20 de Legisla\u00e7\u00e3o Especial; e<\/li>\n\n\n\n<li>5 de Racioc\u00ednio L\u00f3gico.<\/li>\n<\/ul><p><\/p>\n\n\n\n<p>Al\u00e9m disso, foi preciso elaborar uma\u00a0<strong>reda\u00e7\u00e3o\u00a0<\/strong>de no m\u00ednimo 20 e m\u00e1ximo 30 linhas.<\/p>\n\n\n\n<p>Mas, somente<strong>\u00a0tiveram corrigidas as reda\u00e7\u00f5es\u00a0<\/strong>aqueles que obtiverem nota m\u00ednima de 60% dos pontos do total da prova e m\u00ednimo de 40% em cada disciplina.<\/p>\n\n\n\n<h2 class=\"wp-block-heading\" id=\"concurso-polcia-penal-mg-vagas-e-salrios\">Concurso Pol\u00edcia Penal MG: vagas e sal\u00e1rios<\/h2>\n\n\n\n<p>Assim, o concurso da Pol\u00edcia Penal de\u00a0Minas Gerais\u00a0est\u00e1 oferecendo um total de\u00a0<strong>2.420 vagas<\/strong>\u00a0para Policiais Penais, que exige<strong>\u00a0n\u00edvel m\u00e9dio<\/strong>.<\/p>\n\n\n\n<p>Ademais, o sal\u00e1rio inicial da carreira \u00e9 de\u00a0<strong>R$ 4.631,25<\/strong>. Entretanto, isso para jornada de trabalho de<strong>\u00a040 horas\u00a0<\/strong>por semana.<\/p>\n\n\n\n<h2 class=\"wp-block-heading\" id=\"concurso-polcia-penal-mg-taf-acontecer-entre-agosto-e-setemb\">Concurso Pol\u00edcia Penal MG: TAF acontecer\u00e1 entre agosto e setembro<\/h2>\n\n\n\n<p>Ademais, os classificados nas provas ainda ser\u00e3o submetidos a outras cinco etapas. Sendo assim, veja as previs\u00f5es:<\/p>\n\n\n\n<ul class=\"wp-block-list\"><li>Avalia\u00e7\u00f5es de aptid\u00e3o psicol\u00f3gica e psicot\u00e9cnica: 15 de maio<\/li>\n\n\n\n<li>Exames m\u00e9dicos: 4 a 22 de julho.<\/li>\n\n\n\n<li>Prova de condicionamento f\u00edsico (TAF): 17 de agosto a 2 de setembro<\/li>\n\n\n\n<li>Comprova\u00e7\u00e3o de idoneidade e conduta ilibada (investiga\u00e7\u00e3o social): at\u00e9 5 de outubro<\/li>\n\n\n\n<li>Rela\u00e7\u00e3o de Convocados para a Curso de Forma\u00e7\u00e3o T\u00e9cnico-Profissional: 15 de dezembro<\/li>\n\n\n\n<li>Curso de forma\u00e7\u00e3o t\u00e9cnico-profissional: 2023<\/li>\n<\/ul><p><\/p>\n\n\n\n<p>Portanto, o <strong>TAF exigir\u00e1 exerc\u00edcios<\/strong> de teste de flex\u00e3o em barra fixa (para o sexo masculino) e teste est\u00e1tico de barra fixa (para o sexo feminino); teste de flex\u00e3o abdominal.\u00a0<\/p>\n\n\n\n<p>Al\u00e9m disso, haver\u00e1 ainda teste de impuls\u00e3o horizontal; teste de flex\u00e3o de bra\u00e7os no solo; teste de <strong>corrida de 12 minutos.<\/strong><\/p>\n\n\n\n<figure class=\"wp-block-image size-large\"><a href=\"https:\/\/www.novaconcursos.com.br\/eventos\/assinatura\" target=\"_blank\" rel=\"noreferrer noopener\"><img decoding=\"async\" src=\"https:\/\/www.novaconcursos.com.br\/portal\/wp-content\/uploads\/2022\/01\/Faixa-Frete-Gr%E2%80%A0tis-portal.png\" alt=\"assinatura completa\" class=\"wp-image-153078\" loading=\"lazy\" title=\"\"><\/a><figcaption><\/figcaption><\/figure>","protected":false},"excerpt":{"rendered":"<p>Aten\u00e7\u00e3o concurseiros! O resultado preliminar das provas discursivas do concurso Pol\u00edcia Penal MG\u00a0foi divulgado. S\u00e3o 2.420 vagas\u00a0sendo ofertadas para a carreira de Policial Penal. Concurso Pol\u00edcia Penal MG: confira o resultado preliminar Nesse sentido, foram divulgados os\u00a0resultados preliminares das provas discursivas do concurso Pol\u00edcia Penal de Minas Gerais. Al\u00e9m disso, foi poss\u00edvel entrar com recurso [&hellip;]<\/p>\n","protected":false},"author":54671,"featured_media":156324,"comment_status":"closed","ping_status":"closed","sticky":false,"template":"","format":"standard","meta":{"_acf_changed":false,"footnotes":"","_wp_rev_ctl_limit":""},"categories":[228],"tags":[],"class_list":["post-159811","post","type-post","status-publish","format-standard","has-post-thumbnail","hentry","category-noticias"],"acf":[],"_links":{"self":[{"href":"https:\/\/www.novaconcursos.com.br\/portal\/wp-json\/wp\/v2\/posts\/159811","targetHints":{"allow":["GET"]}}],"collection":[{"href":"https:\/\/www.novaconcursos.com.br\/portal\/wp-json\/wp\/v2\/posts"}],"about":[{"href":"https:\/\/www.novaconcursos.com.br\/portal\/wp-json\/wp\/v2\/types\/post"}],"author":[{"embeddable":true,"href":"https:\/\/www.novaconcursos.com.br\/portal\/wp-json\/wp\/v2\/users\/54671"}],"replies":[{"embeddable":true,"href":"https:\/\/www.novaconcursos.com.br\/portal\/wp-json\/wp\/v2\/comments?post=159811"}],"version-history":[{"count":14,"href":"https:\/\/www.novaconcursos.com.br\/portal\/wp-json\/wp\/v2\/posts\/159811\/revisions"}],"predecessor-version":[{"id":298178,"href":"https:\/\/www.novaconcursos.com.br\/portal\/wp-json\/wp\/v2\/posts\/159811\/revisions\/298178"}],"wp:featuredmedia":[{"embeddable":true,"href":"https:\/\/www.novaconcursos.com.br\/portal\/wp-json\/wp\/v2\/media\/156324"}],"wp:attachment":[{"href":"https:\/\/www.novaconcursos.com.br\/portal\/wp-json\/wp\/v2\/media?parent=159811"}],"wp:term":[{"taxonomy":"category","embeddable":true,"href":"https:\/\/www.novaconcursos.com.br\/portal\/wp-json\/wp\/v2\/categories?post=159811"},{"taxonomy":"post_tag","embeddable":true,"href":"https:\/\/www.novaconcursos.com.br\/portal\/wp-json\/wp\/v2\/tags?post=159811"}],"curies":[{"name":"wp","href":"https:\/\/api.w.org\/{rel}","templated":true}]}}