{"id":160001,"date":"2022-04-27T10:31:11","date_gmt":"2022-04-27T13:31:11","guid":{"rendered":"https:\/\/www.novaconcursos.com.br\/portal\/?p=160001"},"modified":"2022-04-27T10:31:17","modified_gmt":"2022-04-27T13:31:17","slug":"concurso-semsa-manaus-locais-de-prova-liberados","status":"publish","type":"post","link":"https:\/\/www.novaconcursos.com.br\/portal\/noticias\/concurso-semsa-manaus-locais-de-prova-liberados\/","title":{"rendered":"Concurso Semsa Manaus: locais de prova liberados. Confira!"},"content":{"rendered":"<p>Aten\u00e7\u00e3o concurseiros! Foram <strong>liberados os locais de prova<\/strong> do\u00a0<a href=\"https:\/\/www.novaconcursos.com.br\/portal\/concursos\/concurso-semsa-manaus-am\/\">concurso SEMSA Manaus<\/a>\u00a0(Secretaria Municipal de Sa\u00fade do Amazonas), para o cargo de Especialista e Assistente em Sa\u00fade. As <strong>provas <\/strong>acontecem dia <strong>1\u00b0 de maio! <\/strong>Ao todo s\u00e3o <strong>2.001 vagas imediatas.<\/strong><\/p>\n\n\n\n<ul class=\"wp-block-list\"><li><strong>Confira:<\/strong>\u00a0<a rel=\"noreferrer noopener\" aria-label=\" (abre numa nova aba)\" href=\"https:\/\/www.novaconcursos.com.br\/eventos\/guia-definitivo-plano-de-estudos-passo-a-passo\/\" target=\"_blank\">Guia Definitivo Plano de Estudos (Gr\u00e1tis)<\/a><\/li><\/ul><p><\/p>\n\n\n\n<p>Estude para o concurso dos seus sonhos com a\u00a0<a href=\"https:\/\/www.novaconcursos.com.br\/eventos\/assinatura\" target=\"_blank\" rel=\"noreferrer noopener\" aria-label=\" (abre numa nova aba)\">Assinatura Completa da Nova<\/a>. Tenha acesso a Cursos, Plataforma de Quest\u00f5es, Eventos Exclusivos para Assinantes e Muito Mais!<\/p>\n\n\n\n<h2 class=\"wp-block-heading\" id=\"concursos-semsa-manaus-provas-se-aproximando-saiba-detalhes\">Concursos Semsa Manaus: provas se aproximando, saiba detalhes!<\/h2>\n\n\n\n<p>As <strong>provas <\/strong>do concurso da Secretaria Municipal de Sa\u00fade de Manaus, no <a href=\"https:\/\/www.novaconcursos.com.br\/portal\/concursos-previstos\/am\/\">Amazonas<\/a>, acontecem neste <strong>pr\u00f3ximo domingo, 1\u00b0 de maio.<\/strong> Portanto, ser\u00e3o para os cargos:<\/p>\n\n\n\n<ul class=\"wp-block-list\"><li>Especialistas em Sa\u00fade \u2013 n\u00edvel superior<\/li><li>Assistente em Sa\u00fade \u2013 n\u00edvel fundamental<\/li><\/ul><p><\/p>\n\n\n\n<p>Sendo assim, \u00e9 importante que os concurseiros <strong>intensifiquem os estudos<\/strong> e saiba detalhes das avalia\u00e7\u00f5es.<\/p>\n\n\n\n<h3 class=\"wp-block-heading\">Locais de prova<\/h3>\n\n\n\n<p>Assim, a banca organizadora do certame, Funda\u00e7\u00e3o Get\u00falio Vargas (FGV) divulgou nesta ter\u00e7a-feira (26), os\u00a0<strong>locais de prova<\/strong>.<\/p>\n\n\n\n<p>Portanto, a informa\u00e7\u00e3o pode ser conferida diretamente no\u00a0<a rel=\"noreferrer noopener\" href=\"https:\/\/conhecimento.fgv.br\/concursos\/semad22\/002\" target=\"_blank\">site da banca<\/a>, atrav\u00e9s de\u00a0<strong>consulta individual.<\/strong><\/p>\n\n\n\n<h3 class=\"wp-block-heading\">Hor\u00e1rios<\/h3>\n\n\n\n<figure class=\"wp-block-image size-large\"><img decoding=\"async\" width=\"574\" height=\"343\" src=\"https:\/\/www.novaconcursos.com.br\/portal\/wp-content\/uploads\/2022\/04\/tabela-123.png\" alt=\"\" class=\"wp-image-160012\" loading=\"lazy\" title=\"\" srcset=\"https:\/\/www.novaconcursos.com.br\/portal\/wp-content\/uploads\/2022\/04\/tabela-123-300x179.png 300w, https:\/\/www.novaconcursos.com.br\/portal\/wp-content\/uploads\/2022\/04\/tabela-123.png 574w\" sizes=\"auto, (max-width: 480px) 100vw, (max-width: 768px) 100vw, (max-width: 1200px) 70vw, 768px\"><figcaption><\/figcaption><\/figure><h3 class=\"wp-block-heading\">Nomea\u00e7\u00f5es<\/h3>\n\n\n\n<p>Ademais, os aprovados na etapa descrita acima e que tiverem as melhores notas ser\u00e3o os novos nomeados da\u00a0<strong>C\u00e2mara Municipal de Manaus.<\/strong><\/p>\n\n\n\n<h3 class=\"wp-block-heading\">Como ser\u00e3o as provas?<\/h3>\n\n\n\n<p>Para os\u00a0<strong>M\u00e9dicos<\/strong>, por exemplo, a avalia\u00e7\u00e3o Objetiva ter\u00e1 a seguinte <strong>estrutura e mat\u00e9rias<\/strong>:<\/p>\n\n\n\n<figure class=\"wp-block-image\"><a href=\"https:\/\/www.novaconcursos.com.br\/portal\/wp-content\/uploads\/2021\/12\/m%C3%A9dicos.png\"><img decoding=\"async\" src=\"https:\/\/www.novaconcursos.com.br\/portal\/wp-content\/uploads\/2021\/12\/m%C3%A9dicos.png\" alt=\"\" class=\"wp-image-151640\" loading=\"lazy\" title=\"\"><\/a><\/figure><p>Os\u00a0<strong>demais cargos de n\u00edvel superior, excetuando as especialidades<\/strong>\u00a0de Advogado, de Analista de Banco de Dados, de Desenvolvimento de Sistemas, de Infraestrutura de Tecnologia da Informa\u00e7\u00e3o e de Suporte de Tecnologia da Informa\u00e7\u00e3o, ter\u00e3o a seguinte\u00a0<strong>estrutura<\/strong>\u00a0de provas:<\/p>\n\n\n\n<figure class=\"wp-block-image\"><a href=\"https:\/\/www.novaconcursos.com.br\/portal\/wp-content\/uploads\/2021\/12\/n%C3%ADvel-superior.png\"><img decoding=\"async\" src=\"https:\/\/www.novaconcursos.com.br\/portal\/wp-content\/uploads\/2021\/12\/n%C3%ADvel-superior.png\" alt=\"\" class=\"wp-image-151641\" loading=\"lazy\" title=\"\"><\/a><\/figure><h2 class=\"wp-block-heading\" id=\"concurso-semsa-manaus-vagas-ofertadas\">Concurso Semsa Manaus: vagas ofertadas<\/h2>\n\n\n\n<p>O concurso da Secretaria Municipal de Sa\u00fade do\u00a0<a href=\"https:\/\/www.novaconcursos.com.br\/portal\/concursos-abertos\/am\/\">Amazonas\u00a0<\/a>est\u00e1 ofertando um total de<strong>\u00a02.001 vagas imediatas, al\u00e9m de forma\u00e7\u00e3o de um cadastro reserva<\/strong>.<\/p>\n\n\n\n<p>Assim, s\u00e3o oportunidades para os n\u00edveis superior, m\u00e9dio, t\u00e9cnico e fundamental, ambas na\u00a0<strong>\u00e1rea da sa\u00fade.<\/strong><\/p>\n\n\n\n<p>Ademais, em rela\u00e7\u00e3o as <strong>jornadas de trabalho<\/strong>, elas s\u00e3o de at\u00e9 40 horas por semana.<\/p>\n\n\n\n<h3 class=\"wp-block-heading\">E os sal\u00e1rios e benef\u00edcios?<\/h3>\n\n\n\n<p>Os sal\u00e1rios ofertados no concurso Semsa Manaus s\u00e3o bastante atrativos. Come\u00e7ando pelos vencimentos dos Especialistas em Sa\u00fade \u2013 M\u00e9dicos, os\u00a0iniciais s\u00e3o de\u00a0<strong>R$ 6.933,96.<\/strong><\/p>\n\n\n\n<p>Enquanto que que os\u00a0<strong>demais cargos de n\u00edvel superior<\/strong>\u00a0iniciam suas carreiras recebendo valores entre<strong>\u00a0R$ 6.235,21<\/strong>\u00a0<strong>e R$ 8.313,61.<\/strong>\u00a0<\/p>\n\n\n\n<p>J\u00e1 os cargos de\u00a0<strong>n\u00edvel m\u00e9dio e t\u00e9cnico<\/strong>\u00a0t\u00eam vencimentos entre\u00a0<strong>R$ 1.550,00 e R$ 2.667,85.<\/strong><\/p>\n\n\n\n<p>Por fim, os contratado para as profiss\u00f5es de n\u00edvel fundamental ter\u00e3o sal\u00e1rios que v\u00e3o de\u00a0<strong>R$ 1.665,35<\/strong>\u00a0<strong>at\u00e9 R$ 2.220,47.<\/strong><\/p>\n\n\n\n<p>Vale dizer ainda que todos os concursados aprovados <strong>ter\u00e3o direito aos benef\u00edcios:<\/strong><\/p>\n\n\n\n<ul class=\"wp-block-list\"><li>Aux\u00edlio-Alimenta\u00e7\u00e3o, destinado a servidores ocupantes de cargos com jornada de trabalho de 40 (quarenta) horas semanais e que percebam at\u00e9 6 (seis) sal\u00e1rios m\u00ednimos, conforme legisla\u00e7\u00e3o vigente;<\/li><li>Aux\u00edlio-Transporte, destinado a servidores que percebam at\u00e9 6 (seis) sal\u00e1rios m\u00ednimos, conforme legisla\u00e7\u00e3o vigente; e<\/li><li>Indeniza\u00e7\u00e3o de Insalubridade ou Periculosidade, destinado a servidores que laborarem em atividade de exposi\u00e7\u00e3o.<\/li><\/ul><p><\/p>\n\n\n\n<figure class=\"wp-block-image size-large\"><a href=\"https:\/\/www.novaconcursos.com.br\/eventos\/assinatura\" target=\"_blank\" rel=\"noreferrer noopener\"><img decoding=\"async\" src=\"https:\/\/www.novaconcursos.com.br\/portal\/wp-content\/uploads\/2022\/01\/Faixa-Frete-Gr%E2%80%A0tis-portal.png\" alt=\"assinatura completa\" class=\"wp-image-153078\" loading=\"lazy\" title=\"\"><\/a><figcaption><\/figcaption><\/figure>","protected":false},"excerpt":{"rendered":"<p>Aten\u00e7\u00e3o concurseiros! Foram liberados os locais de prova do\u00a0concurso SEMSA Manaus\u00a0(Secretaria Municipal de Sa\u00fade do Amazonas), para o cargo de Especialista e Assistente em Sa\u00fade. As provas acontecem dia 1\u00b0 de maio! Ao todo s\u00e3o 2.001 vagas imediatas. Confira:\u00a0Guia Definitivo Plano de Estudos (Gr\u00e1tis) Estude para o concurso dos seus sonhos com a\u00a0Assinatura Completa da [&hellip;]<\/p>\n","protected":false},"author":54671,"featured_media":160003,"comment_status":"closed","ping_status":"closed","sticky":false,"template":"","format":"standard","meta":{"_acf_changed":false,"footnotes":"","_wp_rev_ctl_limit":""},"categories":[228],"tags":[],"class_list":["post-160001","post","type-post","status-publish","format-standard","has-post-thumbnail","hentry","category-noticias"],"acf":[],"_links":{"self":[{"href":"https:\/\/www.novaconcursos.com.br\/portal\/wp-json\/wp\/v2\/posts\/160001","targetHints":{"allow":["GET"]}}],"collection":[{"href":"https:\/\/www.novaconcursos.com.br\/portal\/wp-json\/wp\/v2\/posts"}],"about":[{"href":"https:\/\/www.novaconcursos.com.br\/portal\/wp-json\/wp\/v2\/types\/post"}],"author":[{"embeddable":true,"href":"https:\/\/www.novaconcursos.com.br\/portal\/wp-json\/wp\/v2\/users\/54671"}],"replies":[{"embeddable":true,"href":"https:\/\/www.novaconcursos.com.br\/portal\/wp-json\/wp\/v2\/comments?post=160001"}],"version-history":[{"count":6,"href":"https:\/\/www.novaconcursos.com.br\/portal\/wp-json\/wp\/v2\/posts\/160001\/revisions"}],"predecessor-version":[{"id":160014,"href":"https:\/\/www.novaconcursos.com.br\/portal\/wp-json\/wp\/v2\/posts\/160001\/revisions\/160014"}],"wp:featuredmedia":[{"embeddable":true,"href":"https:\/\/www.novaconcursos.com.br\/portal\/wp-json\/wp\/v2\/media\/160003"}],"wp:attachment":[{"href":"https:\/\/www.novaconcursos.com.br\/portal\/wp-json\/wp\/v2\/media?parent=160001"}],"wp:term":[{"taxonomy":"category","embeddable":true,"href":"https:\/\/www.novaconcursos.com.br\/portal\/wp-json\/wp\/v2\/categories?post=160001"},{"taxonomy":"post_tag","embeddable":true,"href":"https:\/\/www.novaconcursos.com.br\/portal\/wp-json\/wp\/v2\/tags?post=160001"}],"curies":[{"name":"wp","href":"https:\/\/api.w.org\/{rel}","templated":true}]}}