{"id":160189,"date":"2022-04-29T11:06:35","date_gmt":"2022-04-29T14:06:35","guid":{"rendered":"https:\/\/www.novaconcursos.com.br\/portal\/?p=160189"},"modified":"2024-11-08T15:46:05","modified_gmt":"2024-11-08T18:46:05","slug":"concurso-tj-mg-associacoes-cobram-edital","status":"publish","type":"post","link":"https:\/\/www.novaconcursos.com.br\/portal\/noticias\/concurso-tj-mg-associacoes-cobram-edital\/","title":{"rendered":"Concurso TJ MG: Associa\u00e7\u00f5es cobram publica\u00e7\u00e3o do edital!"},"content":{"rendered":"<p>Concurseiros que aguardam o <a href=\"https:\/\/www.novaconcursos.com.br\/portal\/concursos\/concurso-tjm-mg\/\">concurso TJ MG,<\/a> aten\u00e7\u00e3o! A <strong>publica\u00e7\u00e3o do novo edital <\/strong>contendo todas as informa\u00e7\u00f5es segue <strong>sendo aguardado. <\/strong>Ademais, associa\u00e7\u00f5es <strong>cobraram a divulga\u00e7\u00e3o do documento<\/strong> durante reuni\u00e3o com a administra\u00e7\u00e3o do Tribunal!<\/p>\n\n\n\n<ul class=\"wp-block-list\"><li><strong>Confira: <\/strong><a href=\"https:\/\/www.novaconcursos.com.br\/eventos\/guia-definitivo-plano-de-estudos-passo-a-passo\/\" target=\"_blank\" rel=\"noreferrer noopener\" aria-label=\" (abre numa nova aba)\">Guia Definitivo Plano de Estudos \u2013 Gr\u00e1tis<\/a><\/li>\n<\/ul><p><\/p>\n\n\n\n<p>Sendo assim, em reuni\u00e3o com a administra\u00e7\u00e3o do \u00f3rg\u00e3o, sindicatos <strong>cobraram a publica\u00e7\u00e3o do edital<\/strong> do novo concurso do Tribunal de Justi\u00e7a de Minas Gerais. Ademais, vale recordar que a sele\u00e7\u00e3o ofertar\u00e1 vagas de <strong>n\u00edveis m\u00e9dio e superior<\/strong> para<strong> Oficiais e Analistas.<\/strong><\/p>\n\n\n\n<ul class=\"wp-block-list\"><li><strong>Adquira: <\/strong><a href=\"https:\/\/www.novaconcursos.com.br\/concurso\/tj-mg-tribunal-de-justica-de-minas-gerais\/apostila\">Apostila Concurso TJ MG<\/a><\/li>\n\n\n\n<li><strong>Adquira:<\/strong> <a href=\"https:\/\/www.novaconcursos.com.br\/concurso\/tj-mg-tribunal-de-justica-de-minas-gerais\/curso-online\">Curso Online Concurso TJ MG<\/a><\/li>\n<\/ul><p><\/p>\n\n\n\n<p>Al\u00e9m disso, vale destacar que o que se espera \u00e9 que o edital seja lan\u00e7ado <strong>at\u00e9 o m\u00eas de julho,<\/strong> momento em que a <strong>gest\u00e3o do atual presidente<\/strong> do \u00f3rg\u00e3o, Gilson Lemes, <strong>termina<\/strong>. Sendo assim, confira todos os detalhes!<\/p>\n\n\n\n<p>Estude para o concurso dos seus sonhos com a <a rel=\"noreferrer noopener\" aria-label=\"Assinatura Completa da Nova. (abre numa nova aba)\" href=\"https:\/\/aprovacao.novaconcursos.com.br\/assinatura\" target=\"_blank\">Assinatura Completa da Nova.<\/a> Tenha acesso a <strong>Cursos, Plataforma de Quest\u00f5es, Eventos Exclusivos <\/strong>para Assinantes e Muito Mais!<\/p>\n\n\n\n<h2 class=\"wp-block-heading\" id=\"concurso-tj-mg-edital-cobrado\"><strong>Concurso TJ MG: edital \u00e9 cobrado<\/strong><\/h2>\n\n\n\n<p>Portanto, sindicatos cobraram \u00e0 administra\u00e7\u00e3o do Tribunal a <strong>publica\u00e7\u00e3o do edital <\/strong>do novo concurso TJ MG, uma vez que o que se espera \u00e9 que o documento<strong> saia at\u00e9 julho de 2022<\/strong>, quando se <strong>termina a gest\u00e3o <\/strong>do atual presidente do \u00f3rg\u00e3o.<\/p>\n\n\n\n<p>Al\u00e9m disso, os sindicatos tamb\u00e9m cobraram o <strong>pagamento de f\u00e9rias <\/strong>suspensas, o <strong>vencimento da data-base 2022<\/strong> e outras demandas pendentes. <\/p>\n\n\n\n<p>\u00c9 igualmente importante recordar que a<strong> banca organizadora <\/strong>da sele\u00e7\u00e3o j\u00e1 foi definida, sendo o IBFC (Instituto Brasileiro de Forma\u00e7\u00e3o e Capacita\u00e7\u00e3o), de maneira que os tr\u00e2mites para a publica\u00e7\u00e3o do edital <strong>n\u00e3o deveriam tardar mais.<\/strong><\/p>\n\n\n\n<h2 class=\"wp-block-heading\" id=\"vagas-cargos-e-salrios\"><strong>Vagas, cargos e sal\u00e1rios<\/strong><\/h2>\n\n\n\n<p>Em resumo, ainda <strong>n\u00e3o foi confirmado o quantitativo de vagas <\/strong>a ser ofertado pelo novo concurso do Tribunal de Justi\u00e7a de <a href=\"https:\/\/www.novaconcursos.com.br\/portal\/concursos-previstos\/mg\/\">Minas Gerais.<\/a> Entretanto, sabe-se que ser\u00e3o ofertadas vagas para <strong>Oficial e Analista Judici\u00e1rios.<\/strong><\/p>\n\n\n\n<p>Sendo assim, as vagas ofertadas pelo edital ter\u00e3o como exig\u00eancia os <strong>n\u00edveis m\u00e9dio e superior<\/strong> de escolaridade. Ademais, as <strong>especialidades previstas <\/strong>s\u00e3o as seguintes:<\/p>\n\n\n\n<p><strong>Oficial Judici\u00e1rio<\/strong><\/p>\n\n\n\n<ul class=\"wp-block-list\"><li>Assistente T\u00e9cnico de Controle Financeiro<\/li>\n\n\n\n<li>Oficial de Justi\u00e7a<\/li>\n<\/ul><p><\/p>\n\n\n\n<p><strong>Analista Judici\u00e1rio<\/strong><\/p>\n\n\n\n<ul class=\"wp-block-list\"><li>Administrador<\/li>\n\n\n\n<li>Analista de Tecnologia da Informa\u00e7\u00e3o<\/li>\n\n\n\n<li>Analista Judici\u00e1rio<\/li>\n\n\n\n<li>Assistente Social<\/li>\n\n\n\n<li>Bibliotec\u00e1rio<\/li>\n\n\n\n<li>Contador<\/li>\n\n\n\n<li>Engenheiro Mec\u00e2nico<\/li>\n\n\n\n<li>Enfermeiro<\/li>\n\n\n\n<li>Engenheiro Civil<\/li>\n\n\n\n<li>Engenheiro Eletricista<\/li>\n\n\n\n<li>M\u00e9dico<\/li>\n\n\n\n<li>Psic\u00f3logo<\/li>\n\n\n\n<li>Revisor Judici\u00e1rio<\/li>\n<\/ul><p><\/p>\n\n\n\n<p>Al\u00e9m disso, o que se prev\u00ea \u00e9 que os <strong>sal\u00e1rios inicias<\/strong> dos aprovados no concurso p\u00fablico variem entre<strong> R$ 2,9 mil a R$ 4,6 mil,<\/strong> a depender do cargo e sem incluir os <strong>benef\u00edcios<\/strong> a serem recebidos.<\/p>\n\n\n\n<p>Ademais, vale frisar que as <strong>taxas de inscri\u00e7\u00e3o<\/strong> possuir\u00e3o os valores de <strong>R$ 80,00 <\/strong>para n\u00edvel m\u00e9dio e <strong>R$ 100,00 <\/strong>para n\u00edvel superior.<\/p>\n\n\n\n<h2 class=\"wp-block-heading\" id=\"ltimo-concurso-tj-mg\"><strong>\u00daltimo concurso TJ MG<\/strong><\/h2>\n\n\n\n<p>Por fim, \u00e9 igualmente importante recordar que o \u00faltimo <a href=\"https:\/\/www.novaconcursos.com.br\/portal\/concursos-abertos\/mg\/\">concurso<\/a> TJ MG aconteceu <strong>em 2017, <\/strong>quando foram ofertadas<strong> 15 oportunidades <\/strong>entre cargos de<strong> n\u00edveis m\u00e9dio, <\/strong>sendo:<\/p>\n\n\n\n<ul class=\"wp-block-list\"><li>Oficial de Apoio Judicial \u2013 Classe D;<\/li>\n\n\n\n<li>Oficial Judici\u00e1rio \u2013 Classe D \u2013 Comiss\u00e1rio da Inf\u00e2ncia e da Juventude.<\/li>\n<\/ul><p><\/p>\n\n\n\n<p>Ademais, a organiza\u00e7\u00e3o da sele\u00e7\u00e3o ocorreu sob responsabilidade do <strong>Instituto Consulplan<\/strong>, de forma que os inscritos foram avaliados por meio de <strong>provas objetivas e pr\u00e1ticas.<\/strong><\/p>\n\n\n\n<p>Sendo assim, para as<strong> provas objetivas<\/strong> os candidatos do concurso p\u00fablico responderam diversas quest\u00f5es acerca das <strong>disciplinas <\/strong>a seguir:<\/p>\n\n\n\n<ul class=\"wp-block-list\"><li>L\u00edngua Portuguesa;<\/li>\n\n\n\n<li>No\u00e7\u00f5es de Inform\u00e1tica;<\/li>\n\n\n\n<li>No\u00e7\u00f5es de Direito \u2013 Oficial de Apoio Judicial;<\/li>\n\n\n\n<li>Legisla\u00e7\u00e3o;<\/li>\n\n\n\n<li>No\u00e7\u00f5es de Direito \u2013 Oficial Judici\u00e1rio da Especialidade Comiss\u00e1rio da Inf\u00e2ncia e da Juventude;<\/li>\n\n\n\n<li>Atos de Of\u00edcio \u2013 Oficial de Apoio Judicial;<\/li>\n\n\n\n<li>Atos de Of\u00edcio \u2013 Oficial Judici\u00e1rio da Especialidade Comiss\u00e1rio da Inf\u00e2ncia e da Juventude.<\/li>\n<\/ul><p><\/p>\n\n\n\n<figure class=\"wp-block-image size-large\"><a href=\"https:\/\/aprovacao.novaconcursos.com.br\/assinatura\" target=\"_blank\" rel=\"noreferrer noopener\"><img decoding=\"async\" src=\"https:\/\/www.novaconcursos.com.br\/portal\/wp-content\/uploads\/2022\/01\/Faixa-Frete-Gr%E2%80%A0tis-portal.png\" alt=\"assinatura completa\" class=\"wp-image-153078\" loading=\"lazy\" title=\"\"><\/a><figcaption><\/figcaption><\/figure>","protected":false},"excerpt":{"rendered":"<p>Concurseiros que aguardam o concurso TJ MG, aten\u00e7\u00e3o! A publica\u00e7\u00e3o do novo edital contendo todas as informa\u00e7\u00f5es segue sendo aguardado. Ademais, associa\u00e7\u00f5es cobraram a divulga\u00e7\u00e3o do documento durante reuni\u00e3o com a administra\u00e7\u00e3o do Tribunal! Sendo assim, em reuni\u00e3o com a administra\u00e7\u00e3o do \u00f3rg\u00e3o, sindicatos cobraram a publica\u00e7\u00e3o do edital do novo concurso do Tribunal de [&hellip;]<\/p>\n","protected":false},"author":54674,"featured_media":155825,"comment_status":"closed","ping_status":"closed","sticky":false,"template":"","format":"standard","meta":{"_acf_changed":false,"footnotes":"","_wp_rev_ctl_limit":""},"categories":[228],"tags":[],"class_list":["post-160189","post","type-post","status-publish","format-standard","has-post-thumbnail","hentry","category-noticias"],"acf":[],"_links":{"self":[{"href":"https:\/\/www.novaconcursos.com.br\/portal\/wp-json\/wp\/v2\/posts\/160189","targetHints":{"allow":["GET"]}}],"collection":[{"href":"https:\/\/www.novaconcursos.com.br\/portal\/wp-json\/wp\/v2\/posts"}],"about":[{"href":"https:\/\/www.novaconcursos.com.br\/portal\/wp-json\/wp\/v2\/types\/post"}],"author":[{"embeddable":true,"href":"https:\/\/www.novaconcursos.com.br\/portal\/wp-json\/wp\/v2\/users\/54674"}],"replies":[{"embeddable":true,"href":"https:\/\/www.novaconcursos.com.br\/portal\/wp-json\/wp\/v2\/comments?post=160189"}],"version-history":[{"count":8,"href":"https:\/\/www.novaconcursos.com.br\/portal\/wp-json\/wp\/v2\/posts\/160189\/revisions"}],"predecessor-version":[{"id":259907,"href":"https:\/\/www.novaconcursos.com.br\/portal\/wp-json\/wp\/v2\/posts\/160189\/revisions\/259907"}],"wp:featuredmedia":[{"embeddable":true,"href":"https:\/\/www.novaconcursos.com.br\/portal\/wp-json\/wp\/v2\/media\/155825"}],"wp:attachment":[{"href":"https:\/\/www.novaconcursos.com.br\/portal\/wp-json\/wp\/v2\/media?parent=160189"}],"wp:term":[{"taxonomy":"category","embeddable":true,"href":"https:\/\/www.novaconcursos.com.br\/portal\/wp-json\/wp\/v2\/categories?post=160189"},{"taxonomy":"post_tag","embeddable":true,"href":"https:\/\/www.novaconcursos.com.br\/portal\/wp-json\/wp\/v2\/tags?post=160189"}],"curies":[{"name":"wp","href":"https:\/\/api.w.org\/{rel}","templated":true}]}}