{"id":160228,"date":"2026-02-06T16:17:47","date_gmt":"2026-02-06T19:17:47","guid":{"rendered":"https:\/\/www.novaconcursos.com.br\/portal\/?post_type=nc-public-tender&#038;p=160228"},"modified":"2026-02-06T16:17:51","modified_gmt":"2026-02-06T19:17:51","slug":"concurso-aleam","status":"publish","type":"post","link":"https:\/\/www.novaconcursos.com.br\/portal\/concursos\/concurso-aleam\/","title":{"rendered":"Concurso ALEAM: Resultados divulgados! Iniciais de R$30 mil!"},"content":{"rendered":"<p>O concurso ALEAM \u00e9 a sele\u00e7\u00e3o em andamento da Assembleia Legislativa do Estado do Amazonas, destinada ao provimento de cargos efetivos em sua estrutura administrativa. O edital oferece <strong>363 vagas<\/strong> para <strong>n\u00edveis m\u00e9dio e superior<\/strong>, distribu\u00eddas entre diversos cargos da Casa Legislativa, com sal\u00e1rios iniciais que podem chegar a R$ 30.187,52, al\u00e9m de benef\u00edcios, o que torna o certame um dos mais atrativos no \u00e2mbito do Poder Legislativo estadual.<\/p>\n\n\n\n<p>Recentemente, a banca divulgou o<strong> resultado final das provas objetivas<\/strong>. Com isso, os concurseiros j\u00e1 podem conferir o desempenho e se preparar para as pr\u00f3ximas fases da sele\u00e7\u00e3o. A pr\u00f3xima etapa ser\u00e1 a <strong>prova discursiva<\/strong>, que est\u00e1 marcada para o dia<strong> 1\u00ba de mar\u00e7o de 2026<\/strong>.<\/p>\n\n\n\n<p>Se voc\u00ea est\u00e1 participando do concurso ALEAM, \u00e9 fundamental acompanhar todas as atualiza\u00e7\u00f5es. Navegue pelo \u00edndice e confira todas as informa\u00e7\u00f5es do edital, incluindo vagas, sal\u00e1rios, requisitos, datas, etapas e demais detalhes da sele\u00e7\u00e3o!<\/p>\n\n\n\n<h2 class=\"wp-block-heading\" id=\"cronograma-do-concurso-aleam-2025\">Cronograma do concurso Aleam 2025<\/h2>\n\n\n\n<p>Confira o calend\u00e1rio do concurso Aleam 2025 com as principais datas:<\/p>\n\n\n\n<ul class=\"wp-block-list\"><li><strong>Per\u00edodo de inscri\u00e7\u00f5es:<\/strong>\u00a010 de setembro a 13 de outubro de 2025<\/li>\n\n\n\n<li><strong>Data limite para pagamento da taxa de inscri\u00e7\u00e3o:\u00a0<\/strong>at\u00e9 14 de outubro de 2025<\/li>\n\n\n\n<li><strong>Per\u00edodo para solicita\u00e7\u00e3o de isen\u00e7\u00e3o da taxa de inscri\u00e7\u00e3o:\u00a0<\/strong>15 a 17 de setembro de 2025<\/li>\n\n\n\n<li><strong>Publica\u00e7\u00e3o dos locais de provas: <\/strong>8 de dezembro de 2025<\/li>\n\n\n\n<li><strong>Aplica\u00e7\u00e3o da <strong>objetiva e de reda\u00e7\u00e3o<\/strong>:<\/strong>\u00a014 de dezembro de 2025<\/li>\n\n\n\n<li><strong>Divulga\u00e7\u00e3o do gabarito preliminar da prova objetiva:<\/strong> 16 de dezembro de 2025<\/li>\n\n\n\n<li><strong>Interposi\u00e7\u00e3o de recursos contra o gabarito preliminar: <\/strong>17 e 18 de dezembro de 2025<\/li>\n\n\n\n<li><strong>Divulga\u00e7\u00e3o do gabarito definitivo e resultado preliminar da prova objetiva<\/strong>: 22 de janeiro de 2026<\/li>\n\n\n\n<li><strong>Publica\u00e7\u00e3o do resultado definitivo da prova objetiva:<\/strong> 5 de fevereiro de 2026<\/li>\n\n\n\n<li><strong>Aplica\u00e7\u00e3o da prova discursiva:<\/strong> 1\u00ba de mar\u00e7o de 2026<\/li>\n<\/ul><p><\/p>\n\n\n\n<p>Foi publicado nesta quinta-feira, 5 de fevereiro, o <strong>resultado final da prova objetiva<\/strong> do concurso ALEAM, referente \u00e0 sele\u00e7\u00e3o da Assembleia Legislativa do Estado do Amazonas. A divulga\u00e7\u00e3o marca uma etapa decisiva do certame, permitindo que os candidatos verifiquem oficialmente o desempenho ap\u00f3s a an\u00e1lise de recursos e a consolida\u00e7\u00e3o das notas finais.<\/p>\n\n\n\n<div class=\"nova-continue-reading\"><a href=\"https:\/\/www.novaconcursos.com.br\/portal\/wp-content\/uploads\/2026\/02\/resultado-final-prova-objetiva-aleam.pdf\">Confira o resultado final das provas objetivas do concurso ALEAM!<\/a><\/div>\n\n\n\n<p><strong>Est\u00e1 de olho em uma vaga na ALEAM?<\/strong> Garanta desde j\u00e1 a sua prepara\u00e7\u00e3o com o\u00a0<a href=\"https:\/\/www.novaconcursos.com.br\/eventos\/curso-gratis-aleam-blog\/\">curso gr\u00e1tis ALEAM,<\/a>\u00a0focado nos <strong><mark style=\"background-color:rgba(0, 0, 0, 0)\" class=\"has-inline-color has-vivid-red-color\">principais conte\u00fados<\/mark><\/strong> do edital.<\/p>\n\n\n\n<h3 class=\"wp-block-heading\">Retifica\u00e7\u00e3o divulgada<\/h3>\n\n\n\n<ul class=\"wp-block-list\"><li><a href=\"https:\/\/conhecimento.fgv.br\/sites\/default\/files\/concursos\/4aretificacao_0.pdf\" target=\"_blank\" rel=\"noopener\">4\u00aa retifica\u00e7\u00e3o do edital<\/a> com mudan\u00e7as no cronograma; <\/li>\n\n\n\n<li><a href=\"https:\/\/conhecimento.fgv.br\/sites\/default\/files\/concursos\/3aretificacao_3.pdf\" target=\"_blank\" rel=\"noopener\">3\u00aa retifica\u00e7\u00e3o do edital<\/a> com mudan\u00e7as no quadro de provas e conte\u00fado program\u00e1tico;<\/li>\n\n\n\n<li><a href=\"https:\/\/conhecimento.fgv.br\/sites\/default\/files\/concursos\/2aretificacao-alterado_0.pdf\" target=\"_blank\" rel=\"noopener\">2\u00aa refitica\u00e7\u00e3o do edital<\/a> na isen\u00e7\u00e3o, provas, cont\u00e9udo program\u00e1tico e requisitos; e<\/li>\n\n\n\n<li><a href=\"https:\/\/conhecimento.fgv.br\/sites\/default\/files\/concursos\/1aretificacao_1.pdf\" target=\"_blank\" rel=\"noreferrer noopener\">1\u00aa retifica\u00e7\u00e3o do edital<\/a> com mudan\u00e7as no conte\u00fado program\u00e1tico, requisitos e outras.<\/li>\n<\/ul><div class=\"nova-continue-reading\"><a href=\"https:\/\/www.novaconcursos.com.br\/portal\/wp-content\/uploads\/2025\/09\/edital-publicado-aleam-03.09-final.pdf\">Baixe o edital na \u00edntegra!<\/a><\/div>\n\n\n\n<h2 class=\"wp-block-heading\" id=\"anlise-do-edital-aleam-2025\">An\u00e1lise do edital Aleam 2025<\/h2>\n\n\n\n<p>Preparamos uma an\u00e1lise detalhada do edital do concurso Aleam 2025, reunindo todas as informa\u00e7\u00f5es que voc\u00ea precisa para organizar seus estudos da melhor forma. Um conte\u00fado claro e objetivo, para que voc\u00ea n\u00e3o perca nenhum detalhe!<\/p>\n\n\n\n<figure class=\"wp-block-embed is-type-video is-provider-youtube wp-block-embed-youtube wp-embed-aspect-16-9 wp-has-aspect-ratio\"><div class=\"wp-block-embed__wrapper\">\n<iframe loading=\"lazy\" title=\"Edital Publicado ALEAM 2025: 363 Vagas e Sal\u00e1rios de R$ 30 mil \ud83e\udd29\" width=\"500\" height=\"281\" src=\"https:\/\/www.youtube.com\/embed\/2F0wom4LR7g?feature=oembed\" frameborder=\"0\" allow=\"accelerometer; autoplay; clipboard-write; encrypted-media; gyroscope; picture-in-picture; web-share\" referrerpolicy=\"strict-origin-when-cross-origin\" allowfullscreen><\/iframe>\n<\/div><\/figure><h2 class=\"wp-block-heading\" id=\"concurso-aleam-2025-inscrio\">Concurso Aleam 2025: Inscri\u00e7\u00e3o<\/h2>\n\n\n\n<p>As inscri\u00e7\u00f5es no concurso Aleam 2025 foram feitas no portal da banca Funda\u00e7\u00e3o Getulio Vargas (<a href=\"https:\/\/portal.fgv.br\/\" data-type=\"link\" data-id=\"https:\/\/portal.fgv.br\/\" target=\"_blank\" rel=\"noreferrer noopener\">FGV<\/a>), entre os dias 10 de setembro a 16 de outubro. <\/p>\n\n\n\n<p>Os valores da taxa de inscri\u00e7\u00e3o variaram conforme o cargo:<\/p>\n\n\n\n<ul class=\"wp-block-list\"><li>Agente Legislativo: R$ 82,00<\/li>\n\n\n\n<li>Analista Legislativo (todas as especialidades): R$ 110,00<\/li>\n\n\n\n<li>Assessor Jur\u00eddico: R$ 180,00<\/li>\n\n\n\n<li>Analista de Controle: R$ 230,00<\/li>\n\n\n\n<li>Procurador: R$ 285,00<\/li>\n<\/ul><p>Tiveram direito \u00e0 isen\u00e7\u00e3o da taxa de inscri\u00e7\u00e3o:<\/p>\n\n\n\n<ul class=\"wp-block-list\"><li>Trabalhadores de qualquer regime legal com\u00a0<strong>renda mensal de at\u00e9 tr\u00eas sal\u00e1rios m\u00ednimos<\/strong>, conforme a Lei n\u00ba 3.088\/2006;<\/li>\n\n\n\n<li>Trabalhadores\u00a0<strong>desempregados<\/strong>, conforme a mesma lei;<\/li>\n\n\n\n<li>Eleitores convocados e nomeados para servirem \u00e0\u00a0<strong>Justi\u00e7a Eleitoral<\/strong>\u00a0durante os pleitos, conforme a Lei Estadual n\u00ba 4.988\/2019;<\/li>\n\n\n\n<li>Cidad\u00e3os que tenham servido como\u00a0<strong>jurados no Tribunal do J\u00fari<\/strong>\u00a0e\u00a0<strong>doadores de sangue<\/strong>, conforme a Lei n\u00ba 4.605\/2018;<\/li>\n\n\n\n<li><strong>Doadoras de leite materno<\/strong>, conforme a Lei n\u00ba 5.004\/2019;<\/li>\n\n\n\n<li>Pessoas com\u00a0<strong>defici\u00eancia<\/strong>, conforme a Lei n\u00ba 6.208\/2023 e a legisla\u00e7\u00e3o pertinente.<\/li>\n<\/ul><h2 class=\"wp-block-heading\" id=\"concorrncia-do-concurso-aleam-\">Concorr\u00eancia do concurso Aleam <\/h2>\n\n\n\n<p>O concurso Aleam contabilizou 42.873 inscri\u00e7\u00f5es ao todo. A fun\u00e7\u00e3o mais concorrida foi a de Agente Legislativo \u2013 Assistente T\u00e9cnico Administrativo, que reuniu 23.741 candidatos. Em seguida, aparece o cargo de Assessor Jur\u00eddico, com 2.285 inscritos, enquanto o posto de Analista Legislativo \u2013 Enfermeiro registrou 1.459 participa\u00e7\u00f5es.<\/p>\n\n\n\n<p>O cargo com menor n\u00famero de participantes foi o de Analista Legislativo \u2013 M\u00e9dico \u2013 Urologista, que registrou apenas 7 inscritos. Logo depois, aparece o Analista Legislativo \u2013 M\u00e9dico \u2013 Endocrinologista, com 8 inscri\u00e7\u00f5es.<\/p>\n\n\n\n<div class=\"nova-continue-reading\">Confira: <a href=\"https:\/\/conhecimento.fgv.br\/sites\/default\/files\/concursos\/326-ale-am_demanda_por_vaga.pdf\" target=\"_blank\" rel=\"noreferrer noopener\">Quantidade de inscritos por cargo<\/a><\/div>\n\n\n\n<h2 class=\"wp-block-heading\" id=\"concurso-aleam-abstenes\">Concurso Aleam: absten\u00e7\u00f5es<\/h2>\n\n\n\n<p>A Funda\u00e7\u00e3o Getulio Vargas (FGV) divulgou o balan\u00e7o oficial de presen\u00e7as e aus\u00eancias registrado no dia de aplica\u00e7\u00e3o das provas do concurso Aleam.<\/p>\n\n\n\n<p>No turno da manh\u00e3, destinado aos <strong>cargos de n\u00edvel superior<\/strong>, compareceram 8.912 candidatos, o que corresponde a uma taxa de <strong>65,51% de presen\u00e7a<\/strong>. O n\u00famero de ausentes foi de <strong>4.691 inscritos<\/strong>, representando <strong>34,49% de absten\u00e7\u00e3o<\/strong>. Nesse per\u00edodo, a organiza\u00e7\u00e3o do certame registrou <strong>19 ocorr\u00eancias<\/strong>, todas formalizadas em relat\u00f3rios pelas coordena\u00e7\u00f5es de prova.<\/p>\n\n\n\n<p>J\u00e1 no turno da tarde, voltado aos <strong>cargos de n\u00edvel m\u00e9dio<\/strong>, o volume de candidatos foi maior. Ao todo, 18.646 participantes estiveram presentes, alcan\u00e7ando uma taxa de <strong>63,70% de comparecimento<\/strong>. Por outro lado, <strong>10.624 candidatos<\/strong> n\u00e3o compareceram, o que resultou em <strong>36,30% de absten\u00e7\u00e3o<\/strong>. Durante a aplica\u00e7\u00e3o vespertina, foram contabilizadas <strong>36 ocorr\u00eancias<\/strong>, igualmente registradas em formul\u00e1rios oficiais.<\/p>\n\n\n\n<h2 class=\"wp-block-heading\" id=\"distribuio-das-vagas\">Distribui\u00e7\u00e3o das vagas<\/h2>\n\n\n\n<p>O concurso Aleam 2025 oferece 363 vagas, sendo 100 para contrata\u00e7\u00e3o imediata e 263 destinadas \u00e0 forma\u00e7\u00e3o de cadastro de reserva. As oportunidades contemplam cargos de n\u00edveis m\u00e9dio e superior, com remunera\u00e7\u00f5es e benef\u00edcios atrativos para diferentes \u00e1reas de atua\u00e7\u00e3o.<\/p>\n\n\n\n<p>A seguir, confira a distribui\u00e7\u00e3o completa das vagas por cargo e n\u00edvel de escolaridade:<\/p>\n\n\n\n<h3 class=\"wp-block-heading\">N\u00edvel m\u00e9dio<\/h3>\n\n\n\n<p><strong>Cargo: Agente Legislativo<\/strong><\/p>\n\n\n\n<ul class=\"wp-block-list\"><li>Assistente T\u00e9cnico Administrativo: 20 vagas imediatas + 30 cadastro de reserva<\/li>\n\n\n\n<li>Cinegrafista: 2 vagas imediatas + 6 CR<\/li>\n\n\n\n<li>Produtor de Imagem: 2 vagas imediatas + 6 CR<\/li>\n\n\n\n<li>Editor: 2 vagas imediatas + 6 CR<\/li>\n\n\n\n<li>Fot\u00f3grafo: 2 vagas imediatas + 6 CR<\/li>\n\n\n\n<li>T\u00e9cnico de Apoio ao Usu\u00e1rio de Computadores: 2 vagas imediatas + 6 CR<\/li>\n\n\n\n<li>T\u00e9cnico em Produ\u00e7\u00e3o Audiovisual: 3 vagas imediatas + 9 CR<\/li>\n\n\n\n<li>T\u00e9cnico de Manuten\u00e7\u00e3o de Computadores: 3 vagas imediatas + 9 CR<\/li>\n\n\n\n<li>T\u00e9cnico de Rede: 2 vagas imediatas + 6 CR<\/li>\n<\/ul><h3 class=\"wp-block-heading\">N\u00edvel superior<\/h3>\n\n\n\n<h4 class=\"wp-block-heading\">Quadro Isolado<\/h4>\n\n\n\n<ul class=\"wp-block-list\"><li>Analista de Controle: 2 vagas imediatas + 6 CR<\/li>\n\n\n\n<li>Assessor Jur\u00eddico: 3 vagas imediatas + 9 CR<\/li>\n\n\n\n<li>Procurador: 1 vaga imediata + 4 CR<\/li>\n<\/ul><h4 class=\"wp-block-heading\">Analista Legislativo<\/h4>\n\n\n\n<ul class=\"wp-block-list\"><li>Administrador de Empresas: 2 vagas imediatas + 6 CR<\/li>\n\n\n\n<li>Analista de Redes de Comunica\u00e7\u00e3o de Dados: 2 vagas imediatas + 6 CR<\/li>\n\n\n\n<li>Analista de Sistemas: 2 vagas imediatas + 6 CR<\/li>\n\n\n\n<li>Assistente Social: 2 vagas imediatas + 6 CR<\/li>\n\n\n\n<li>Bibliotec\u00e1rio: 2 vagas imediatas + 6 CR<\/li>\n\n\n\n<li>Cientista Pol\u00edtico: 1 vaga imediata + 4 CR<\/li>\n\n\n\n<li>Contador: 4 vagas imediatas + 8 CR<\/li>\n\n\n\n<li>Designer Gr\u00e1fico: 1 vaga imediata + 4 CR<\/li>\n\n\n\n<li>Economista: 2 vagas imediatas + 6 CR<\/li>\n\n\n\n<li>Educador F\u00edsico: 1 vaga imediata + 4 CR<\/li>\n\n\n\n<li>Engenheiro Civil: 2 vagas imediatas + 6 CR<\/li>\n\n\n\n<li>Engenheiro Eletricista: 1 vaga imediata + 4 CR<\/li>\n\n\n\n<li>Enfermeiro: 2 vagas imediatas + 6 CR<\/li>\n\n\n\n<li>Fisioterapeuta: 1 vaga imediata + 4 CR<\/li>\n\n\n\n<li>Historiador: 1 vaga imediata + 4 CR<\/li>\n\n\n\n<li>Int\u00e9rprete de L\u00edngua de Sinais (Libras): 2 vagas imediatas + 6 CR<\/li>\n\n\n\n<li>Jornalista: 4 vagas imediatas + 8 CR<\/li>\n<\/ul><h4 class=\"wp-block-heading\">M\u00e9dico \u2013 Especialidades<\/h4>\n\n\n\n<ul class=\"wp-block-list\"><li>Ginecologista: 1 vaga imediata + 4 CR<\/li>\n\n\n\n<li>Cardiologista: 1 vaga imediata + 4 CR<\/li>\n\n\n\n<li>Urologista: 1 vaga imediata + 4 CR<\/li>\n\n\n\n<li>Endocrinologista: 1 vaga imediata + 4 CR<\/li>\n\n\n\n<li>Cl\u00ednico Geral: 2 vagas imediatas + 6 CR<\/li>\n\n\n\n<li>Psic\u00f3logo: 1 vaga imediata + 4 CR<\/li>\n<\/ul><h4 class=\"wp-block-heading\">Outros cargos de n\u00edvel superior<\/h4>\n\n\n\n<ul class=\"wp-block-list\"><li>Programador: 3 vagas imediatas + 9 CR<\/li>\n\n\n\n<li>Redator: 5 vagas imediatas + 10 CR<\/li>\n\n\n\n<li>Pedagogo: 1 vaga imediata + 4 CR<\/li>\n<\/ul><h2 class=\"wp-block-heading\" id=\"salrios-do-concurso-aleam-2025\">Sal\u00e1rios do concurso Aleam 2025<\/h2>\n\n\n\n<p>Confira, a seguir, qual o sal\u00e1rio dos aprovados no concurso ALEAM:<\/p>\n\n\n\n<ul class=\"wp-block-list\"><li>Agente Legislativo: R$ 3.346,76<\/li>\n\n\n\n<li>Analista Legislativo: R$ 4.462,35<\/li>\n\n\n\n<li>Analista de Contorle: R$ 19.274,90<\/li>\n\n\n\n<li>Assessor Jur\u00eddico: R$ 16.449,00<\/li>\n\n\n\n<li>Procurador: R$ 30.187,52<\/li>\n<\/ul><p>Os ocupantes dos cargos poder\u00e3o receber FC1, FC2 ou FC3 sendo avaliados para recebimento da Gratifica\u00e7\u00e3o de Especial Desempenho (GED) (10% a 22%) \u2013 Conforme Lei 3103\/05.<\/p>\n\n\n\n<p>Al\u00e9m do sal\u00e1rio, os aprovados recebem benef\u00edcios como vale-refei\u00e7\u00e3o no valor de R$ 1.500,00, vale-medicamento e demais aux\u00edlios e gratifica\u00e7\u00f5es, o que torna a remunera\u00e7\u00e3o final ainda mais atrativa.<\/p>\n\n\n\n<p>Com tantas vagas dispon\u00edveis e sal\u00e1rios que podem ultrapassar R$ 30 mil, a concorr\u00eancia promete ser alta. Por isso, sair na frente \u00e9 essencial! Pensando nisso, preparamos um curso online 100% gratuito para o concurso ALEAM, com os principais conte\u00fados para voc\u00ea iniciar sua prepara\u00e7\u00e3o sem custo.<\/p>\n\n\n\n<div class=\"nova-continue-reading\"><a href=\"https:\/\/www.novaconcursos.com.br\/eventos\/curso-gratis-aleam-blog\/\">Garanta j\u00e1 o seu curso gr\u00e1tis ALEAM!<\/a><\/div>\n\n\n\n<h2 class=\"wp-block-heading\" id=\"requisitos-bsicos\">Requisitos b\u00e1sicos<\/h2>\n\n\n\n<p>Para assumir o cargo, o candidato dever\u00e1 atender, <strong>cumulativamente<\/strong>, aos seguintes requisitos:<\/p>\n\n\n\n<ul class=\"wp-block-list\"><li>Ter sido classificado no Concurso P\u00fablico, conforme o Edital, anexos e eventuais retifica\u00e7\u00f5es;<\/li>\n\n\n\n<li>Ter nacionalidade brasileira; no caso de nacionalidade portuguesa, estar amparado pelo Estatuto de Igualdade entre brasileiros e portugueses, com reconhecimento do gozo dos direitos pol\u00edticos, nos termos do \u00a71\u00ba do art. 12 da Constitui\u00e7\u00e3o Federal e do art. 13 do Decreto n\u00ba 70.436\/1972;<\/li>\n\n\n\n<li>Ter idade m\u00ednima de 18 anos completos;<\/li>\n\n\n\n<li>Estar em pleno gozo dos direitos pol\u00edticos;<\/li>\n\n\n\n<li>Estar quite com as obriga\u00e7\u00f5es eleitorais e, se do sexo masculino, tamb\u00e9m com as obriga\u00e7\u00f5es militares;<\/li>\n\n\n\n<li>Cumprir os requisitos espec\u00edficos para o cargo ao qual deseja concorrer, conforme o Anexo III do Edital;<\/li>\n\n\n\n<li>Ter aptid\u00e3o f\u00edsica e mental para o exerc\u00edcio das atribui\u00e7\u00f5es do cargo;<\/li>\n\n\n\n<li>N\u00e3o ter sido condenado \u00e0 pena privativa de liberdade transitada em julgado ou a qualquer outra condena\u00e7\u00e3o incompat\u00edvel com a fun\u00e7\u00e3o p\u00fablica;<\/li>\n\n\n\n<li>Apresentar, no momento da posse, outros documentos que se fizerem necess\u00e1rios;<\/li>\n\n\n\n<li>Cumprir as determina\u00e7\u00f5es previstas no Edital.<\/li>\n<\/ul><h3 class=\"wp-block-heading\">Requisitos espec\u00edficos<\/h3>\n\n\n\n<p>O edital estabelece requisitos espec\u00edficos para cada fun\u00e7\u00e3o. Confira a lista revisada ap\u00f3s a 1\u00aa e a 2\u00aa retifica\u00e7\u00e3o:<\/p>\n\n\n\n<h4 class=\"wp-block-heading\">Procurador<\/h4>\n\n\n\n<ul class=\"wp-block-list\"><li>Ensino superior completo em Direito<\/li>\n\n\n\n<li>Registro na OAB<\/li>\n\n\n\n<li>Comprova\u00e7\u00e3o de, no m\u00ednimo, tr\u00eas anos de atividade jur\u00eddica<\/li>\n\n\n\n<li>Dom\u00ednio das t\u00e9cnicas de reda\u00e7\u00e3o legislativa e jur\u00eddica<\/li>\n<\/ul><h4 class=\"wp-block-heading\">Analista de Controle<\/h4>\n\n\n\n<ul class=\"wp-block-list\"><li>Forma\u00e7\u00e3o em Engenharia ou Direito, com inscri\u00e7\u00e3o no respectivo conselho de classe<\/li>\n\n\n\n<li>Registro no conselho superior competente<\/li>\n\n\n\n<li>Dom\u00ednio das t\u00e9cnicas de auditoria<br><em>Alterado conforme 2\u00aa retifica\u00e7\u00e3o do edital<\/em><\/li>\n<\/ul><h4 class=\"wp-block-heading\">Assessor Jur\u00eddico<\/h4>\n\n\n\n<ul class=\"wp-block-list\"><li>Ensino superior completo em Direito<\/li>\n\n\n\n<li>Inscri\u00e7\u00e3o na OAB<\/li>\n\n\n\n<li>Dom\u00ednio das t\u00e9cnicas de reda\u00e7\u00e3o legislativa e jur\u00eddica<\/li>\n<\/ul><h4 class=\"wp-block-heading\">Analista Legislativo \u2013 Administrador de Empresas<\/h4>\n\n\n\n<ul class=\"wp-block-list\"><li>Ensino superior em Administra\u00e7\u00e3o<\/li>\n\n\n\n<li>Registro no conselho superior competente<\/li>\n<\/ul><h4 class=\"wp-block-heading\">Analista Legislativo \u2013 Analista de Redes de Comunica\u00e7\u00e3o de Dados<\/h4>\n\n\n\n<ul class=\"wp-block-list\"><li>Ensino superior em Ci\u00eancia da Computa\u00e7\u00e3o, Sistemas de Informa\u00e7\u00e3o, Engenharia de Software ou Engenharia da Computa\u00e7\u00e3o<br><em>Alterado conforme 2\u00aa retifica\u00e7\u00e3o do edital<\/em><\/li>\n<\/ul><h4 class=\"wp-block-heading\">Analista Legislativo \u2013 Analista de Sistemas<\/h4>\n\n\n\n<ul class=\"wp-block-list\"><li>Ensino superior em Ci\u00eancia da Computa\u00e7\u00e3o, Sistemas de Informa\u00e7\u00e3o, Engenharia de Software ou Engenharia da Computa\u00e7\u00e3o<\/li>\n\n\n\n<li>Conhecimento em racioc\u00ednio l\u00f3gico e preciso<br><em>Alterado conforme 2\u00aa retifica\u00e7\u00e3o do edital<\/em><\/li>\n<\/ul><h4 class=\"wp-block-heading\">Analista Legislativo \u2013 Assistente Social<\/h4>\n\n\n\n<ul class=\"wp-block-list\"><li>Ensino superior em Servi\u00e7o Social<\/li>\n\n\n\n<li>Registro no conselho superior competente<\/li>\n<\/ul><h4 class=\"wp-block-heading\">Analista Legislativo \u2013 Bibliotec\u00e1rio<\/h4>\n\n\n\n<ul class=\"wp-block-list\"><li>Ensino superior em Biblioteconomia e Documenta\u00e7\u00e3o<\/li>\n\n\n\n<li>Registro no conselho superior competente<\/li>\n<\/ul><h4 class=\"wp-block-heading\">Analista Legislativo \u2013 Cientista Pol\u00edtico<\/h4>\n\n\n\n<ul class=\"wp-block-list\"><li>Ensino superior em Ci\u00eancia Pol\u00edtica<br><em>Alterado conforme 1\u00aa retifica\u00e7\u00e3o: exclus\u00e3o do registro em conselho<\/em><\/li>\n<\/ul><h4 class=\"wp-block-heading\">Analista Legislativo \u2013 Contador<\/h4>\n\n\n\n<ul class=\"wp-block-list\"><li>Ensino superior em Ci\u00eancias Cont\u00e1beis<\/li>\n\n\n\n<li>Registro no conselho superior competente<\/li>\n<\/ul><h4 class=\"wp-block-heading\">Analista Legislativo \u2013 Designer Gr\u00e1fico<\/h4>\n\n\n\n<ul class=\"wp-block-list\"><li>Ensino superior em Design Gr\u00e1fico<br><em>Alterado conforme 1\u00aa retifica\u00e7\u00e3o: exclus\u00e3o do registro em conselho<\/em><\/li>\n<\/ul><h4 class=\"wp-block-heading\">Analista Legislativo \u2013 Economista<\/h4>\n\n\n\n<ul class=\"wp-block-list\"><li>Ensino superior em Economia<\/li>\n\n\n\n<li>Registro no conselho superior competente<\/li>\n<\/ul><h4 class=\"wp-block-heading\">Analista Legislativo \u2013 Educador F\u00edsico<\/h4>\n\n\n\n<ul class=\"wp-block-list\"><li>Licenciatura plena ou bacharelado em Educa\u00e7\u00e3o F\u00edsica<\/li>\n\n\n\n<li>Registro no conselho profissional competente<br><em>Alterado conforme 1\u00aa retifica\u00e7\u00e3o<\/em><\/li>\n<\/ul><h4 class=\"wp-block-heading\">Analista Legislativo \u2013 Engenheiro<\/h4>\n\n\n\n<ul class=\"wp-block-list\"><li>Ensino superior em Engenharia<\/li>\n\n\n\n<li>Registro no conselho superior competente<\/li>\n<\/ul><h4 class=\"wp-block-heading\">Analista Legislativo \u2013 Engenheiro Eletricista<\/h4>\n\n\n\n<ul class=\"wp-block-list\"><li>Ensino superior em Engenharia El\u00e9trica<\/li>\n\n\n\n<li>Registro no conselho superior competente<\/li>\n<\/ul><h4 class=\"wp-block-heading\">Analista Legislativo \u2013 Enfermeiro<\/h4>\n\n\n\n<ul class=\"wp-block-list\"><li>Ensino superior em Enfermagem<\/li>\n\n\n\n<li>Registro no conselho superior competente<\/li>\n<\/ul><h4 class=\"wp-block-heading\">Analista Legislativo \u2013 Fisioterapeuta<\/h4>\n\n\n\n<ul class=\"wp-block-list\"><li>Ensino superior em Fisioterapia<\/li>\n\n\n\n<li>Registro no conselho profissional competente<\/li>\n<\/ul><h4 class=\"wp-block-heading\">Analista Legislativo \u2013 Historiador<\/h4>\n\n\n\n<ul class=\"wp-block-list\"><li>Ensino superior em Hist\u00f3ria<br><em>Alterado conforme 1\u00aa retifica\u00e7\u00e3o: exclus\u00e3o do registro em conselho<\/em><\/li>\n<\/ul><h4 class=\"wp-block-heading\">Analista Legislativo \u2013 Int\u00e9rprete de Libras<\/h4>\n\n\n\n<ul class=\"wp-block-list\"><li>Ensino superior em Letras com habilita\u00e7\u00e3o em Libras<br><em>Alterado conforme 1\u00aa retifica\u00e7\u00e3o: exclus\u00e3o do registro em conselho<\/em><\/li>\n<\/ul><h4 class=\"wp-block-heading\">Analista Legislativo \u2013 Jornalista<\/h4>\n\n\n\n<ul class=\"wp-block-list\"><li>Ensino superior em Jornalismo<br><em>Alterado conforme 1\u00aa retifica\u00e7\u00e3o: exclus\u00e3o do registro em conselho<\/em><\/li>\n<\/ul><h4 class=\"wp-block-heading\">Analista Legislativo \u2013 M\u00e9dico (diversas especialidades)<\/h4>\n\n\n\n<ul class=\"wp-block-list\"><li>Ensino superior em Medicina<\/li>\n\n\n\n<li>Registro no CRM e RQE correspondente, quando exigido<br>Especialidades: Ginecologista, Cardiologista, Urologista, Endocrinologista e Cl\u00ednico Geral<\/li>\n<\/ul><h4 class=\"wp-block-heading\">Analista Legislativo \u2013 Odont\u00f3logo<\/h4>\n\n\n\n<ul class=\"wp-block-list\"><li>Ensino superior em Odontologia<\/li>\n\n\n\n<li>Registro no conselho superior competente<\/li>\n<\/ul><h4 class=\"wp-block-heading\">Analista Legislativo \u2013 Pedagogo<\/h4>\n\n\n\n<ul class=\"wp-block-list\"><li>Ensino superior em Pedagogia<br><em>Alterado conforme 1\u00aa retifica\u00e7\u00e3o: exclus\u00e3o do registro em conselho<\/em><\/li>\n<\/ul><h4 class=\"wp-block-heading\">Analista Legislativo \u2013 Psic\u00f3logo<\/h4>\n\n\n\n<ul class=\"wp-block-list\"><li>Ensino superior em Psicologia<\/li>\n\n\n\n<li>Registro no conselho superior competente<\/li>\n<\/ul><h4 class=\"wp-block-heading\">Analista Legislativo \u2013 Programador<\/h4>\n\n\n\n<ul class=\"wp-block-list\"><li>Ensino superior em Ci\u00eancia da Computa\u00e7\u00e3o, Sistemas de Informa\u00e7\u00e3o, Engenharia de Software ou Engenharia da Computa\u00e7\u00e3o<br><em>Alterado conforme 2\u00aa retifica\u00e7\u00e3o do edital<\/em><\/li>\n<\/ul><h4 class=\"wp-block-heading\">Analista Legislativo \u2013 Redator<\/h4>\n\n\n\n<ul class=\"wp-block-list\"><li>Licenciatura plena em Letras<br><em>Alterado conforme 1\u00aa retifica\u00e7\u00e3o: exclus\u00e3o do registro em conselho<\/em><\/li>\n<\/ul><h4 class=\"wp-block-heading\">Agente Legislativo \u2013 Assistente T\u00e9cnico Administrativo<\/h4>\n\n\n\n<ul class=\"wp-block-list\"><li>Ensino m\u00e9dio completo<\/li>\n\n\n\n<li>Conhecimento em reda\u00e7\u00e3o oficial<\/li>\n<\/ul><h4 class=\"wp-block-heading\">Agente Legislativo \u2013 TV ALE (Cinegrafista, Produtor de Imagem, Editor, Fot\u00f3grafo)<\/h4>\n\n\n\n<ul class=\"wp-block-list\"><li>Ensino m\u00e9dio completo<\/li>\n\n\n\n<li>Experi\u00eancia m\u00ednima de 2 anos na \u00e1rea correspondente<\/li>\n<\/ul><h4 class=\"wp-block-heading\">Agente Legislativo \u2013 T\u00e9cnico de Apoio ao Usu\u00e1rio de Computadores<\/h4>\n\n\n\n<ul class=\"wp-block-list\"><li>Ensino m\u00e9dio completo<\/li>\n\n\n\n<li>Curso t\u00e9cnico em Inform\u00e1tica<\/li>\n<\/ul><h4 class=\"wp-block-heading\">Agente Legislativo \u2013 T\u00e9cnico em Produ\u00e7\u00e3o Audiovisual<\/h4>\n\n\n\n<ul class=\"wp-block-list\"><li>Curso t\u00e9cnico em Audiovisual<br><em>Alterado conforme 1\u00aa retifica\u00e7\u00e3o: exclus\u00e3o do registro em conselho<\/em><\/li>\n<\/ul><h4 class=\"wp-block-heading\">Agente Legislativo \u2013 T\u00e9cnico de Manuten\u00e7\u00e3o de Computadores<\/h4>\n\n\n\n<ul class=\"wp-block-list\"><li>Ensino m\u00e9dio completo<\/li>\n\n\n\n<li>Curso t\u00e9cnico em Inform\u00e1tica ou \u00e1reas correlatas<\/li>\n<\/ul><h4 class=\"wp-block-heading\">Agente Legislativo \u2013 T\u00e9cnico de Rede (Telecomunica\u00e7\u00f5es)<\/h4>\n\n\n\n<ul class=\"wp-block-list\"><li>Curso t\u00e9cnico em Telecomunica\u00e7\u00f5es<br><em>Alterado conforme 1\u00aa retifica\u00e7\u00e3o: exclus\u00e3o do registro em conselho<\/em><\/li>\n<\/ul><h2 class=\"wp-block-heading\" id=\"etapas-do-concurso-aleam-2025\">Etapas do concurso Aleam 2025<\/h2>\n\n\n\n<p>Confira, a seguir, quais ser\u00e3o as etapas de sele\u00e7\u00e3o do concurso Aleam:<\/p>\n\n\n\n<ul class=\"wp-block-list\"><li><strong>Prova Objetiva<\/strong>, de car\u00e1ter eliminat\u00f3rio e classificat\u00f3rio, para todos os cargos;<\/li>\n\n\n\n<li><strong>Prova Discursiva<\/strong>, de car\u00e1ter eliminat\u00f3rio e classificat\u00f3rio, para os cargos de Analista de Controle, Assessor Jur\u00eddico, Procurador e Agente Legislativo \u2013 Assistente T\u00e9cnico Administrativo;<\/li>\n\n\n\n<li><strong>Prova Pr\u00e1tica<\/strong>, de car\u00e1ter eliminat\u00f3rio e classificat\u00f3rio, apenas para o cargo de Analista Legislativo Int\u00e9rprete de Libras;<\/li>\n\n\n\n<li><strong>Prova de T\u00edtulos<\/strong>, de car\u00e1ter classificat\u00f3rio, somente para os cargos de Analista de Controle, Assessor Jur\u00eddico e Procurador<\/li>\n<\/ul><h3 class=\"wp-block-heading\">Prova Objetiva<\/h3>\n\n\n\n<p>A prova objetiva do concurso Aleam foi aplicada no dia 14 de dezembro de 2025 nos seguintes turnos:<\/p>\n\n\n\n<ul class=\"wp-block-list\"><li>Analista Legislativo: 08h \u00e0s 12h;<\/li>\n\n\n\n<li>Analista de Controle e Assessor Jur\u00eddico: 8h \u00e0s 13h\u00a0<\/li>\n\n\n\n<li>Procurador: 15h \u00e0s 20h\u00a0<\/li>\n\n\n\n<li>Agente Legislativo: 15h \u00e0s 18h;<\/li>\n\n\n\n<li>Agente Legislativo \u2013 Assistente T\u00e9cnico Administrativo: 15h \u00e0s 19h.<\/li>\n<\/ul><p>As provas objetivas foram compostas por quest\u00f5es de m\u00faltipla escolha, cada uma com cinco alternativas e apenas uma correta, valendo 1 ponto. A quantidade de itens variou conforme o cargo, sendo 100 para Procurador, 80 para Assessor Jur\u00eddico, Analista de Controle e Analista Legislativo em todas as especialidades, e 60 para Agente Legislativo em todas as especialidades.<\/p>\n\n\n\n<p>Confira, a seguir, o detalhamento e quantitativo de quest\u00f5es por cargo.<\/p>\n\n\n\n<h4 class=\"wp-block-heading\">Procurador (100 quest\u00f5es)<\/h4>\n\n\n\n<ul class=\"wp-block-list\"><li>Direito Constitucional: 20 quest\u00f5es<\/li>\n\n\n\n<li>Direito Administrativo: 20 quest\u00f5es<\/li>\n\n\n\n<li>Direito Civil e Processual Civil: 15 quest\u00f5es<\/li>\n\n\n\n<li>Direito Tribut\u00e1rio e Financeiro: 15 quest\u00f5es<\/li>\n\n\n\n<li>Direito Previdenci\u00e1rio: 5 quest\u00f5es<\/li>\n\n\n\n<li>Direito Eleitoral: 5 quest\u00f5es<\/li>\n\n\n\n<li>Direito Ambiental: 5 quest\u00f5es<\/li>\n\n\n\n<li>Direito Penal e Processual Penal: 5 quest\u00f5es<\/li>\n\n\n\n<li>Legisla\u00e7\u00e3o do Estado do Amazonas: 10 quest\u00f5es<\/li>\n<\/ul><h4 class=\"wp-block-heading\">Analista de Controle  (80 quest\u00f5es) <\/h4>\n\n\n\n<ul class=\"wp-block-list\"><li><strong>Conhecimentos Gerais<\/strong>\n<ul class=\"wp-block-list\"><li>L\u00edngua Portuguesa: 15 quest\u00f5es<\/li>\n\n\n\n<li>Racioc\u00ednio L\u00f3gico e Matem\u00e1tico: 5 quest\u00f5es<\/li>\n\n\n\n<li>Legisla\u00e7\u00e3o do Estado do Amazonas: 10 quest\u00f5es<\/li>\n<\/ul><\/li>\n\n\n\n<li><strong>Conhecimentos Espec\u00edficos<\/strong>\n<ul class=\"wp-block-list\"><li>Controle Interno e Externo e Auditoria Governamental: 20 quest\u00f5es<\/li>\n\n\n\n<li>Administra\u00e7\u00e3o Financeira, Or\u00e7ament\u00e1ria e Responsabilidade Fiscal: 10 quest\u00f5es<\/li>\n\n\n\n<li>Direito Constitucional, Administrativo e Tribut\u00e1rio: 10 quest\u00f5es<\/li>\n\n\n\n<li>Contabilidade P\u00fablica: 10 quest\u00f5es<\/li>\n<\/ul><\/li>\n<\/ul><h4 class=\"wp-block-heading\">Assessor Jur\u00eddico (80 quest\u00f5es)<\/h4>\n\n\n\n<ul class=\"wp-block-list\"><li><strong>Conhecimentos Gerais<\/strong>\n<ul class=\"wp-block-list\"><li>L\u00edngua Portuguesa: 15 quest\u00f5es<\/li>\n\n\n\n<li>Racioc\u00ednio L\u00f3gico e Matem\u00e1tico: 5 quest\u00f5es<\/li>\n\n\n\n<li>Legisla\u00e7\u00e3o do Estado do Amazonas: 10 quest\u00f5es<\/li>\n<\/ul><\/li>\n\n\n\n<li><strong>Conhecimentos Espec\u00edficos<\/strong>\n<ul class=\"wp-block-list\"><li>Direito Constitucional: 14 quest\u00f5es<\/li>\n\n\n\n<li>Direito Administrativo: 14 quest\u00f5es<\/li>\n\n\n\n<li>Direito Civil e Processual Civil: 10 quest\u00f5es<\/li>\n\n\n\n<li>Direito Tribut\u00e1rio, Financeiro e Previdenci\u00e1rio: 7 quest\u00f5es<\/li>\n\n\n\n<li>Direito Eleitoral: 5 quest\u00f5es<\/li>\n<\/ul><\/li>\n<\/ul><h4 class=\"wp-block-heading\">Analista Legislativo \u2013 todas as especialidades (80 quest\u00f5es)<\/h4>\n\n\n\n<ul class=\"wp-block-list\"><li><strong>Conhecimentos Gerais<\/strong>\n<ul class=\"wp-block-list\"><li>L\u00edngua Portuguesa: 10 quest\u00f5es<\/li>\n\n\n\n<li>Racioc\u00ednio L\u00f3gico e Matem\u00e1tico: 5 quest\u00f5es<\/li>\n\n\n\n<li>No\u00e7\u00f5es de Inform\u00e1tica: 5 quest\u00f5es<\/li>\n\n\n\n<li>Legisla\u00e7\u00e3o do Estado do Amazonas: 10 quest\u00f5es<\/li>\n<\/ul><\/li>\n\n\n\n<li><strong>Conhecimentos Espec\u00edficos<\/strong>\n<ul class=\"wp-block-list\"><li>Conte\u00fado program\u00e1tico de cada cargo e disciplina (se\u00e7\u00e3o Conhecimentos Espec\u00edficos do edital): 40 quest\u00f5es<\/li>\n<\/ul><\/li>\n<\/ul><h4 class=\"wp-block-heading\">Agente Legislativo \u2013 todas as especialidades (60 quest\u00f5es)<\/h4>\n\n\n\n<ul class=\"wp-block-list\"><li><strong>Conhecimentos Gerais<\/strong>\n<ul class=\"wp-block-list\"><li>L\u00edngua Portuguesa: 10 quest\u00f5es<\/li>\n\n\n\n<li>Racioc\u00ednio L\u00f3gico e Matem\u00e1tico: 5 quest\u00f5es<\/li>\n\n\n\n<li>No\u00e7\u00f5es de Inform\u00e1tica: 5 quest\u00f5es<\/li>\n\n\n\n<li>Hist\u00f3ria e Geografia do Amazonas: 5 quest\u00f5es<\/li>\n\n\n\n<li>Legisla\u00e7\u00e3o do Estado do Amazonas: 5 quest\u00f5es<\/li>\n<\/ul><\/li>\n\n\n\n<li><strong>Conhecimentos Espec\u00edficos<\/strong>\n<ul class=\"wp-block-list\"><li>Conte\u00fado program\u00e1tico de cada cargo\/especialidade (se\u00e7\u00e3o Conhecimentos Espec\u00edficos do edital): 30 quest\u00f5es<\/li>\n<\/ul><\/li>\n<\/ul><p>Foi eliminado do concurso o candidato que n\u00e3o alcan\u00e7ou, em qualquer uma das \u00e1reas de conhecimento (Gerais ou Espec\u00edficos), o m\u00ednimo de 50% de acertos; obteve nota zero em alguma disciplina; ou deixou de atingir, no conjunto da prova, ao menos 50% da pontua\u00e7\u00e3o total.<\/p>\n\n\n\n<p>Se voc\u00ea est\u00e1 na disputa por uma vaga de Agente Legislativo, n\u00e3o espere o edital avan\u00e7ar para come\u00e7ar a prepara\u00e7\u00e3o. Criamos um <a href=\"https:\/\/www.novaconcursos.com.br\/eventos\/curso-gratis-aleam-blog\/\">curso online 100% gratuito<\/a> com os principais conte\u00fados da prova, para voc\u00ea estudar de forma direcionada e aumentar suas chances de aprova\u00e7\u00e3o.<\/p>\n\n\n\n<h3 class=\"wp-block-heading\">Prova Discursiva<\/h3>\n\n\n\n<p>A prova discursiva do concurso ALEAM ser\u00e1 aplicada apenas para os cargos de:<\/p>\n\n\n\n<ul class=\"wp-block-list\"><li>Procurador<\/li>\n\n\n\n<li>Analista de Controle<\/li>\n\n\n\n<li>Assessor Jur\u00eddico<\/li>\n<\/ul><p>A aplica\u00e7\u00e3o est\u00e1 prevista para o dia 1\u00ba de mar\u00e7o de 2026, no turno da tarde, das 13h \u00e0s 18h.<\/p>\n\n\n\n<p>Essa etapa ser\u00e1 composta por 5 quest\u00f5es abertas, cada uma valendo 10 pontos, totalizando at\u00e9 50 pontos. As respostas dever\u00e3o ser elaboradas de forma clara, objetiva e fundamentada, com limite m\u00e1ximo de 30 linhas por quest\u00e3o.<\/p>\n\n\n\n<p>Somente ser\u00e3o convocados para a prova discursiva os candidatos aprovados e classificados na prova objetiva, dentro do limite de vagas estabelecido na tabela, considerando os empates na \u00faltima posi\u00e7\u00e3o.<\/p>\n\n\n\n<figure class=\"wp-block-image size-large\"><img decoding=\"async\" width=\"1024\" height=\"293\" src=\"https:\/\/www.novaconcursos.com.br\/portal\/wp-content\/uploads\/2025\/08\/CONCURSO-ALEAM-CONVOCACAO-1024x293.webp\" alt=\"Quadro de convoca\u00e7\u00e3o do concurso ALEAM\" class=\"wp-image-290385\" loading=\"lazy\" title=\"\" srcset=\"https:\/\/www.novaconcursos.com.br\/portal\/wp-content\/uploads\/2025\/08\/CONCURSO-ALEAM-CONVOCACAO-300x86.webp 300w, https:\/\/www.novaconcursos.com.br\/portal\/wp-content\/uploads\/2025\/08\/CONCURSO-ALEAM-CONVOCACAO-480x137.webp 480w, https:\/\/www.novaconcursos.com.br\/portal\/wp-content\/uploads\/2025\/08\/CONCURSO-ALEAM-CONVOCACAO-768x220.webp 768w, https:\/\/www.novaconcursos.com.br\/portal\/wp-content\/uploads\/2025\/08\/CONCURSO-ALEAM-CONVOCACAO-1024x293.webp 1024w, https:\/\/www.novaconcursos.com.br\/portal\/wp-content\/uploads\/2025\/08\/CONCURSO-ALEAM-CONVOCACAO.webp 1084w\" sizes=\"auto, (max-width: 480px) 100vw, (max-width: 768px) 100vw, (max-width: 1200px) 70vw, 768px\"><figcaption><\/figcaption><\/figure><p>Ser\u00e1 eliminado do concurso o candidato que n\u00e3o alcan\u00e7ar, no m\u00ednimo, 25 pontos na prova discursiva ou que obtiver nota zero em qualquer uma das quest\u00f5es.<\/p>\n\n\n\n<h3 class=\"wp-block-heading\">Reda\u00e7\u00e3o<\/h3>\n\n\n\n<p>A Prova de Reda\u00e7\u00e3o do concurso ALEAM ser\u00e1 aplicada apenas para o cargo de Agente Legislativo \u2013 Assistente T\u00e9cnico Administrativo e consistir\u00e1 na elabora\u00e7\u00e3o de um texto em g\u00eanero dissertativo-argumentativo, com limite de at\u00e9 30 linhas. O valor m\u00e1ximo ser\u00e1 de 10 pontos, sendo eliminado o candidato que obtiver nota inferior a 5 pontos.<\/p>\n\n\n\n<p>Essa etapa ser\u00e1 realizada no mesmo dia e turno da Prova Objetiva. No entanto, apenas ter\u00e3o as reda\u00e7\u00f5es corrigidas os candidatos classificados na objetiva at\u00e9 a 100\u00aa posi\u00e7\u00e3o na ampla concorr\u00eancia e at\u00e9 a 20\u00aa posi\u00e7\u00e3o entre as pessoas com defici\u00eancia, considerando os empates na \u00faltima coloca\u00e7\u00e3o.<\/p>\n\n\n\n<figure class=\"wp-block-image size-full\"><img decoding=\"async\" width=\"438\" height=\"506\" src=\"https:\/\/www.novaconcursos.com.br\/portal\/wp-content\/uploads\/2025\/08\/redacao-concurso-aleam.webp\" alt=\"Crit\u00e9rio de corre\u00e7\u00e3o da reda\u00e7\u00e3o do concurso ALEAM\" class=\"wp-image-290386\" loading=\"lazy\" title=\"\" srcset=\"https:\/\/www.novaconcursos.com.br\/portal\/wp-content\/uploads\/2025\/08\/redacao-concurso-aleam-260x300.webp 260w, https:\/\/www.novaconcursos.com.br\/portal\/wp-content\/uploads\/2025\/08\/redacao-concurso-aleam.webp 438w\" sizes=\"auto, (max-width: 480px) 100vw, (max-width: 768px) 100vw, (max-width: 1200px) 70vw, 768px\"><figcaption><\/figcaption><\/figure><h3 class=\"wp-block-heading\"><\/h3>\n\n\n\n<h2 class=\"wp-block-heading\" id=\"o-que-cai-na-prova-da-aleam\">O que cai na prova da ALEAM?<\/h2>\n\n\n\n<p>Os principais conhecimentos b\u00e1sicos da prova do concurso ALEAM s\u00e3o os seguintes:<\/p>\n\n\n\n<h3 class=\"wp-block-heading\">L\u00edngua Portuguesa<\/h3>\n\n\n\n<ul class=\"wp-block-list\"><li>Interpreta\u00e7\u00e3o e compreens\u00e3o de texto; organiza\u00e7\u00e3o estrutural dos textos.<\/li>\n\n\n\n<li>Marcas de textualidade: coes\u00e3o, coer\u00eancia e intertextualidade.<\/li>\n\n\n\n<li>Modos de organiza\u00e7\u00e3o discursiva: descri\u00e7\u00e3o, narra\u00e7\u00e3o, exposi\u00e7\u00e3o, argumenta\u00e7\u00e3o e injun\u00e7\u00e3o; caracter\u00edsticas espec\u00edficas de cada modo.<\/li>\n\n\n\n<li>Tipos textuais e suas caracter\u00edsticas; textos liter\u00e1rios e n\u00e3o liter\u00e1rios.<\/li>\n\n\n\n<li>Tipologia da frase portuguesa.<\/li>\n\n\n\n<li>Estrutura da frase portuguesa: opera\u00e7\u00f5es de deslocamento, substitui\u00e7\u00e3o, modifica\u00e7\u00e3o e corre\u00e7\u00e3o; problemas estruturais das frases; norma culta; pontua\u00e7\u00e3o e sinais gr\u00e1ficos; organiza\u00e7\u00e3o sint\u00e1tica das frases (termos e ora\u00e7\u00f5es); ordem direta e inversa.<\/li>\n\n\n\n<li>Tipos de discurso.<\/li>\n\n\n\n<li>Registros de linguagem; fun\u00e7\u00f5es da linguagem.<\/li>\n\n\n\n<li>Elementos dos atos de comunica\u00e7\u00e3o.<\/li>\n\n\n\n<li>Estrutura e forma\u00e7\u00e3o de palavras; formas de abrevia\u00e7\u00e3o.<\/li>\n\n\n\n<li>Classes de palavras: aspectos morfol\u00f3gicos, sint\u00e1ticos, sem\u00e2nticos e textuais de substantivos, adjetivos, artigos, numerais, pronomes, verbos, adv\u00e9rbios, conjun\u00e7\u00f5es e interjei\u00e7\u00f5es; modalizadores.<\/li>\n\n\n\n<li>Sem\u00e2ntica: sentido pr\u00f3prio e figurado; ant\u00f4nimos, sin\u00f4nimos, par\u00f4nimos e hiper\u00f4nimos; polissemia e ambiguidade; os dicion\u00e1rios (tipos e organiza\u00e7\u00e3o de verbetes).<\/li>\n\n\n\n<li>Vocabul\u00e1rio: neologismos, arca\u00edsmos, estrangeirismos, latinismos.<\/li>\n\n\n\n<li>Ortografia, acentua\u00e7\u00e3o gr\u00e1fica e crase.<\/li>\n<\/ul><h3 class=\"wp-block-heading\">Racioc\u00ednio L\u00f3gico-Matem\u00e1tico<\/h3>\n\n\n\n<ul class=\"wp-block-list\"><li>Proposi\u00e7\u00f5es: valor-verdade, nega\u00e7\u00e3o, conjun\u00e7\u00e3o, disjun\u00e7\u00e3o, implica\u00e7\u00e3o, equival\u00eancia, proposi\u00e7\u00f5es compostas.<\/li>\n\n\n\n<li>Equival\u00eancias l\u00f3gicas.<\/li>\n\n\n\n<li>Problemas de racioc\u00ednio: dedu\u00e7\u00e3o de informa\u00e7\u00f5es a partir de rela\u00e7\u00f5es entre objetos, lugares, pessoas e\/ou eventos fict\u00edcios.<\/li>\n\n\n\n<li>Diagramas l\u00f3gicos, tabelas e gr\u00e1ficos.<\/li>\n\n\n\n<li>Conjuntos e opera\u00e7\u00f5es entre conjuntos.<\/li>\n\n\n\n<li>N\u00fameros naturais, inteiros, racionais, reais e suas opera\u00e7\u00f5es; representa\u00e7\u00e3o na reta.<\/li>\n\n\n\n<li>Unidades de medida: dist\u00e2ncia, massa e tempo.<\/li>\n\n\n\n<li>Representa\u00e7\u00e3o de pontos no plano cartesiano.<\/li>\n\n\n\n<li>\u00c1lgebra b\u00e1sica: equa\u00e7\u00f5es, sistemas e problemas do 1\u00ba grau.<\/li>\n\n\n\n<li>Porcentagem e proporcionalidade direta e inversa.<\/li>\n\n\n\n<li>Sequ\u00eancias, reconhecimento de padr\u00f5es, progress\u00f5es aritm\u00e9tica e geom\u00e9trica.<\/li>\n\n\n\n<li>Juros.<\/li>\n\n\n\n<li>Geometria b\u00e1sica: dist\u00e2ncias e \u00e2ngulos, pol\u00edgonos, circunfer\u00eancia, per\u00edmetro e \u00e1rea.<\/li>\n\n\n\n<li>Semelhan\u00e7a e rela\u00e7\u00f5es m\u00e9tricas no tri\u00e2ngulo ret\u00e2ngulo.<\/li>\n\n\n\n<li>Medidas de comprimento, \u00e1rea e volume.<\/li>\n\n\n\n<li>Princ\u00edpios de contagem e no\u00e7\u00f5es de probabilidade.<\/li>\n<\/ul><h3 class=\"wp-block-heading\">Legisla\u00e7\u00e3o do Amazonas<\/h3>\n\n\n\n<ul class=\"wp-block-list\"><li>Constitui\u00e7\u00e3o do Estado do Amazonas<\/li>\n\n\n\n<li>Lei n\u00ba 1.762\/86 \u2013 Estatuto dos Servidores P\u00fablicos do Estado do Amazonas<\/li>\n\n\n\n<li>Resolu\u00e7\u00e3o Legislativa n\u00ba 469\/2010 \u2013 Institui o Regimento Interno da Assembleia Legislativa do Estado do Amazonas<\/li>\n<\/ul><h2 class=\"wp-block-heading\" id=\"materiais-preparatrios\">Materiais preparat\u00f3rios<\/h2>\n\n\n\n<p>Na expectativa pelo concurso ALEAM, o essencial \u00e9 contar com materiais que te ajudem a focar no que realmente importa para conquistar a t\u00e3o sonhada aprova\u00e7\u00e3o.<\/p>\n\n\n\n<p>N\u00f3s, da <a href=\"http:\/\/novaconcursos.com.br\" data-type=\"link\" data-id=\"novaconcursos.com.br\">Nova Concursos<\/a>, oferecemos materiais pr\u00e1ticos e eficientes, desenvolvidos especialmente para impulsionar sua prepara\u00e7\u00e3o e te deixar mais perto da vaga desejada. E n\u00e3o somos s\u00f3 n\u00f3s que dizemos: os mais de <strong>100 mil aprovados com a Nova<\/strong> podem confirmar!<\/p>\n\n\n\n<h3 class=\"wp-block-heading\">Apostila do concurso ALEAM<\/h3>\n\n\n\n<p>Prepare-se com a <strong>apostila preparat\u00f3ria da Nova Concursos para o concurso ALEAM<\/strong> e aumente suas chances de conquistar a aprova\u00e7\u00e3o.<\/p>\n\n\n\n<p>O material foi elaborado por especialistas em concursos p\u00fablicos, com conte\u00fado atualizado e focado no edital. Tenha em m\u00e3os uma prepara\u00e7\u00e3o completa, pr\u00e1tica e direcionada para alcan\u00e7ar sua vaga!<\/p>\n\n\n\n<div class=\"nova-continue-reading\">Confira: <a href=\"https:\/\/www.novaconcursos.com.br\/apostila\/aleam-agente-legislativo-assistente-tecnico-administrativo\" data-type=\"link\" data-id=\"https:\/\/www.novaconcursos.com.br\/apostila\/aleam-agente-legislativo-assistente-tecnico-administrativo\">Apostila preparat\u00f3ria do concurso ALEAM!<\/a><\/div>\n\n\n\n<h3 class=\"wp-block-heading\">Curso Online<\/h3>\n\n\n\n<p>Estude com o Curso Online da Nova Concursos para o concurso ALEAM \u2013 Agente Legislativo \u2013 Assistente T\u00e9cnico Administrativo, elaborado de acordo com o edital publicado em 03 de setembro de 2025 e com as atualiza\u00e7\u00f5es mais recentes. As aulas est\u00e3o organizadas por disciplina e assunto, seguindo a mesma ordem do edital para garantir uma prepara\u00e7\u00e3o pr\u00e1tica e eficiente.<\/p>\n\n\n\n<p>Com professores experientes, trilha de estudos estruturada e acesso 100% online, voc\u00ea estuda quando e onde quiser, aumentando suas chances de aprova\u00e7\u00e3o!<\/p>\n\n\n\n<div class=\"nova-continue-reading\">Confira: <a href=\"https:\/\/www.novaconcursos.com.br\/concurso\/assembleia-legislativa-do-estado-do-amazonas\/cursos-online\" data-type=\"link\" data-id=\"https:\/\/www.novaconcursos.com.br\/concurso\/assembleia-legislativa-do-estado-do-amazonas\/cursos-online\">Curso Online do concurso ALEAM!<\/a><\/div>\n\n\n\n<h2 class=\"wp-block-heading\" id=\"ltimo-concurso-aleam\">\u00daltimo concurso Aleam<\/h2>\n\n\n\n<p>O \u00faltimo concurso Aleam foi realizado em 2011 e organizado pelo Instituto Superior de Administra\u00e7\u00e3o e Economia (ISAE).<\/p>\n\n\n\n<p>O edital Aleam 2011 ofereceu 132 vagas de Procurador, Analista de Controle, Analista Legislativo (diversas especialidades) e Agente Legislativo (diversas especialidades). Veja:<\/p>\n\n\n\n<p><strong>N\u00edvel m\u00e9dio<\/strong><\/p>\n\n\n\n<ul class=\"wp-block-list\"><li>Agente Legislativo nas especialidades:\n<ul class=\"wp-block-list\"><li>Assistente T\u00e9cnico Administrativo<\/li>\n\n\n\n<li>Fot\u00f3grafo<\/li>\n\n\n\n<li>T\u00e9cnico de Manuten\u00e7\u00e3o de Computadores (Hardware)<\/li>\n\n\n\n<li>T\u00e9cnico de Apoio ao Usu\u00e1rio de Computadores<\/li>\n\n\n\n<li>Gar\u00e7om<\/li>\n\n\n\n<li>Radialista<\/li>\n\n\n\n<li>Motorista<\/li>\n\n\n\n<li>TV ALE \u2013 M\u00e1ster<\/li>\n\n\n\n<li>TV ALE \u2013 Cinegrafista<\/li>\n\n\n\n<li>TV ALE \u2013 Produtor<\/li>\n\n\n\n<li>TV ALE \u2013 Imagem<\/li>\n\n\n\n<li>TV ALE \u2013 Editor<\/li>\n\n\n\n<li>TV ALE \u2013 T\u00e9cnico de \u00c1udio<\/li>\n\n\n\n<li>TV ALE \u2013 Assistente T\u00e9cnico<\/li>\n\n\n\n<li>TV ALE \u2013 Rep\u00f3rter<\/li>\n<\/ul><\/li>\n<\/ul><p><strong>Vagas de n\u00edvel superior<\/strong><\/p>\n\n\n\n<ul class=\"wp-block-list\"><li><strong>Procurador<\/strong> <\/li>\n\n\n\n<li><strong>Analista de Controle<\/strong><\/li>\n\n\n\n<li><strong>Analista Legislativo<\/strong>\n<ul class=\"wp-block-list\"><li>M\u00e9dico<\/li>\n\n\n\n<li>Assistente Social<\/li>\n\n\n\n<li>Enfermeiro<\/li>\n\n\n\n<li>Nutricionista<\/li>\n\n\n\n<li>Odont\u00f3logo<\/li>\n\n\n\n<li>Psic\u00f3logo<\/li>\n\n\n\n<li>Fisioterapeuta<\/li>\n\n\n\n<li>Educa\u00e7\u00e3o F\u00edsica<\/li>\n\n\n\n<li>Redator<\/li>\n\n\n\n<li>Administrador de Banco de Dados<\/li>\n\n\n\n<li>Analista de Sistemas<\/li>\n\n\n\n<li>Contador<\/li>\n\n\n\n<li>Pedagogo<\/li>\n\n\n\n<li>Bibliotec\u00e1rio<\/li>\n\n\n\n<li>Administrador de Empresas<\/li>\n\n\n\n<li>Economista<\/li>\n\n\n\n<li>Engenheiro Civil<\/li>\n\n\n\n<li>Engenheiro Eletricista<\/li>\n\n\n\n<li>Jornalista<\/li>\n\n\n\n<li>Fonoaudi\u00f3logo<\/li>\n<\/ul><\/li>\n<\/ul><h3 class=\"wp-block-heading\">Etapas e provas<\/h3>\n\n\n\n<p>Os candidatos foram avaliados por meio de quatro etapas: <\/p>\n\n\n\n<ul class=\"wp-block-list\"><li><strong>Prova Objetiva<\/strong>: de m\u00faltipla escolha, abrangendo conte\u00fados de Conhecimentos Gerais e Conhecimentos Espec\u00edficos, com car\u00e1ter eliminat\u00f3rio e classificat\u00f3rio, aplicada a todos os cargos e especialidades.<\/li>\n\n\n\n<li><strong>Prova Discursiva<\/strong>: de car\u00e1ter eliminat\u00f3rio e classificat\u00f3rio, exigida para os cargos de Procurador, Analista de Controle e Redator.<\/li>\n\n\n\n<li><strong>An\u00e1lise de T\u00edtulos<\/strong>: etapa de car\u00e1ter apenas classificat\u00f3rio, destinada aos cargos de Procurador, Analista de Controle e Redator.<\/li>\n\n\n\n<li><strong>Prova Pr\u00e1tica<\/strong>: de car\u00e1ter eliminat\u00f3rio, aplicada \u00e0s especialidades de Educa\u00e7\u00e3o F\u00edsica, Cinegrafista, Radialista, T\u00e9cnico de TV e Motorista.<\/li>\n<\/ul><h4 class=\"wp-block-heading\">Prova objetiva<\/h4>\n\n\n\n<p>A prova objetiva do concurso ALEAM teve car\u00e1ter eliminat\u00f3rio e classificat\u00f3rio, composta por quest\u00f5es de m\u00faltipla escolha, com cinco alternativas e apenas uma correta.<\/p>\n\n\n\n<p>Confira abaixo as disciplinas cobradas em cada cargo:<\/p>\n\n\n\n<h5 class=\"wp-block-heading\">Procurador de 3\u00aa Classe<\/h5>\n\n\n\n<ul class=\"wp-block-list\"><li>Direito Constitucional<\/li>\n\n\n\n<li>Direito Administrativo<\/li>\n\n\n\n<li>Direito Civil<\/li>\n\n\n\n<li>Direito Processual Civil<\/li>\n\n\n\n<li>Direito Penal<\/li>\n\n\n\n<li>Direito Financeiro e Tribut\u00e1rio<\/li>\n\n\n\n<li>Direito Eleitoral<\/li>\n\n\n\n<li>Direito Previdenci\u00e1rio<\/li>\n\n\n\n<li>Regimento Interno da ALEAM<\/li>\n<\/ul><h5 class=\"wp-block-heading\">Analista de Controle de 3\u00aa Classe<\/h5>\n\n\n\n<ul class=\"wp-block-list\"><li>Administra\u00e7\u00e3o Financeira e Or\u00e7ament\u00e1ria<\/li>\n\n\n\n<li>Auditoria Governamental e Controle Externo<\/li>\n\n\n\n<li>Contabilidade (Geral e P\u00fablica)<\/li>\n\n\n\n<li>Administra\u00e7\u00e3o P\u00fablica<\/li>\n\n\n\n<li>L\u00edngua Portuguesa<\/li>\n\n\n\n<li>Direito Constitucional<\/li>\n\n\n\n<li>Direito Administrativo<\/li>\n\n\n\n<li>Regimento Interno da ALEAM<\/li>\n<\/ul><h5 class=\"wp-block-heading\">Administrador de Banco de Dados e Analista de Sistemas<\/h5>\n\n\n\n<ul class=\"wp-block-list\"><li>Conhecimentos Espec\u00edficos<\/li>\n\n\n\n<li>L\u00edngua Portuguesa<\/li>\n\n\n\n<li>Racioc\u00ednio L\u00f3gico-Matem\u00e1tico<\/li>\n\n\n\n<li>Legisla\u00e7\u00e3o<\/li>\n<\/ul><h5 class=\"wp-block-heading\">N\u00edvel Superior \u2013 Demais Especialidades<\/h5>\n\n\n\n<ul class=\"wp-block-list\"><li>Conhecimentos Espec\u00edficos<\/li>\n\n\n\n<li>L\u00edngua Portuguesa<\/li>\n\n\n\n<li>No\u00e7\u00f5es de Inform\u00e1tica<\/li>\n\n\n\n<li>Legisla\u00e7\u00e3o<\/li>\n<\/ul><h5 class=\"wp-block-heading\">Agente Legislativo \u2013 Assistente T\u00e9cnico Administrativo<\/h5>\n\n\n\n<ul class=\"wp-block-list\"><li>L\u00edngua Portuguesa<\/li>\n\n\n\n<li>No\u00e7\u00f5es de Inform\u00e1tica<\/li>\n\n\n\n<li>Racioc\u00ednio L\u00f3gico-Matem\u00e1tico<\/li>\n\n\n\n<li>Legisla\u00e7\u00e3o<\/li>\n<\/ul><h5 class=\"wp-block-heading\">Agente Legislativo \u2013 Demais Especialidades<\/h5>\n\n\n\n<ul class=\"wp-block-list\"><li>Conhecimentos Espec\u00edficos<\/li>\n\n\n\n<li>L\u00edngua Portuguesa<\/li>\n\n\n\n<li>Racioc\u00ednio L\u00f3gico-Matem\u00e1tico<\/li>\n\n\n\n<li>Legisla\u00e7\u00e3o<\/li>\n<\/ul><h4 class=\"wp-block-heading\">Prova discursiva<\/h4>\n\n\n\n<p>A prova discursiva teve car\u00e1ter eliminat\u00f3rio e classificat\u00f3rio, sendo aplicada apenas para os cargos de <strong>Procurador<\/strong>, <strong>Analista de Controle<\/strong> e <strong>Redator<\/strong>.<\/p>\n\n\n\n<ul class=\"wp-block-list\"><li><strong>Procurador de 3\u00aa Classe<\/strong>\n<ul class=\"wp-block-list\"><li>Direito Constitucional \u2013 2 quest\u00f5es<\/li>\n\n\n\n<li>Direito Administrativo \u2013 2 quest\u00f5es<\/li>\n\n\n\n<li>Direito Civil e Processual Civil \u2013 1 quest\u00e3o<\/li>\n<\/ul><\/li>\n\n\n\n<li><strong>Analista de Controle de 3\u00aa Classe<\/strong>\n<ul class=\"wp-block-list\"><li>Contabilidade Geral e P\u00fablica<\/li>\n\n\n\n<li>Auditoria e Controle Externo<\/li>\n<\/ul><\/li>\n\n\n\n<li><strong>Redator<\/strong>\n<ul class=\"wp-block-list\"><li>Produ\u00e7\u00e3o de texto t\u00e9cnico-legislativo com base em tema proposto pela banca.<\/li>\n<\/ul><\/li>\n<\/ul><h4 class=\"wp-block-heading\">An\u00e1lise de t\u00edtulos<\/h4>\n\n\n\n<p>A avalia\u00e7\u00e3o de t\u00edtulos teve car\u00e1ter classificat\u00f3rio e foi destinada aos cargos de <strong>Procurador de 3\u00aa Classe<\/strong>, <strong>Analista de Controle de 3\u00aa Classe<\/strong> e <strong>Redator<\/strong>. Os crit\u00e9rios foram os seguintes:<\/p>\n\n\n\n<ul class=\"wp-block-list\"><li>T\u00edtulo de Doutorado: 8 pontos (m\u00e1ximo de 8);<\/li>\n\n\n\n<li>T\u00edtulo de Mestrado: 5 pontos (m\u00e1ximo de 5);<\/li>\n\n\n\n<li>T\u00edtulo de Especializa\u00e7\u00e3o: 2 pontos (m\u00e1ximo de 2).<\/li>\n<\/ul><h4 class=\"wp-block-heading\">Prova pr\u00e1tica<\/h4>\n\n\n\n<p>A prova pr\u00e1tica foi eliminat\u00f3ria e aplicada \u00e0s especialidades de <strong>Educa\u00e7\u00e3o F\u00edsica, Cinegrafista, Radialista, T\u00e9cnico de TV e Motorista<\/strong>, avaliando habilidades t\u00e9cnicas relacionadas \u00e0s fun\u00e7\u00f5es de cada cargo.<\/p>\n\n\n\n<h3 class=\"wp-block-heading\">Nomea\u00e7\u00f5es<\/h3>\n\n\n\n<p>O \u00faltimo concurso Aleam teve suas nomea\u00e7\u00f5es prorrogadas ao longo dos anos, sendo a \u00faltima convoca\u00e7\u00e3o realizada em 2 de fevereiro de 2016. Na ocasi\u00e3o, foram chamados candidatos at\u00e9 as seguintes coloca\u00e7\u00f5es por cargo:<\/p>\n\n\n\n<ul class=\"wp-block-list\"><li>Analista de Controle: 3 nomeados<\/li>\n\n\n\n<li>Contador: 12 nomeados<\/li>\n\n\n\n<li>Economista: 7 nomeados<\/li>\n\n\n\n<li>Pedagogo: 5 nomeados<\/li>\n\n\n\n<li>Motorista: 12 nomeados<\/li>\n\n\n\n<li>Produtor: 6 nomeados<\/li>\n\n\n\n<li>Administrador de Empresas: 12 nomeados<\/li>\n\n\n\n<li>Administrador de Banco de Dados: 7 nomeados<\/li>\n\n\n\n<li>Assistente T\u00e9cnico Administrativo: 44 nomeados + 13 PcD<\/li>\n\n\n\n<li>T\u00e9cnico de Apoio ao Usu\u00e1rio de Computadores: 13 nomeados<\/li>\n\n\n\n<li>T\u00e9cnico de Manuten\u00e7\u00e3o de Computadores (Hardware): 7 nomeados<\/li>\n<\/ul><h3 class=\"wp-block-heading\">Nota de corte<\/h3>\n\n\n\n<p>As notas de corte do concurso Aleam variaram conforme o cargo. Veja abaixo alguns exemplos:<\/p>\n\n\n\n<ul class=\"wp-block-list\"><li><strong>Administrador de Empresas: <\/strong>\n<ul class=\"wp-block-list\"><li>1\u00ba colocado: 57 pontos<\/li>\n\n\n\n<li>3\u00ba colocado: 55 pontos<\/li>\n<\/ul><\/li>\n\n\n\n<li><strong>Assistente T\u00e9cnico Administrativo:<\/strong>\n<ul class=\"wp-block-list\"><li>1\u00ba colocado: 62 pontos<\/li>\n\n\n\n<li>20\u00ba colocado: 53 pontos<\/li>\n<\/ul><\/li>\n<\/ul><p>Acesse sempre nosso blog para conferir atualiza\u00e7\u00f5es, editais e dicas de estudo para o concurso Aleam. Boa prova e bons estudos!<\/p>\n\n\n\n<p><\/p>","protected":false},"excerpt":{"rendered":"<p>O concurso ALEAM oferta mais de 360 vagas e sal\u00e1rios iniciais que podem chegar a R$ 30,1 mil. <\/p>\n","protected":false},"author":54696,"featured_media":301336,"comment_status":"closed","ping_status":"closed","sticky":false,"template":"","format":"standard","meta":{"_acf_changed":false,"footnotes":"","_wp_rev_ctl_limit":""},"categories":[44999,44969,44996],"tags":[45300,45301],"class_list":["post-160228","post","type-post","status-publish","format-standard","has-post-thumbnail","hentry","category-concursos","category-am","category-carreira-legislativa","tag-concurso-aleam","tag-concursos-abertos-am"],"acf":[],"_links":{"self":[{"href":"https:\/\/www.novaconcursos.com.br\/portal\/wp-json\/wp\/v2\/posts\/160228","targetHints":{"allow":["GET"]}}],"collection":[{"href":"https:\/\/www.novaconcursos.com.br\/portal\/wp-json\/wp\/v2\/posts"}],"about":[{"href":"https:\/\/www.novaconcursos.com.br\/portal\/wp-json\/wp\/v2\/types\/post"}],"author":[{"embeddable":true,"href":"https:\/\/www.novaconcursos.com.br\/portal\/wp-json\/wp\/v2\/users\/54696"}],"replies":[{"embeddable":true,"href":"https:\/\/www.novaconcursos.com.br\/portal\/wp-json\/wp\/v2\/comments?post=160228"}],"version-history":[{"count":31,"href":"https:\/\/www.novaconcursos.com.br\/portal\/wp-json\/wp\/v2\/posts\/160228\/revisions"}],"predecessor-version":[{"id":304002,"href":"https:\/\/www.novaconcursos.com.br\/portal\/wp-json\/wp\/v2\/posts\/160228\/revisions\/304002"}],"wp:featuredmedia":[{"embeddable":true,"href":"https:\/\/www.novaconcursos.com.br\/portal\/wp-json\/wp\/v2\/media\/301336"}],"wp:attachment":[{"href":"https:\/\/www.novaconcursos.com.br\/portal\/wp-json\/wp\/v2\/media?parent=160228"}],"wp:term":[{"taxonomy":"category","embeddable":true,"href":"https:\/\/www.novaconcursos.com.br\/portal\/wp-json\/wp\/v2\/categories?post=160228"},{"taxonomy":"post_tag","embeddable":true,"href":"https:\/\/www.novaconcursos.com.br\/portal\/wp-json\/wp\/v2\/tags?post=160228"}],"curies":[{"name":"wp","href":"https:\/\/api.w.org\/{rel}","templated":true}]}}