{"id":160396,"date":"2022-05-03T11:18:00","date_gmt":"2022-05-03T14:18:00","guid":{"rendered":"https:\/\/www.novaconcursos.com.br\/portal\/?p=160396"},"modified":"2022-05-03T11:18:04","modified_gmt":"2022-05-03T14:18:04","slug":"concurso-cvm-edital-solicitado-ao-me","status":"publish","type":"post","link":"https:\/\/www.novaconcursos.com.br\/portal\/noticias\/concurso-cvm-edital-solicitado-ao-me\/","title":{"rendered":"Concurso CVM: novo edital \u00e9 solicitado ao ME. 127 vagas!"},"content":{"rendered":"<p>Aguardado desde 2019, um\u00a0<a href=\"https:\/\/www.novaconcursos.com.br\/portal\/concursos\/concurso-cvm\/\">novo concurso CVM<\/a>\u00a0(Comiss\u00e3o de Valores Mobili\u00e1rios) deve ser publicado\u00a0<strong>em 2022<\/strong>. Isso porque um novo pedido foi enviado ao\u00a0<strong>Minist\u00e9rio da Economia<\/strong> para 127 vagas!<\/p>\n\n\n\n<ul class=\"wp-block-list\"><li><strong>Confira:\u00a0<\/strong><a href=\"https:\/\/www.novaconcursos.com.br\/eventos\/raciocinio-logico-concursos\/\" target=\"_blank\" rel=\"noreferrer noopener\" aria-label=\" (abre numa nova aba)\">Guia Racioc\u00ednio L\u00f3gico para Concursos (Gr\u00e1tis)<\/a><\/li><\/ul><p><\/p>\n\n\n\n<p>Estude para o concurso dos seus sonhos com a\u00a0<a rel=\"noreferrer noopener\" aria-label=\" (abre numa nova aba)\" href=\"https:\/\/www.novaconcursos.com.br\/eventos\/assinatura\" target=\"_blank\">Assinatura Completa da Nova<\/a>. Tenha acesso a Cursos, Plataforma de Quest\u00f5es, Eventos Exclusivos para Assinantes e Muito Mais!<\/p>\n\n\n\n<h2 class=\"wp-block-heading\" id=\"concurso-cvm-pedido-enviado-ao-ministrio-da-economia\">Concurso CVM: pedido enviado ao Minist\u00e9rio da Economia!<\/h2>\n\n\n\n<p>Um novo <strong>pedido <\/strong>de <strong>edital <\/strong>para o concurso p\u00fablico da Comiss\u00e3o de Valores Mobili\u00e1rios, foi <strong>enviado <\/strong>ao Minist\u00e9rio da Economia (ME).<\/p>\n\n\n\n<p>Assim, o pedido foi enviado na \u00faltima sexta-feira (29\/05), para o preenchimento de <strong>127 vagas<\/strong>, em cargos dos<strong> n\u00edveis m\u00e9dio e superior.\u00a0<\/strong><\/p>\n\n\n\n<p>Entretanto, 50 vagas s\u00e3o\u00a0para a carreira de Agente Executivo, que exige o\u00a0<strong>n\u00edvel m\u00e9dio<\/strong>\u00a0e conta\u00a0com\u00a0sal\u00e1rios iniciais de R$7.647,98, j\u00e1 incluso com o aux\u00edlio-alimenta\u00e7\u00e3o de R$458.<\/p>\n\n\n\n<p>Al\u00e9m disso, 27 s\u00e3o para Inspetores (n\u00edvel superior, espec\u00edfico) e outras 50 para Analistas (n\u00edvel superior em qualquer \u00e1rea).<\/p>\n\n\n\n<p><em>\u201cA insufici\u00eancia do quadro de pessoal hoje existente e os riscos operacionais da\u00ed advindos v\u00eam sendo objeto de alertas de nossa parte a esse Minist\u00e9rio recorrentemente, seja nos Relat\u00f3rios de Supervis\u00e3o Baseada em Risco, seja nos pedidos de autoriza\u00e7\u00e3o de concurso, seja em tratativas diversas\u201d,<\/em> diz o presidente da CVM,\u00a0Marcelo Barbosa, no of\u00edcio ao ME.<\/p>\n\n\n\n<h2 class=\"wp-block-heading\" id=\"como-foi-o-ltimo-certame-cvm\">Como foi o \u00faltimo certame CVM?<\/h2>\n\n\n\n<p>Como mencionado anteriormente, o \u00faltimo\u00a0<a href=\"https:\/\/www.novaconcursos.com.br\/portal\/concursos-previstos\/nacional\/\">concurso\u00a0<\/a>CVM aconteceu em 2010 e\u00a0<strong>perdeu a validade em 2014<\/strong>. <\/p>\n\n\n\n<p>Em outras palavras, n\u00e3o existe mais um\u00a0<strong>cadastro de reserva<\/strong>\u00a0para repor vac\u00e2ncias h\u00e1 cerca de sete anos.<\/p>\n\n\n\n<p>Em 2010, foram ofertadas\u00a0<strong>150 vagas\u00a0<\/strong>para as carreiras de Inspetor, Analista e Agente Executivo, cujas avalia\u00e7\u00f5es foram organizadas pela\u00a0<strong>Esaf<\/strong>.<\/p>\n\n\n\n<p>Os inscritos no concurso tiveram de passar por\u00a0<strong>Provas Objetivas e Discursivas<\/strong>\u00a0como forma de avalia\u00e7\u00e3o e as mat\u00e9rias que precisaram ser estudadas variaram de acordo com o n\u00edvel do cargo concorrido.<\/p>\n\n\n\n<p>Para o\u00a0<strong>n\u00edvel m\u00e9dio<\/strong>, por exemplo, foram cobradas\u00a0<strong>quest\u00f5es sobre<\/strong>\u00a0L\u00edngua Portuguesa, Estrutura do Mercado de Valores Mobili\u00e1rios, Conhecimentos B\u00e1sicos de Administra\u00e7\u00e3o, bem como Conhecimentos Contempor\u00e2neos e Administra\u00e7\u00e3o P\u00fablica.<\/p>\n\n\n\n<p>Por fim, os candidatos de<strong>\u00a0n\u00edvel superior\u00a0<\/strong>tamb\u00e9m tiveram de responder quest\u00f5es sobre Funcionamento do Mercado de Valores Mobili\u00e1rios e Economia, entre outras mat\u00e9rias.<\/p>\n\n\n\n<ul class=\"wp-block-list\"><li><strong>Inspetor:<\/strong><ul><li>Objetiva de Conhecimentos Gerais, de car\u00e1ter seletivo, eliminat\u00f3rio e classificat\u00f3rio, valendo, no m\u00e1ximo, 40 pontos;<\/li><li>Objetiva de Conhecimentos Espec\u00edficos, de car\u00e1ter seletivo, eliminat\u00f3rio e classificat\u00f3rio, valendo, no m\u00e1ximo, 60 pontos;<\/li><li>Discursiva \u2013 de car\u00e1ter seletivo, eliminat\u00f3rio e classificat\u00f3rio, valendo, no m\u00e1ximo, 10 pontos;<\/li><\/ul><\/li><li><strong>Analista (todas as \u00c1reas de Especializa\u00e7\u00e3o):<\/strong><ul><li>Objetiva de Conhecimentos Gerais, de car\u00e1ter seletivo, eliminat\u00f3rio e classificat\u00f3rio, valendo, no m\u00e1ximo, 40 pontos;<\/li><li>Objetiva de Conhecimentos Espec\u00edficos, de car\u00e1ter seletivo, eliminat\u00f3rio e classificat\u00f3rio, valendo, no m\u00e1ximo, 60 pontos;<\/li><li>Discursiva \u2013 de car\u00e1ter seletivo, eliminat\u00f3rio e classificat\u00f3rio, valendo, no m\u00e1ximo, 10 pontos;<\/li><\/ul><\/li><li><strong>Agente Executivo:<\/strong><ul><li>Objetiva de Conhecimentos Gerais, de car\u00e1ter seletivo, eliminat\u00f3rio e classificat\u00f3rio, valendo, no m\u00e1ximo, 35 pontos;<\/li><li>Objetiva de Conhecimentos Espec\u00edficos, de car\u00e1ter seletivo, eliminat\u00f3rio e classificat\u00f3rio, valendo, no m\u00e1ximo, 55 pontos;<\/li><li>Discursiva \u2013 de car\u00e1ter seletivo, eliminat\u00f3rio e classificat\u00f3rio, valendo, no m\u00e1ximo, 10 pontos.<\/li><\/ul><\/li><\/ul><figure class=\"wp-block-image size-large\"><a href=\"https:\/\/www.novaconcursos.com.br\/eventos\/assinatura\" target=\"_blank\" rel=\"noreferrer noopener\"><img decoding=\"async\" src=\"https:\/\/www.novaconcursos.com.br\/portal\/wp-content\/uploads\/2022\/01\/Faixa-Frete-Gr%E2%80%A0tis-portal.png\" alt=\"assinatura completa\" class=\"wp-image-153078\" loading=\"lazy\" title=\"\"><\/a><figcaption><\/figcaption><\/figure>","protected":false},"excerpt":{"rendered":"<p>Aguardado desde 2019, um\u00a0novo concurso CVM\u00a0(Comiss\u00e3o de Valores Mobili\u00e1rios) deve ser publicado\u00a0em 2022. Isso porque um novo pedido foi enviado ao\u00a0Minist\u00e9rio da Economia para 127 vagas! Confira:\u00a0Guia Racioc\u00ednio L\u00f3gico para Concursos (Gr\u00e1tis) Estude para o concurso dos seus sonhos com a\u00a0Assinatura Completa da Nova. Tenha acesso a Cursos, Plataforma de Quest\u00f5es, Eventos Exclusivos para Assinantes [&hellip;]<\/p>\n","protected":false},"author":54671,"featured_media":160397,"comment_status":"closed","ping_status":"closed","sticky":false,"template":"","format":"standard","meta":{"_acf_changed":false,"footnotes":"","_wp_rev_ctl_limit":""},"categories":[228],"tags":[],"class_list":["post-160396","post","type-post","status-publish","format-standard","has-post-thumbnail","hentry","category-noticias"],"acf":[],"_links":{"self":[{"href":"https:\/\/www.novaconcursos.com.br\/portal\/wp-json\/wp\/v2\/posts\/160396","targetHints":{"allow":["GET"]}}],"collection":[{"href":"https:\/\/www.novaconcursos.com.br\/portal\/wp-json\/wp\/v2\/posts"}],"about":[{"href":"https:\/\/www.novaconcursos.com.br\/portal\/wp-json\/wp\/v2\/types\/post"}],"author":[{"embeddable":true,"href":"https:\/\/www.novaconcursos.com.br\/portal\/wp-json\/wp\/v2\/users\/54671"}],"replies":[{"embeddable":true,"href":"https:\/\/www.novaconcursos.com.br\/portal\/wp-json\/wp\/v2\/comments?post=160396"}],"version-history":[{"count":7,"href":"https:\/\/www.novaconcursos.com.br\/portal\/wp-json\/wp\/v2\/posts\/160396\/revisions"}],"predecessor-version":[{"id":160405,"href":"https:\/\/www.novaconcursos.com.br\/portal\/wp-json\/wp\/v2\/posts\/160396\/revisions\/160405"}],"wp:featuredmedia":[{"embeddable":true,"href":"https:\/\/www.novaconcursos.com.br\/portal\/wp-json\/wp\/v2\/media\/160397"}],"wp:attachment":[{"href":"https:\/\/www.novaconcursos.com.br\/portal\/wp-json\/wp\/v2\/media?parent=160396"}],"wp:term":[{"taxonomy":"category","embeddable":true,"href":"https:\/\/www.novaconcursos.com.br\/portal\/wp-json\/wp\/v2\/categories?post=160396"},{"taxonomy":"post_tag","embeddable":true,"href":"https:\/\/www.novaconcursos.com.br\/portal\/wp-json\/wp\/v2\/tags?post=160396"}],"curies":[{"name":"wp","href":"https:\/\/api.w.org\/{rel}","templated":true}]}}