{"id":160517,"date":"2022-05-04T11:20:03","date_gmt":"2022-05-04T14:20:03","guid":{"rendered":"https:\/\/www.novaconcursos.com.br\/portal\/?p=160517"},"modified":"2022-05-04T11:20:07","modified_gmt":"2022-05-04T14:20:07","slug":"concurso-excedentes-serao-convocados-na-pf-e-prf","status":"publish","type":"post","link":"https:\/\/www.novaconcursos.com.br\/portal\/noticias\/concurso-excedentes-serao-convocados-na-pf-e-prf\/","title":{"rendered":"Concurso Federal: 625 excedentes ser\u00e3o convocados na PF e PRF!"},"content":{"rendered":"<p>Aten\u00e7\u00e3o concurseiros! O\u00a0<strong>presidente\u00a0<\/strong>da Rep\u00fablica, Jair Bolsonaro, confirmou que ser\u00e3o convocados 625 excedentes em cada corpora\u00e7\u00e3o para o\u00a0<a href=\"https:\/\/www.novaconcursos.com.br\/portal\/concursos\/concurso-policia-federal\/\">Concurso PF<\/a>\u00a0e o\u00a0<a href=\"https:\/\/www.novaconcursos.com.br\/portal\/concursos\/concurso-prf\/\">Concurso PRF<\/a>. Saiba detalhes!<\/p>\n\n\n\n<ul class=\"wp-block-list\"><li><strong>Confira:<\/strong>\u00a0<a rel=\"noreferrer noopener\" aria-label=\" (abre numa nova aba)\" href=\"https:\/\/www.novaconcursos.com.br\/eventos\/curso-gratis-prf\/\" target=\"_blank\">Curso Gr\u00e1tis Pol\u00edcia Rodovi\u00e1ria Federal<\/a><\/li><\/ul><p><\/p>\n\n\n\n<p>Estude para o concurso dos seus sonhos com a\u00a0<a href=\"https:\/\/www.novaconcursos.com.br\/eventos\/assinatura\" target=\"_blank\" rel=\"noreferrer noopener\" aria-label=\" (abre numa nova aba)\">Assinatura Completa da Nova<\/a>\u00a0. Tenha acesso a Cursos, Plataforma de Quest\u00f5es, Eventos Exclusivos para Assinantes e Muito Mais!<\/p>\n\n\n\n<h2 class=\"wp-block-heading\" id=\"concursos-pf-e-prf-quando-sairo-as-convocaes\">Concursos PF e PRF: quando sair\u00e3o as convoca\u00e7\u00f5es?<\/h2>\n\n\n\n<p>O presidente Jair Bolsonaro confirmou que ser\u00e3o convocados mais 1.250 excedentes nos <a href=\"https:\/\/www.novaconcursos.com.br\/portal\/concursos-previstos\/nacional\">concursos <\/a>da<strong> Pol\u00edcia Federal e Pol\u00edcia Rodovi\u00e1ria Federal.<\/strong><\/p>\n\n\n\n<ul class=\"wp-block-list\"><li><strong>Adquira<\/strong>:\u00a0<ul><li><a href=\"https:\/\/www.novaconcursos.com.br\/concurso\/pf-policia-federal\/apostila\">Apostila Concurso PF<\/a><\/li><li><a href=\"https:\/\/www.novaconcursos.com.br\/concurso\/pf-policia-federal\/curso-online\">Curso Online PF<\/a><\/li><li><a href=\"https:\/\/www.novaconcursos.com.br\/concurso\/prf-policia-rodoviaria-federal\/apostila\">Apostila Concurso PRF<\/a><\/li><li><a href=\"https:\/\/www.novaconcursos.com.br\/concurso\/prf-policia-rodoviaria-federal\/curso-online\">Curso Online PRF<\/a><\/li><\/ul><\/li><\/ul><p><\/p>\n\n\n\n<p>Assim, ser\u00e3o<strong> 625 vagas\u00a0em cada corpora\u00e7\u00e3o<\/strong>, que far\u00e3o parte de um novo CFP que deve acontecer ainda este ano.<\/p>\n\n\n\n<p>Portanto, a informa\u00e7\u00e3o foi <strong>confirmada pelo presidente<\/strong> nesta ter\u00e7a-feira (3), em conversa com apoiadores e com a imprensa no Pal\u00e1cio da Alvorada.<\/p>\n\n\n\n<p><em>\u201cHoje foi acertado mais 625 vagas para cada for\u00e7a (PF e PRF). Foi o que deu para fazer. Os demais ter\u00e3o outra oportunidade, talvez esse ano ainda acabando as elei\u00e7\u00f5es\u201d<\/em>, disse o presidente.<\/p>\n\n\n\n<p>Posteriormente, o presidente foi <strong>questionado sobre o decreto <\/strong>que chamaria os excedentes e respondeu o seguinte:<\/p>\n\n\n\n<p><em>\u201cTudo o que eu podia fazer eu fiz. Voc\u00eas j\u00e1 s\u00e3o considerados excedentes\u201d<\/em>, disse o presidente!<\/p>\n\n\n\n<p>Essa possibilidade se<strong> tornou poss\u00edvel em virtude<\/strong> do\u00a0<a rel=\"noreferrer noopener\" href=\"https:\/\/www12.senado.leg.br\/noticias\/materias\/2022\/04\/28\/congresso-aprova-mais-r-2-6-bi-para-despesas-do-governo-e-plano-safra\" target=\"_blank\">PLN 1\/2022<\/a>, que foi aprovado no Congresso Nacional e acrescenta R$ 2,57 bilh\u00f5es ao or\u00e7amento da Uni\u00e3o ao longo deste ano.<\/p>\n\n\n\n<p>Assim, a <strong>demanda foi aliada<\/strong> com o secret\u00e1rio especial de Desburocratiza\u00e7\u00e3o, Gest\u00e3o e Governo Digital do Minist\u00e9rio da Economia, Caio Mario Paes de Andrade. <\/p>\n\n\n\n<h3 class=\"wp-block-heading\">Presidente tentou mais vagas<\/h3>\n\n\n\n<p>O Presidente Jair Bolsonaro afirmou que tentou que mais candidatos fossem convocados. Assim, <strong>chegou a pedir 1.000 <\/strong>em cada!<\/p>\n\n\n\n<p>Portanto, o pedido foi feito durante liga\u00e7\u00e3o ao ministro Anderson Torres. Entretanto, o <strong>quantitativo n\u00e3o foi poss\u00edvel.<\/strong><\/p>\n\n\n\n<p>De acordo com o presidente, <strong>mais convoca\u00e7\u00f5es seria importante <\/strong>para ambas pol\u00edcias, que s\u00e3o lucrativas!<\/p>\n\n\n\n<h3 class=\"wp-block-heading\">Qual o pr\u00f3ximo passo?<\/h3>\n\n\n\n<p>Sendo assim, o pr\u00f3ximo passo<strong> agora \u00e9 a publica\u00e7\u00e3o do decreto <\/strong>no Di\u00e1rio Oficial da Uni\u00e3o.<\/p>\n\n\n\n<p>Al\u00e9m disso, na conversa com o Anderson Torres, o presidente ainda deixou evidente a possibilidade de formar essas<strong> novas turmas ainda em 2022.\u00a0<\/strong><\/p>\n\n\n\n<h3 class=\"wp-block-heading\">Chamada j\u00e1 vinha sendo estudada<\/h3>\n\n\n\n<p>Vale destacar ainda que o presidente <strong>j\u00e1 havia mencionado anteriormente <\/strong>que iria chamar mais 1.000 excedentes, sendo 500 para cada corpora\u00e7\u00e3o. A fala foi dada em abril!<\/p>\n\n\n\n<p><em>\u201cO que est\u00e1 acertado s\u00e3o mais de 500 [candidatos a serem nomeados] para PF e 500 para PRF. Est\u00e1 fechado, acertei com a Economia, est\u00e1 tudo certo. N\u00e3o tem como n\u00e3o dar certo\u201d<\/em>, disse Bolsonaro.<\/p>\n\n\n\n<p>Al\u00e9m disso, tanto a Pol\u00edcia Federal quanto a Pol\u00edcia Rodovi\u00e1ria Federal j\u00e1 realizam<strong> curso de forma\u00e7\u00e3o <\/strong>das primeiras turmas.<\/p>\n\n\n\n<p>Ademais, as duas tamb\u00e9m j\u00e1 <strong>tiveram as suas primeiras <\/strong>formaturas de aprovados podendo tomar posse nos cargos.<\/p>\n\n\n\n<h2 class=\"wp-block-heading\" id=\"concursos-pf-e-prf-editais-ofertados-somam-3-mil-vagas\"><strong>Concursos PF e PRF: editais ofertados somam 3 mil vagas<\/strong><\/h2>\n\n\n\n<p>Vale destacar que, juntos, os editais dos\u00a0<a href=\"https:\/\/www.novaconcursos.com.br\/portal\/concursos-abertos\/nacional\">concursos\u00a0<\/a>da Pol\u00edcia Federal e Pol\u00edcia Rodovi\u00e1ria Federal\u00a0<strong>somam 3 mil vagas.<\/strong><\/p>\n\n\n\n<p>Assim, s\u00e3o\u00a0<strong>1.500 para cada corpora\u00e7\u00e3o<\/strong>. Em janeiro deste ano,\u00a0Jair Bolsonaro prometeu chamar, pelo menos, 500 excedentes em cada pol\u00edcia.\u00a0<\/p>\n\n\n\n<p>Na PRF, o cargo ofertado \u00e9 de\u00a0<strong>Policial Rodovi\u00e1rio Federal<\/strong>, que tem exig\u00eancia de n\u00edvel superior em qualquer \u00e1rea. Entretanto, \u00e9 preciso ainda CNH, no m\u00ednimo, na categoria B.<\/p>\n\n\n\n<p>Enquanto isso, na PF, as vagas s\u00e3o para o<strong>\u00a0n\u00edvel superior.<\/strong>\u00a0Assim, com jornada de 40 horas semanais, confira a divis\u00e3o de cargos:<\/p>\n\n\n\n<ul class=\"wp-block-list\"><li><strong>Agente de pol\u00edcia<\/strong>\u00a0\u00a0\u2013 893 vagas<\/li><li><strong>Escriv\u00e3o de pol\u00edcia\u00a0<\/strong>\u00a0\u2013 400 vagas;<\/li><li><strong>Papiloscopista policial federal\u00a0<\/strong>\u00a0\u2013 84 vagas;<\/li><li><strong>Delegado de pol\u00edcia<\/strong>\u00a0\u00a0\u2013 123 vagas.<\/li><\/ul><p><\/p>\n\n\n\n<figure class=\"wp-block-image size-large\"><a href=\"https:\/\/www.novaconcursos.com.br\/eventos\/assinatura\" target=\"_blank\" rel=\"noreferrer noopener\"><img decoding=\"async\" src=\"https:\/\/www.novaconcursos.com.br\/portal\/wp-content\/uploads\/2022\/01\/Faixa-Frete-Gr%E2%80%A0tis-portal.png\" alt=\"assinatura completa\" class=\"wp-image-153078\" loading=\"lazy\" title=\"\"><\/a><figcaption><\/figcaption><\/figure>","protected":false},"excerpt":{"rendered":"<p>Aten\u00e7\u00e3o concurseiros! O\u00a0presidente\u00a0da Rep\u00fablica, Jair Bolsonaro, confirmou que ser\u00e3o convocados 625 excedentes em cada corpora\u00e7\u00e3o para o\u00a0Concurso PF\u00a0e o\u00a0Concurso PRF. Saiba detalhes! Confira:\u00a0Curso Gr\u00e1tis Pol\u00edcia Rodovi\u00e1ria Federal Estude para o concurso dos seus sonhos com a\u00a0Assinatura Completa da Nova\u00a0. Tenha acesso a Cursos, Plataforma de Quest\u00f5es, Eventos Exclusivos para Assinantes e Muito Mais! Concursos PF [&hellip;]<\/p>\n","protected":false},"author":54671,"featured_media":156720,"comment_status":"closed","ping_status":"closed","sticky":false,"template":"","format":"standard","meta":{"_acf_changed":false,"footnotes":"","_wp_rev_ctl_limit":""},"categories":[228],"tags":[],"class_list":["post-160517","post","type-post","status-publish","format-standard","has-post-thumbnail","hentry","category-noticias"],"acf":[],"_links":{"self":[{"href":"https:\/\/www.novaconcursos.com.br\/portal\/wp-json\/wp\/v2\/posts\/160517","targetHints":{"allow":["GET"]}}],"collection":[{"href":"https:\/\/www.novaconcursos.com.br\/portal\/wp-json\/wp\/v2\/posts"}],"about":[{"href":"https:\/\/www.novaconcursos.com.br\/portal\/wp-json\/wp\/v2\/types\/post"}],"author":[{"embeddable":true,"href":"https:\/\/www.novaconcursos.com.br\/portal\/wp-json\/wp\/v2\/users\/54671"}],"replies":[{"embeddable":true,"href":"https:\/\/www.novaconcursos.com.br\/portal\/wp-json\/wp\/v2\/comments?post=160517"}],"version-history":[{"count":6,"href":"https:\/\/www.novaconcursos.com.br\/portal\/wp-json\/wp\/v2\/posts\/160517\/revisions"}],"predecessor-version":[{"id":160529,"href":"https:\/\/www.novaconcursos.com.br\/portal\/wp-json\/wp\/v2\/posts\/160517\/revisions\/160529"}],"wp:featuredmedia":[{"embeddable":true,"href":"https:\/\/www.novaconcursos.com.br\/portal\/wp-json\/wp\/v2\/media\/156720"}],"wp:attachment":[{"href":"https:\/\/www.novaconcursos.com.br\/portal\/wp-json\/wp\/v2\/media?parent=160517"}],"wp:term":[{"taxonomy":"category","embeddable":true,"href":"https:\/\/www.novaconcursos.com.br\/portal\/wp-json\/wp\/v2\/categories?post=160517"},{"taxonomy":"post_tag","embeddable":true,"href":"https:\/\/www.novaconcursos.com.br\/portal\/wp-json\/wp\/v2\/tags?post=160517"}],"curies":[{"name":"wp","href":"https:\/\/api.w.org\/{rel}","templated":true}]}}