{"id":160522,"date":"2022-05-04T11:19:46","date_gmt":"2022-05-04T14:19:46","guid":{"rendered":"https:\/\/www.novaconcursos.com.br\/portal\/?p=160522"},"modified":"2025-04-23T14:28:34","modified_gmt":"2025-04-23T17:28:34","slug":"concursos-manaus-aprovado-pl-professores","status":"publish","type":"post","link":"https:\/\/www.novaconcursos.com.br\/portal\/noticias\/concursos-manaus-aprovado-pl-professores\/","title":{"rendered":"Concursos Manaus: PL que cria 3 mil vagas \u00e9 aprovado na C\u00e2mara!"},"content":{"rendered":"<p>Novidades para os concurseiros! Foi aprovado pela C\u00e2mara Municipal de Manaus o <strong>Projeto de Lei<\/strong> que cria mais de <strong>3 mil cargos de Professor<\/strong>, o que far\u00e1 poss\u00edvel que novos concursos Manaus aconte\u00e7am. Ademais, vale recordar que o<strong> \u00faltimo concurso<\/strong> para a carreira ocorreu <strong>em 2018.<\/strong><\/p>\n\n\n\n<p>Portanto, um novo concurso para a Secretaria Municipal de Educa\u00e7\u00e3o de Manaus (Semed) poder\u00e1 <strong>ocorrer em breve,<\/strong> visto que foi aprovado pela C\u00e2mara de Manaus o PL que <strong>cria 3.500 vagas para Professores<\/strong>. Ademais, aprovados em cadastro reserva do \u00faltimo concurso poder\u00e3o ser <strong>convocados.<\/strong><\/p>\n\n\n\n<p>Al\u00e9m disso, vale destacar que a realiza\u00e7\u00e3o de uma nova sele\u00e7\u00e3o \u00e9 de <strong>extrema import\u00e2ncia<\/strong>, visto que a Secretaria conta atualmente com<strong> 850 professores<\/strong> contratados <strong>temporariamente <\/strong>por meio de processo seletivo simplificado, de forma que d\u00e9ficits podem ocorrer <strong>em breve.<\/strong><\/p>\n\n\n\n<h2 class=\"wp-block-heading\" id=\"concursos-manaus-projeto-de-lei-aprovado\"><strong>Concursos Manaus: projeto de lei aprovado<\/strong><\/h2>\n\n\n\n<p>Sendo assim, na \u00faltima segunda-feira,<strong> 02 de maio,<\/strong> foi aprovado na C\u00e2mara Municipal de Manaus o<strong> Projeto de Lei<\/strong> que visa a cria\u00e7\u00e3o de<strong> 3.500 cargos para Professores<\/strong> da Semed.<\/p>\n\n\n\n<p>Dessa forma, tal aprova\u00e7\u00e3o permitir\u00e1 que um novo <a href=\"https:\/\/www.novaconcursos.com.br\/portal\/concursos-previstos\/am\/\">concurso p\u00fablico<\/a> para a Secretaria aconte\u00e7a, o que \u00e9 <strong>fundamental,<\/strong> visto que existem atualmente <strong>850 professores tempor\u00e1rios<\/strong> na rede que j\u00e1 contam com contratos <strong>prorrogados.<\/strong><\/p>\n\n\n\n<p>Al\u00e9m disso, o que se prev\u00ea \u00e9 que parte do quantitativo aprovado seja preenchido pelos <strong>candidatos aprovados em cadastro reserva <\/strong>no \u00faltimo concurso p\u00fablico<strong> <\/strong>realizado pela Semed, <strong>de 2018,<\/strong> de forma que as convoca\u00e7\u00f5es poder\u00e3o ocorrer <strong>muito em breve.<\/strong><\/p>\n\n\n\n<p>\u00c9 igualmente importante destacar que o <strong>novo concurso p\u00fablico<\/strong> para Professores poder\u00e1 contar com edital publicado<strong> j\u00e1 no segundo semestre de 2022<\/strong>, de acordo com a Secret\u00e1ria Municipal de Educa\u00e7\u00e3o, Dulce Almeida.<\/p>\n\n\n\n<h2 class=\"wp-block-heading\" id=\"ltimo-concurso-semed-manaus\"><strong>\u00daltimo concurso Semed Manaus<\/strong><\/h2>\n\n\n\n<p>Por fim, enquanto maiores detalhes acerca da nova sele\u00e7\u00e3o n\u00e3o s\u00e3o divulgados \u00e9 essencial que os interessados <strong>iniciem sua prepara\u00e7\u00e3o<\/strong> com base no <strong>\u00faltimo edital,<\/strong> visto que muitos dos detalhes poder\u00e3o ser <strong>os mesmos<\/strong> no novo documento.<\/p>\n\n\n\n<p>Nesse sentido, o \u00faltimo concurso Semed Manaus para <strong>Professores <\/strong>ocorreu <strong>em 2018<\/strong> sob a organiza\u00e7\u00e3o da Funcab, quando foram ofertadas <strong>400 oportunidades <\/strong>imediatas, al\u00e9m de vagas tamb\u00e9m para a forma\u00e7\u00e3o de <strong>cadastro reserva.<\/strong><\/p>\n\n\n\n<p>Al\u00e9m disso, foram contempladas <strong>uma s\u00e9rie de especialidades<\/strong> da carreira de <strong>n\u00edvel superior<\/strong>, sendo elas:<\/p>\n\n\n\n<ul class=\"wp-block-list\"><li>Professor de Artes \u2013 04 + CR;<\/li>\n\n\n\n<li>Ci\u00eancias \u2013 37 + CR;<\/li>\n\n\n\n<li>Educa\u00e7\u00e3o F\u00edsica \u2013 23 + CR;<\/li>\n\n\n\n<li>Ensino Religioso \u2013 05 + CR;<\/li>\n\n\n\n<li>Geografia \u2013 08 + CR;<\/li>\n\n\n\n<li>Hist\u00f3ria \u2013 08 + CR;<\/li>\n\n\n\n<li>L\u00edngua Inglesa \u2013 03 + CR;<\/li>\n\n\n\n<li>L\u00edngua Portuguesa \u2013 05 + CR;<\/li>\n\n\n\n<li>Matem\u00e1tica \u2013 60 + CR;<\/li>\n\n\n\n<li>Professor de 1\u00ba ao 5 \u00ba ano \u2013 146 + CR;<\/li>\n\n\n\n<li>Educa\u00e7\u00e3o Infantil \u2013 101 +CR.<\/li>\n<\/ul><p><\/p>\n\n\n\n<p>Ademais, os aprovados nessa sele\u00e7\u00e3o contaram com<strong> remunera\u00e7\u00f5es<\/strong> que possu\u00edam o valor de <strong>R$ 1.665,89<\/strong> para as jornadas de trabalho de <strong>20 horas semanais.<\/strong><\/p>\n\n\n\n<h2 class=\"wp-block-heading\" id=\"etapas-avaliativas-do-ltimo-concurso\"><strong>Etapas avaliativas do \u00faltimo concurso<\/strong><\/h2>\n\n\n\n<p>\u00c9 igualmente essencial recordar que os inscritos no \u00faltimo <a href=\"https:\/\/www.novaconcursos.com.br\/portal\/concursos-abertos\/am\/\">concurso<\/a> Semed Manaus para<strong> Professores <\/strong>foram avaliados por meio de <strong>provas objetivas e de t\u00edtulos.<\/strong><\/p>\n\n\n\n<p>Dessa forma, para a <strong>primeira etapa <\/strong>os candidatos da sele\u00e7\u00e3o responderam a <strong>60 quest\u00f5es <\/strong>de m\u00faltipla escolha acerca das <strong>disciplinas<\/strong> indicadas abaixo:<\/p>\n\n\n\n<ul class=\"wp-block-list\"><li>Portugu\u00eas<\/li>\n\n\n\n<li>No\u00e7\u00f5es de Inform\u00e1tica<\/li>\n\n\n\n<li>Conhecimentos Pedag\u00f3gicos<\/li>\n\n\n\n<li>Legisla\u00e7\u00e3o<\/li>\n\n\n\n<li>Conhecimentos Espec\u00edficos<\/li>\n<\/ul><p><\/p>\n\n\n\n<p>Ademais, vale destacar que o concurso p\u00fablico contou com<strong> 22.718 candidatos inscritos <\/strong>e que as lota\u00e7\u00f5es dos aprovados aconteceram em <strong>492 unidades de ensino<\/strong> diferentes. <\/p>\n\n\n\n<figure class=\"wp-block-image size-large\"><a href=\"https:\/\/aprovacao.novaconcursos.com.br\/assinatura\" target=\"_blank\" rel=\"noreferrer noopener\"><img decoding=\"async\" src=\"https:\/\/www.novaconcursos.com.br\/portal\/wp-content\/uploads\/2022\/01\/Faixa-Frete-Gr%E2%80%A0tis-portal.png\" alt=\"assinatura completa\" class=\"wp-image-153078\" loading=\"lazy\" title=\"\"><\/a><figcaption><\/figcaption><\/figure>","protected":false},"excerpt":{"rendered":"<p>Novidades para os concurseiros! Foi aprovado pela C\u00e2mara Municipal de Manaus o Projeto de Lei que cria mais de 3 mil cargos de Professor, o que far\u00e1 poss\u00edvel que novos concursos Manaus aconte\u00e7am. Ademais, vale recordar que o \u00faltimo concurso para a carreira ocorreu em 2018. Portanto, um novo concurso para a Secretaria Municipal de [&hellip;]<\/p>\n","protected":false},"author":54674,"featured_media":160523,"comment_status":"closed","ping_status":"closed","sticky":false,"template":"","format":"standard","meta":{"_acf_changed":false,"footnotes":"","_wp_rev_ctl_limit":""},"categories":[228],"tags":[],"class_list":["post-160522","post","type-post","status-publish","format-standard","has-post-thumbnail","hentry","category-noticias"],"acf":[],"_links":{"self":[{"href":"https:\/\/www.novaconcursos.com.br\/portal\/wp-json\/wp\/v2\/posts\/160522","targetHints":{"allow":["GET"]}}],"collection":[{"href":"https:\/\/www.novaconcursos.com.br\/portal\/wp-json\/wp\/v2\/posts"}],"about":[{"href":"https:\/\/www.novaconcursos.com.br\/portal\/wp-json\/wp\/v2\/types\/post"}],"author":[{"embeddable":true,"href":"https:\/\/www.novaconcursos.com.br\/portal\/wp-json\/wp\/v2\/users\/54674"}],"replies":[{"embeddable":true,"href":"https:\/\/www.novaconcursos.com.br\/portal\/wp-json\/wp\/v2\/comments?post=160522"}],"version-history":[{"count":5,"href":"https:\/\/www.novaconcursos.com.br\/portal\/wp-json\/wp\/v2\/posts\/160522\/revisions"}],"predecessor-version":[{"id":280218,"href":"https:\/\/www.novaconcursos.com.br\/portal\/wp-json\/wp\/v2\/posts\/160522\/revisions\/280218"}],"wp:featuredmedia":[{"embeddable":true,"href":"https:\/\/www.novaconcursos.com.br\/portal\/wp-json\/wp\/v2\/media\/160523"}],"wp:attachment":[{"href":"https:\/\/www.novaconcursos.com.br\/portal\/wp-json\/wp\/v2\/media?parent=160522"}],"wp:term":[{"taxonomy":"category","embeddable":true,"href":"https:\/\/www.novaconcursos.com.br\/portal\/wp-json\/wp\/v2\/categories?post=160522"},{"taxonomy":"post_tag","embeddable":true,"href":"https:\/\/www.novaconcursos.com.br\/portal\/wp-json\/wp\/v2\/tags?post=160522"}],"curies":[{"name":"wp","href":"https:\/\/api.w.org\/{rel}","templated":true}]}}