{"id":160578,"date":"2022-05-05T10:13:58","date_gmt":"2022-05-05T13:13:58","guid":{"rendered":"https:\/\/www.novaconcursos.com.br\/portal\/?p=160578"},"modified":"2022-05-05T10:14:03","modified_gmt":"2022-05-05T13:14:03","slug":"concurso-detran-df-edital-ate-julho","status":"publish","type":"post","link":"https:\/\/www.novaconcursos.com.br\/portal\/noticias\/concurso-detran-df-edital-ate-julho\/","title":{"rendered":"Concurso Detran DF: IBFC \u00e9 a banca. Edital at\u00e9 julho!"},"content":{"rendered":"<p>Boas not\u00edcias, concurseiros! A <strong>banca organizadora<\/strong> do <a href=\"https:\/\/www.novaconcursos.com.br\/portal\/concursos\/concurso-detran-df\/\">concurso Detran DF<\/a> <strong>foi definida<\/strong>, de forma que o edital pode ser publicado <strong>muito em breve<\/strong>, at\u00e9 o m\u00eas de<strong> julho. <\/strong>Ademais, ser\u00e3o ofertadas no total <strong>366 oportunidades<\/strong> para essa primeira sele\u00e7\u00e3o de 2022 do Departamento.<\/p>\n\n\n\n<ul class=\"wp-block-list\"><li><strong>Confira: <\/strong><a href=\"https:\/\/www.novaconcursos.com.br\/eventos\/guia-definitivo-como-montar-um-mapa-mental\/\" target=\"_blank\" rel=\"noreferrer noopener\" aria-label=\" (abre numa nova aba)\">Como montar um mapa mental \u2013 Gr\u00e1tis<\/a><\/li><\/ul><p><\/p>\n\n\n\n<p>Portanto, a <strong>banca organizadora<\/strong> do novo concurso do Departamento de Tr\u00e2nsito do Distrito Federal<strong> foi definida,<\/strong> de forma que s\u00e3o poucos os tr\u00e2mites que ainda antecedem a<strong> publica\u00e7\u00e3o do edital.<\/strong> Ademais, vale recordar que o \u00f3rg\u00e3o conta atualmente com mais de <strong>300 cargos vagos.<\/strong><\/p>\n\n\n\n<p>Al\u00e9m disso, \u00e9 importante lembrar que tamb\u00e9m \u00e9 previsto para o <strong>segundo semestre de 2022 <\/strong>um edital para as carreiras de<strong> Especialista e Agente<\/strong>, visto que recentemente foi enviado ao ME um pedido para aumento no <strong>n\u00famero de vagas <\/strong>desses cargos.<\/p>\n\n\n\n<p>Estude para o concurso dos seus sonhos com a <a rel=\"noreferrer noopener\" aria-label=\"Assinatura Completa da Nova. (abre numa nova aba)\" href=\"https:\/\/aprovacao.novaconcursos.com.br\/assinatura\" target=\"_blank\">Assinatura Completa da Nova.<\/a> Tenha acesso a <strong>Cursos, Plataforma de Quest\u00f5es, Eventos Exclusivos <\/strong>para Assinantes e Muito Mais!<\/p>\n\n\n\n<h2 class=\"wp-block-heading\" id=\"concurso-detran-df-edital-at-julho\"><strong>Concurso Detran DF: edital at\u00e9 julho<\/strong><\/h2>\n\n\n\n<p>Sendo assim, o edital do novo concurso Detran DF <strong>\u00e9 iminente,<\/strong> visto que a banca organizadora do certame<strong> foi definida<\/strong>. Dessa forma, o respons\u00e1vel por <strong>receber as inscri\u00e7\u00f5es<\/strong> dos candidatos e por <strong>viabilizar e aplicar <\/strong>as etapas da sele\u00e7\u00e3o \u00e9 o <a href=\"http:\/\/ibfc.org.br\" target=\"_blank\" rel=\"noreferrer noopener\" aria-label=\"IBFC (abre numa nova aba)\">IBFC<\/a> (Instituto Brasileiro de Forma\u00e7\u00e3o e Capacita\u00e7\u00e3o).<\/p>\n\n\n\n<p>Al\u00e9m disso, o pr\u00f3ximo passo \u00e9 a<strong> contrata\u00e7\u00e3o<\/strong> da empresa, para que os \u00faltimos detalhes sejam<strong> formalizados <\/strong>e, em seguida, o edital possa ser <strong>publicado<\/strong>. Portanto, o documento oficial pode ser divulgado<strong> at\u00e9 o m\u00eas de julho.<\/strong><\/p>\n\n\n\n<p>Ademais, de acordo com o diretor-geral do \u00f3rg\u00e3o, as <strong>provas objetivas<\/strong> da sele\u00e7\u00e3o est\u00e3o previstas para o m\u00eas de <strong>outubro,<\/strong> de maneira que as <strong>nomea\u00e7\u00f5es<\/strong> poder\u00e3o ocorrer em<strong> novembro.<\/strong><\/p>\n\n\n\n<h2 class=\"wp-block-heading\" id=\"vagas-cargos-e-remuneraes\"><strong>Vagas, cargos e remunera\u00e7\u00f5es<\/strong><\/h2>\n\n\n\n<p>\u00c9 igualmente essencial mencionar que, por meio de entrevista, o <strong>diretor-geral <\/strong>do Departamento, Thiago Nascimento, deu<strong> maiores detalhes<\/strong> acerca do edital que pode ser publicado <strong>muito em breve.<\/strong><\/p>\n\n\n\n<p>Em suma, de acordo com Nascimento, o novo concurso do Departamento de Tr\u00e2nsito do <a href=\"https:\/\/www.novaconcursos.com.br\/portal\/concursos-previstos\/df\/\">Distrito Federal<\/a> ofertar\u00e1<strong> 366 oportunidades<\/strong> no total, sendo 123 delas <strong>imediatas<\/strong> e 243 voltadas para a forma\u00e7\u00e3o de <strong>cadastro reserva.<\/strong><\/p>\n\n\n\n<p>Sendo assim, confira a <strong>distribui\u00e7\u00e3o <\/strong>das vagas entre os cargos de <strong>n\u00edveis m\u00e9dio e superior<\/strong> a serem contemplados por esse edital:<\/p>\n\n\n\n<p><strong>N\u00edvel M\u00e9dio<\/strong><\/p>\n\n\n\n<ul class=\"wp-block-list\"><li>T\u00e9cnico \u2013 89 imediatas + 151 CR<\/li><\/ul><p><\/p>\n\n\n\n<p><strong>N\u00edvel Superior<\/strong><\/p>\n\n\n\n<ul class=\"wp-block-list\"><li>Analista \u2013 34 imediatas + 92 CR<\/li><\/ul><p><\/p>\n\n\n\n<p>Al\u00e9m disso, o diretor-geral do Detran DF tamb\u00e9m informou que foi recentemente <strong>aprovado <\/strong>pelo GDF um <strong>aumento salarial<\/strong> para as carreiras administrativas, de forma que os cargos de <strong>T\u00e9cnico e Analista <\/strong>tamb\u00e9m foram contemplados.<\/p>\n\n\n\n<p>Dessa forma, as <strong>remunera\u00e7\u00f5es iniciais<\/strong> para esses cargos agora possuem os valores de <strong>R$ 6 mil<\/strong> para T\u00e9cnico e <strong>R$ 9 mil <\/strong>para Analista.<\/p>\n\n\n\n<h2 class=\"wp-block-heading\" id=\"concurso-detran-df-outro-edital-ainda-em-2022\"><strong>Concurso Detran DF: outro edital ainda em 2022?<\/strong><\/h2>\n\n\n\n<p>Por fim, \u00e9 de suma import\u00e2ncia mencionar que outro edital de <a href=\"https:\/\/www.novaconcursos.com.br\/portal\/concursos-abertos\/df\/\">concurso<\/a> Detran DF est\u00e1 previsto <strong>ainda para 2022<\/strong>, mais especificamente para o <strong>segundo semestre.<\/strong><\/p>\n\n\n\n<p>Isso porque tamb\u00e9m dever\u00e1 ser realizada uma sele\u00e7\u00e3o para as carreiras de <strong>Especialista e Agente,<\/strong> de n\u00edvel superior. Ademais, segundo o diretor-geral foi enviado ao Minist\u00e9rio da Economia um <strong>pedido <\/strong>para que o quantitativo de vagas <strong>seja aumentado<\/strong>, visto que recentemente o \u00f3rg\u00e3o passou por <strong>aposentadorias.<\/strong><\/p>\n\n\n\n<p>Nesse sentido, o mais prov\u00e1vel \u00e9 que as<strong> provas<\/strong> para essa segunda sele\u00e7\u00e3o ocorram somente no <strong>fim de 2022<\/strong> ou no <strong>in\u00edcio de 2023.<\/strong><\/p>\n\n\n\n<figure class=\"wp-block-image size-large\"><a href=\"https:\/\/aprovacao.novaconcursos.com.br\/assinatura\" target=\"_blank\" rel=\"noreferrer noopener\"><img decoding=\"async\" src=\"https:\/\/www.novaconcursos.com.br\/portal\/wp-content\/uploads\/2022\/01\/Faixa-Frete-Gr%E2%80%A0tis-portal.png\" alt=\"assinatura completa\" class=\"wp-image-153078\" loading=\"lazy\" title=\"\"><\/a><figcaption><\/figcaption><\/figure>","protected":false},"excerpt":{"rendered":"<p>Boas not\u00edcias, concurseiros! A banca organizadora do concurso Detran DF foi definida, de forma que o edital pode ser publicado muito em breve, at\u00e9 o m\u00eas de julho. Ademais, ser\u00e3o ofertadas no total 366 oportunidades para essa primeira sele\u00e7\u00e3o de 2022 do Departamento. Confira: Como montar um mapa mental \u2013 Gr\u00e1tis Portanto, a banca organizadora [&hellip;]<\/p>\n","protected":false},"author":54674,"featured_media":155915,"comment_status":"closed","ping_status":"closed","sticky":false,"template":"","format":"standard","meta":{"_acf_changed":false,"footnotes":"","_wp_rev_ctl_limit":""},"categories":[228],"tags":[],"class_list":["post-160578","post","type-post","status-publish","format-standard","has-post-thumbnail","hentry","category-noticias"],"acf":[],"_links":{"self":[{"href":"https:\/\/www.novaconcursos.com.br\/portal\/wp-json\/wp\/v2\/posts\/160578","targetHints":{"allow":["GET"]}}],"collection":[{"href":"https:\/\/www.novaconcursos.com.br\/portal\/wp-json\/wp\/v2\/posts"}],"about":[{"href":"https:\/\/www.novaconcursos.com.br\/portal\/wp-json\/wp\/v2\/types\/post"}],"author":[{"embeddable":true,"href":"https:\/\/www.novaconcursos.com.br\/portal\/wp-json\/wp\/v2\/users\/54674"}],"replies":[{"embeddable":true,"href":"https:\/\/www.novaconcursos.com.br\/portal\/wp-json\/wp\/v2\/comments?post=160578"}],"version-history":[{"count":4,"href":"https:\/\/www.novaconcursos.com.br\/portal\/wp-json\/wp\/v2\/posts\/160578\/revisions"}],"predecessor-version":[{"id":160587,"href":"https:\/\/www.novaconcursos.com.br\/portal\/wp-json\/wp\/v2\/posts\/160578\/revisions\/160587"}],"wp:featuredmedia":[{"embeddable":true,"href":"https:\/\/www.novaconcursos.com.br\/portal\/wp-json\/wp\/v2\/media\/155915"}],"wp:attachment":[{"href":"https:\/\/www.novaconcursos.com.br\/portal\/wp-json\/wp\/v2\/media?parent=160578"}],"wp:term":[{"taxonomy":"category","embeddable":true,"href":"https:\/\/www.novaconcursos.com.br\/portal\/wp-json\/wp\/v2\/categories?post=160578"},{"taxonomy":"post_tag","embeddable":true,"href":"https:\/\/www.novaconcursos.com.br\/portal\/wp-json\/wp\/v2\/tags?post=160578"}],"curies":[{"name":"wp","href":"https:\/\/api.w.org\/{rel}","templated":true}]}}