{"id":160753,"date":"2022-05-09T09:48:43","date_gmt":"2022-05-09T12:48:43","guid":{"rendered":"https:\/\/www.novaconcursos.com.br\/portal\/?p=160753"},"modified":"2022-05-09T09:48:49","modified_gmt":"2022-05-09T12:48:49","slug":"concurso-funai-pedido-enviado-confirmado","status":"publish","type":"post","link":"https:\/\/www.novaconcursos.com.br\/portal\/noticias\/concurso-funai-pedido-enviado-confirmado\/","title":{"rendered":"Concurso Funai: Pedido de edital enviado ao ME \u00e9 confirmado!"},"content":{"rendered":"<p>Novidades para os concurseiros! Um novo <a href=\"https:\/\/www.novaconcursos.com.br\/portal\/concursos\/concurso-funai\/\" target=\"_blank\" rel=\"noreferrer noopener\" aria-label=\"concurso Funai (abre numa nova aba)\">concurso Funai<\/a> poder\u00e1 ocorrer <strong>em breve<\/strong>, visto que o \u00f3rg\u00e3o <strong>confirmou o envio de um pedido<\/strong> ao Minist\u00e9rio da Economia. Ademais, vale recordar que o \u00f3rg\u00e3o j\u00e1 conta com um d\u00e9ficit de <strong>mais de 2.000 servidores.<\/strong><\/p>\n\n\n\n<ul class=\"wp-block-list\"><li><strong>Confira: <\/strong><a href=\"https:\/\/www.novaconcursos.com.br\/eventos\/guia-definitivo-como-montar-um-mapa-mental\/\" target=\"_blank\" rel=\"noreferrer noopener\" aria-label=\" (abre numa nova aba)\">Como montar um mapa mental \u2013 Gr\u00e1tis<\/a><\/li><\/ul><p><\/p>\n\n\n\n<p>Sendo assim, um <strong>novo pedido para concurso p\u00fablico<\/strong> para a Funda\u00e7\u00e3o Nacional do \u00cdndio<strong> foi enviado<\/strong> ao Minist\u00e9rio da Economia, segundo o \u00f3rg\u00e3o. Ademais, o que se prev\u00ea \u00e9 que tenham sido solicitadas cerca de <strong>1.071 oportunidades <\/strong>para cargos de n\u00edveis m\u00e9dio e superior.<\/p>\n\n\n\n<p>Al\u00e9m disso, vale recordar que a \u00faltima sele\u00e7\u00e3o para o \u00f3rg\u00e3o ocorreu<strong> em 2016 <\/strong>e que atualmente a Funai j\u00e1 conta com cerca de<strong> 2.000 cargos vagos, <\/strong>de maneira que o novo concurso \u00e9 essencial para que os trabalhos <strong>n\u00e3o sejam prejudicados.<\/strong><\/p>\n\n\n\n<p>Estude para o concurso dos seus sonhos com a <a rel=\"noreferrer noopener\" aria-label=\"Assinatura Completa da Nova. (abre numa nova aba)\" href=\"https:\/\/aprovacao.novaconcursos.com.br\/assinatura\" target=\"_blank\">Assinatura Completa da Nova.<\/a> Tenha acesso a <strong>Cursos, Plataforma de Quest\u00f5es, Eventos Exclusivos<\/strong> para Assinantes e Muito Mais!<\/p>\n\n\n\n<h2 class=\"wp-block-heading\" id=\"concurso-funai-novo-pedido\"><strong>Concurso Funai: novo pedido<\/strong><\/h2>\n\n\n\n<p>Portanto, um <strong>novo pedido<\/strong> de concurso Funai<strong> foi enviado <\/strong>ao Minist\u00e9rio da Economia para o provimento de <strong>1.071 vagas.<\/strong> Entretanto, de acordo com o \u00f3rg\u00e3o, o quantitativo aprovado <strong>pode ser menor <\/strong>que esse.<\/p>\n\n\n\n<p>Nesse sentido, sem uma autoriza\u00e7\u00e3o o \u00f3rg\u00e3o ainda n\u00e3o pode informar a <strong>distribui\u00e7\u00e3o <\/strong>das oportunidades <strong>entre as unidades:<\/strong><\/p>\n\n\n\n<p><em>\u201cA Funda\u00e7\u00e3o Nacional do\n\u00cdndio atualmente n\u00e3o possui autoriza\u00e7\u00e3o para a realiza\u00e7\u00e3o de concurso p\u00fablico,\nn\u00e3o sendo poss\u00edvel confirmar as vagas previstas para cada unidade, tendo em\nvista ainda que poder\u00e1 ser autorizado com n\u00famero de vagas menor ao\nsolicitado\u201d,<\/em> disse a Funai.<\/p>\n\n\n\n<p>Al\u00e9m disso, o novo concurso \u00e9 de <strong>extrema import\u00e2ncia,<\/strong> visto que atualmente a Funda\u00e7\u00e3o conta com cerca de <strong>2 mil cargos vagos<\/strong>, o que vem prejudicando a<strong> execu\u00e7\u00e3o dos trabalhos<\/strong> do \u00f3rg\u00e3o, que s\u00e3o essencias para a vida dos povos ind\u00edgenas:<\/p>\n\n\n\n<p><em>\u201cA autoriza\u00e7\u00e3o de novo concurso p\u00fablico se justifica por ser medida urgente e fundamental ao fortalecimento da capacidade institucional da Funai em garantir a execu\u00e7\u00e3o de sua miss\u00e3o e, assim, garantir que o Governo Federal cumpra com seu dever de proteger e promover os direitos dos povos ind\u00edgenas no Brasil\u201d<\/em>, informa o pedido protocolado.<\/p>\n\n\n\n<h2 class=\"wp-block-heading\" id=\"vagas-cargos-e-salrios\"><strong>Vagas, cargos e sal\u00e1rios<\/strong><\/h2>\n\n\n\n<p>Em suma, o <strong>quantitativo de vagas <\/strong>do novo concurso da Funda\u00e7\u00e3o <a href=\"https:\/\/www.novaconcursos.com.br\/portal\/concursos-previstos\/nacional\/\">Nacional<\/a> do \u00cdndio ainda <strong>n\u00e3o \u00e9 confirmado,<\/strong> visto que o Minist\u00e9rio da Economia poder\u00e1 autorizar o concurso com um quantitativo <strong>menor.<\/strong><\/p>\n\n\n\n<p>Entretanto, o pedido enviado solicita o provimento de <strong>1.071 oportunidades <\/strong>entre cargos de <strong>n\u00edveis m\u00e9dio e superior,<\/strong> de forma que os cargos esperados pela nova sele\u00e7\u00e3o s\u00e3o os seguintes:<\/p>\n\n\n\n<p><strong>N\u00edvel M\u00e9dio<\/strong><\/p>\n\n\n\n<ul class=\"wp-block-list\"><li>Agente em Indigenismo;<\/li><li>T\u00e9cnico em Contabilidade.<\/li><\/ul><p><\/p>\n\n\n\n<p><strong>N\u00edvel Superior<\/strong><\/p>\n\n\n\n<ul class=\"wp-block-list\"><li>Administrador;<\/li><li>Antrop\u00f3logo;<\/li><li>Arquiteto;<\/li><li>Arquivista;<\/li><li>Assistente Social;<\/li><li>Bibliotec\u00e1rio;<\/li><li>Contador;<\/li><li>Economista;<\/li><li>Enfermeiro;<\/li><li>Engenheiro;<\/li><li>Estat\u00edstico;<\/li><li>Engenheiro Agr\u00f4nomo;<\/li><li>Engenheiro Florestal;<\/li><li>Ge\u00f3grafo;<\/li><li>Indigenista Especializado;<\/li><li>M\u00e9dico;<\/li><li>M\u00e9dico Veterin\u00e1rio;<\/li><li>Odont\u00f3logo;<\/li><li>Pesquisador;<\/li><li>Psic\u00f3logo;<\/li><li>Soci\u00f3logo;<\/li><li>T\u00e9cnico em Assuntos Educacionais;<\/li><li>T\u00e9cnico em Comunica\u00e7\u00e3o Social;<\/li><li>Zootecnista. <\/li><\/ul><p><\/p>\n\n\n\n<p>Al\u00e9m disso, vale frisar que de acordo com <strong>dados de 2019<\/strong>, os<strong> sal\u00e1rios <\/strong>a serem recebidos pelas carreiras possuem os valores de <strong>R$ 5.349,07 <\/strong>para n\u00edvel m\u00e9dio e <strong>R$ 6.420,87<\/strong> para n\u00edvel superior.<\/p>\n\n\n\n<h2 class=\"wp-block-heading\" id=\"ltimo-concurso-funai\"><strong>\u00daltimo concurso Funai<\/strong><\/h2>\n\n\n\n<p>Por fim, \u00e9 igualmente essencial recordar que o<strong> \u00faltimo<\/strong> <a href=\"https:\/\/www.novaconcursos.com.br\/portal\/concursos-abertos\/nacional\/\">concurso<\/a> Funai foi realizado <strong>em 2016, <\/strong>quando foram ofertadas <strong>220 oportunidades<\/strong> para os cargos de Contador, Engenheiro Agr\u00f4nomo, Engenheiro Agrimensor e Civil e Indigenista Especializado, de <strong>n\u00edvel superior.<\/strong><\/p>\n\n\n\n<p>Nesse sentido, os inscritos na sele\u00e7\u00e3o foram avaliados por meio de <strong>provas objetivas e discursivas, <\/strong>de forma que para a primeira etapa os candidatos responderam a quest\u00f5es de Conhecimentos <strong>Gerais e Espec\u00edficos.<\/strong><\/p>\n\n\n\n<p>Sendo assim, confira as <strong>disciplinas <\/strong>cobradas pela parte Geral da prova, <strong>comum a todas as carreiras<\/strong> contempladas pelo edital:<\/p>\n\n\n\n<ul class=\"wp-block-list\"><li>L\u00edngua Portuguesa;<\/li><li>Racioc\u00ednio L\u00f3gico e Quantitativo;<\/li><li>Direito Constitucional e Administrativo;<\/li><li>Legisla\u00e7\u00e3o Indigenista;<\/li><li>Inform\u00e1tica B\u00e1sica; e<\/li><li>Administra\u00e7\u00e3o P\u00fablica.<\/li><\/ul><p><\/p>\n\n\n\n<figure class=\"wp-block-image size-large is-resized\"><a href=\"https:\/\/aprovacao.novaconcursos.com.br\/assinatura\" target=\"_blank\" rel=\"noreferrer noopener\"><img decoding=\"async\" src=\"https:\/\/www.novaconcursos.com.br\/portal\/wp-content\/uploads\/2022\/01\/Faixa-Frete-Gr%E2%80%A0tis-portal.png\" alt=\"assinatura completa\" class=\"wp-image-153078\" width=\"581\" height=\"65\" loading=\"lazy\" title=\"\"><\/a><figcaption><\/figcaption><\/figure>","protected":false},"excerpt":{"rendered":"<p>Novidades para os concurseiros! Um novo concurso Funai poder\u00e1 ocorrer em breve, visto que o \u00f3rg\u00e3o confirmou o envio de um pedido ao Minist\u00e9rio da Economia. Ademais, vale recordar que o \u00f3rg\u00e3o j\u00e1 conta com um d\u00e9ficit de mais de 2.000 servidores. Confira: Como montar um mapa mental \u2013 Gr\u00e1tis Sendo assim, um novo pedido [&hellip;]<\/p>\n","protected":false},"author":54674,"featured_media":159422,"comment_status":"closed","ping_status":"closed","sticky":false,"template":"","format":"standard","meta":{"_acf_changed":false,"footnotes":"","_wp_rev_ctl_limit":""},"categories":[228],"tags":[],"class_list":["post-160753","post","type-post","status-publish","format-standard","has-post-thumbnail","hentry","category-noticias"],"acf":[],"_links":{"self":[{"href":"https:\/\/www.novaconcursos.com.br\/portal\/wp-json\/wp\/v2\/posts\/160753","targetHints":{"allow":["GET"]}}],"collection":[{"href":"https:\/\/www.novaconcursos.com.br\/portal\/wp-json\/wp\/v2\/posts"}],"about":[{"href":"https:\/\/www.novaconcursos.com.br\/portal\/wp-json\/wp\/v2\/types\/post"}],"author":[{"embeddable":true,"href":"https:\/\/www.novaconcursos.com.br\/portal\/wp-json\/wp\/v2\/users\/54674"}],"replies":[{"embeddable":true,"href":"https:\/\/www.novaconcursos.com.br\/portal\/wp-json\/wp\/v2\/comments?post=160753"}],"version-history":[{"count":4,"href":"https:\/\/www.novaconcursos.com.br\/portal\/wp-json\/wp\/v2\/posts\/160753\/revisions"}],"predecessor-version":[{"id":160765,"href":"https:\/\/www.novaconcursos.com.br\/portal\/wp-json\/wp\/v2\/posts\/160753\/revisions\/160765"}],"wp:featuredmedia":[{"embeddable":true,"href":"https:\/\/www.novaconcursos.com.br\/portal\/wp-json\/wp\/v2\/media\/159422"}],"wp:attachment":[{"href":"https:\/\/www.novaconcursos.com.br\/portal\/wp-json\/wp\/v2\/media?parent=160753"}],"wp:term":[{"taxonomy":"category","embeddable":true,"href":"https:\/\/www.novaconcursos.com.br\/portal\/wp-json\/wp\/v2\/categories?post=160753"},{"taxonomy":"post_tag","embeddable":true,"href":"https:\/\/www.novaconcursos.com.br\/portal\/wp-json\/wp\/v2\/tags?post=160753"}],"curies":[{"name":"wp","href":"https:\/\/api.w.org\/{rel}","templated":true}]}}