{"id":160837,"date":"2022-05-10T09:51:52","date_gmt":"2022-05-10T12:51:52","guid":{"rendered":"https:\/\/www.novaconcursos.com.br\/portal\/?p=160837"},"modified":"2022-05-10T09:51:57","modified_gmt":"2022-05-10T12:51:57","slug":"concurso-educacao-pe-secretario-confirma-edital","status":"publish","type":"post","link":"https:\/\/www.novaconcursos.com.br\/portal\/noticias\/concurso-educacao-pe-secretario-confirma-edital\/","title":{"rendered":"Concurso Educa\u00e7\u00e3o PE: Secret\u00e1rio confirma edital com mais de 3 mil vagas!"},"content":{"rendered":"<p>Boas not\u00edcias, concurseiros! O <strong>edital <\/strong>do\u00a0<a href=\"https:\/\/www.novaconcursos.com.br\/portal\/concursos\/concurso-see-pe\/\">concurso Educa\u00e7\u00e3o PE<\/a>\u00a0foi <strong>confirmado <\/strong>pelo secret\u00e1rio Estadual de Educa\u00e7\u00e3o, Marcelo Barros. Ademais, vale recordar que a sele\u00e7\u00e3o ofertar\u00e1 <strong>3.686 vagas efetivas!<\/strong><\/p>\n\n\n\n<ul class=\"wp-block-list\"><li><strong>Confira:\u00a0<\/strong><a href=\"https:\/\/www.novaconcursos.com.br\/eventos\/guia-definitivo-plano-de-estudos-passo-a-passo\/\" target=\"_blank\" rel=\"noreferrer noopener\" aria-label=\" (abre numa nova aba)\">Guia Definitivo Plano de Estudos \u2013 Gr\u00e1tis<\/a><\/li><\/ul><p><\/p>\n\n\n\n<p>Estude para o concurso dos seus sonhos com a\u00a0<a href=\"https:\/\/www.novaconcursos.com.br\/eventos\/assinatura\" target=\"_blank\" rel=\"noreferrer noopener\" aria-label=\" (abre numa nova aba)\">Assinatura Completa da Nova<\/a>. Tenha acesso a Cursos, Plataforma de Quest\u00f5es, Eventos Exclusivos para Assinantes e Muito Mais!<\/p>\n\n\n\n<h2 class=\"wp-block-heading\" id=\"concurso-educao-pe-quando-sai-o-edital\">Concurso Educa\u00e7\u00e3o PE: quando sai o edital?<\/h2>\n\n\n\n<p>Portanto, esperado para abril, os editais do concurso para a Secretaria de Educa\u00e7\u00e3o e Esporte do <a href=\"https:\/\/www.novaconcursos.com.br\/portal\/concursos-previstos\/pe\/\">Estado de Pernambuco<\/a> <strong>devem sair muito em breve.<\/strong><\/p>\n\n\n\n<p>De acordo com o Secret\u00e1rio de Educa\u00e7\u00e3o do Estado, Marcelo Barros, os <strong>documentos est\u00e3o sendo finalizados<\/strong>, mas ainda n\u00e3o h\u00e1 uma data exata.<\/p>\n\n\n\n<p><em>\u201cMas estamos trabalhando para public\u00e1-los o mais r\u00e1pido poss\u00edvel\u201d<\/em>, disse o secret\u00e1rio.\u00a0 <\/p>\n\n\n\n<p>Portanto, o secret\u00e1rio confirmou que ser\u00e3o dois editais: um para Professores com cerca de <strong>2.900 vagas <\/strong>e o outro para Analistas e Assistentes Educacionais com <strong>mais de 500 oportunidades.\u00a0<\/strong><\/p>\n\n\n\n<p><em>\u201cQuando planejamos o concurso pensamos em um edital \u00fanico com vagas para professores, analistas e assistentes educacionais. Mas, ao fazer uma an\u00e1lise mais precisa, percebemos que o ideal seriam dois editais: um para sele\u00e7\u00e3o de professores e outro para sele\u00e7\u00e3o de analistas e assistentes educacionais. Ent\u00e3o ser\u00e3o dois editais\u201d<\/em>, afirmou ele.<\/p>\n\n\n\n<p>Sendo assim, confira a\u00a0<strong>distribui\u00e7\u00e3o das vagas<\/strong>\u00a0prevista pela deputada Teresa Leit\u00e3o:<\/p>\n\n\n\n<ul class=\"wp-block-list\"><li><strong>Magist\u00e9rio<\/strong><ul><li>Educa\u00e7\u00e3o B\u00e1sica: 2.907 vagas<\/li><li>Conservat\u00f3rio de M\u00fasica: 101 vagas<\/li><li>Educa\u00e7\u00e3o Profissionalizante: 35 vagas<\/li><\/ul><\/li><li><strong>Magist\u00e9rio \u2013 Educa\u00e7\u00e3o Especial<\/strong><ul><li>Int\u00e9rprete L\u00ednguas Brasileiras de Sinais: 28 vagas<\/li><li>Braillista (n\u00edvel superior): 29 vagas<\/li><li>Braillista (n\u00edvel m\u00e9dio): 18 vagas<\/li><\/ul><\/li><li><strong>Apoio Administrativo e de Servi\u00e7os Auxiliares<\/strong><ul><li>Analista em Gest\u00e3o Educacional: 500 vagas<\/li><\/ul><\/li><li><strong>Apoio T\u00e9cnico Cient\u00edfico<\/strong><ul><li>Assistente Administrativo Educacional: 68 vagas<\/li><\/ul><\/li><\/ul><p><\/p>\n\n\n\n<p>Nesse sentido, os aprovados no processo seletivo e contratados pelo \u00f3rg\u00e3o contar\u00e3o com<strong>\u00a0remunera\u00e7\u00f5es\u00a0<\/strong>que giram em torno de\u00a0<strong>R$ 3 mil.<\/strong><\/p>\n\n\n\n<p>Al\u00e9m disso, o secret\u00e1rio confirmou que as <strong>provas n\u00e3o ser\u00e3o aplicadas <\/strong>no mesmo dia, o que deixa aberto que os concurseiros se inscrevam para mais de um cargo.<\/p>\n\n\n\n<p><em>\u201cDessa forma, daremos mais oportunidades j\u00e1 que ser\u00e1 poss\u00edvel se inscrever nos dois concursos. Tamb\u00e9m estamos realizando um planejamento para que a aplica\u00e7\u00e3o das provas aconte\u00e7a em todas as regi\u00f5es do estado\u201d,<\/em> explicou.<\/p>\n\n\n\n<p>Vale destacar que a banca organizadora do concurso est\u00e1 confirmada. Assim, a dispensa de licita\u00e7\u00e3o <strong>contratou o Cebraspe em fevereiro.<\/strong><\/p>\n\n\n\n<h2 class=\"wp-block-heading\" id=\"ltimo-concurso-educao-pe\"><strong>\u00daltimo concurso Educa\u00e7\u00e3o PE<\/strong><\/h2>\n\n\n\n<p>Por fim, enquanto a sele\u00e7\u00e3o\u00a0n\u00e3o tem seu edital publicado, \u00e9 importante que os concurseiros conhe\u00e7am os detalhes do\u00a0<strong>\u00faltimo concurso<\/strong> da Educa\u00e7\u00e3o de <a href=\"https:\/\/www.novaconcursos.com.br\/portal\/concursos-abertos\/pe\/\">Pernambuco<\/a>.<\/p>\n\n\n\n<p>Nesse sentido, o \u00faltimo edital para efetivos\u00a0<strong>saiu em 2015<\/strong>, quando foram ofertadas <strong>3.000 vagas <\/strong>entre diversas\u00a0<strong>especialidades<\/strong>.<\/p>\n\n\n\n<p>Assim, foram para <strong>Professor <\/strong>da Educa\u00e7\u00e3o Especial, Professor de Educa\u00e7\u00e3o B\u00e1sica e Professor da Educa\u00e7\u00e3o Profissional.<\/p>\n\n\n\n<p>Ademais, a sele\u00e7\u00e3o contou com a organiza\u00e7\u00e3o da FGV, de forma que os inscritos da \u00e9poca foram avaliados por meio de\u00a0<strong>Provas Objetivas, Provas Discursivas e Avalia\u00e7\u00e3o de T\u00edtulos.<\/strong><\/p>\n\n\n\n<figure class=\"wp-block-image size-large\"><a href=\"https:\/\/www.novaconcursos.com.br\/eventos\/assinatura\" target=\"_blank\" rel=\"noreferrer noopener\"><img decoding=\"async\" src=\"https:\/\/www.novaconcursos.com.br\/portal\/wp-content\/uploads\/2022\/01\/Faixa-Frete-Gr%E2%80%A0tis-portal.png\" alt=\"assinatura completa\" class=\"wp-image-153078\" loading=\"lazy\" title=\"\"><\/a><figcaption><\/figcaption><\/figure>","protected":false},"excerpt":{"rendered":"<p>Boas not\u00edcias, concurseiros! O edital do\u00a0concurso Educa\u00e7\u00e3o PE\u00a0foi confirmado pelo secret\u00e1rio Estadual de Educa\u00e7\u00e3o, Marcelo Barros. Ademais, vale recordar que a sele\u00e7\u00e3o ofertar\u00e1 3.686 vagas efetivas! Confira:\u00a0Guia Definitivo Plano de Estudos \u2013 Gr\u00e1tis Estude para o concurso dos seus sonhos com a\u00a0Assinatura Completa da Nova. Tenha acesso a Cursos, Plataforma de Quest\u00f5es, Eventos Exclusivos para [&hellip;]<\/p>\n","protected":false},"author":54671,"featured_media":156467,"comment_status":"closed","ping_status":"closed","sticky":false,"template":"","format":"standard","meta":{"_acf_changed":false,"footnotes":"","_wp_rev_ctl_limit":""},"categories":[228],"tags":[],"class_list":["post-160837","post","type-post","status-publish","format-standard","has-post-thumbnail","hentry","category-noticias"],"acf":[],"_links":{"self":[{"href":"https:\/\/www.novaconcursos.com.br\/portal\/wp-json\/wp\/v2\/posts\/160837","targetHints":{"allow":["GET"]}}],"collection":[{"href":"https:\/\/www.novaconcursos.com.br\/portal\/wp-json\/wp\/v2\/posts"}],"about":[{"href":"https:\/\/www.novaconcursos.com.br\/portal\/wp-json\/wp\/v2\/types\/post"}],"author":[{"embeddable":true,"href":"https:\/\/www.novaconcursos.com.br\/portal\/wp-json\/wp\/v2\/users\/54671"}],"replies":[{"embeddable":true,"href":"https:\/\/www.novaconcursos.com.br\/portal\/wp-json\/wp\/v2\/comments?post=160837"}],"version-history":[{"count":4,"href":"https:\/\/www.novaconcursos.com.br\/portal\/wp-json\/wp\/v2\/posts\/160837\/revisions"}],"predecessor-version":[{"id":160842,"href":"https:\/\/www.novaconcursos.com.br\/portal\/wp-json\/wp\/v2\/posts\/160837\/revisions\/160842"}],"wp:featuredmedia":[{"embeddable":true,"href":"https:\/\/www.novaconcursos.com.br\/portal\/wp-json\/wp\/v2\/media\/156467"}],"wp:attachment":[{"href":"https:\/\/www.novaconcursos.com.br\/portal\/wp-json\/wp\/v2\/media?parent=160837"}],"wp:term":[{"taxonomy":"category","embeddable":true,"href":"https:\/\/www.novaconcursos.com.br\/portal\/wp-json\/wp\/v2\/categories?post=160837"},{"taxonomy":"post_tag","embeddable":true,"href":"https:\/\/www.novaconcursos.com.br\/portal\/wp-json\/wp\/v2\/tags?post=160837"}],"curies":[{"name":"wp","href":"https:\/\/api.w.org\/{rel}","templated":true}]}}