{"id":161155,"date":"2022-05-13T14:06:05","date_gmt":"2022-05-13T17:06:05","guid":{"rendered":"https:\/\/www.novaconcursos.com.br\/portal\/?p=161155"},"modified":"2025-04-23T14:28:00","modified_gmt":"2025-04-23T17:28:00","slug":"concurso-manaus-edital-agente-transito-pauta","status":"publish","type":"post","link":"https:\/\/www.novaconcursos.com.br\/portal\/noticias\/concurso-manaus-edital-agente-transito-pauta\/","title":{"rendered":"Concurso Manaus: Edital para Agente de Tr\u00e2nsito \u00e9 pauta em Tribuna!"},"content":{"rendered":"<p>Novidades para os concurseiros! A realiza\u00e7\u00e3o de um novo concurso Manaus voltado ao <strong>Instituto de Mobilidade Urbana<\/strong> foi pauta em Tribuna Popular na C\u00e2mara Municipal de Manaus. Ademais, a sele\u00e7\u00e3o <strong>\u00e9 fundamental,<\/strong> visto que o \u00faltimo concurso <strong>ocorreu em 2010.<\/strong><\/p>\n\n\n\n<p>Sendo assim, durante Tribuna Popular na C\u00e2mara Municipal de Manaus, um <strong>pedido de nova sele\u00e7\u00e3o<\/strong> para o Instituto de Mobilidade Urbana (IMMU) foi feito pelo <strong>vereador Jander Lobato<\/strong>. Ademais, segundo Lobato a defasagem atual \u00e9 de <strong>cerca de 600 agentes.<\/strong><\/p>\n\n\n\n<p>Al\u00e9m disso, vale destacar que <strong>diversas sele\u00e7\u00f5es<\/strong> est\u00e3o por acontecer no munic\u00edpio, de maneira que os concurseiros<strong> devem estar atentos \u00e0s oportunidades<\/strong>. Dessa forma, conhe\u00e7a todos os detalhes abaixo!<\/p>\n\n\n\n<h2 class=\"wp-block-heading\" id=\"concurso-manaus-edital-para-agente-de-trnsito-solicitado\"><strong>Concurso Manaus: edital para Agente de Tr\u00e2nsito solicitado<\/strong><\/h2>\n\n\n\n<p>Portanto, durante a Tribuna Popular realizada na C\u00e2mara Municipal de Manaus, o vereador Jander Lobato <strong>fez um apelo ao prefeito de Manaus<\/strong>, David Almeida, e \u00e0 Casa, para que um <strong>novo concurso p\u00fablico <\/strong>para o Instituto de Mobilidade Urbana <strong>seja realizado.<\/strong><\/p>\n\n\n\n<p>Nesse sentido, o Instituto conta com <strong>cerca de 600 vac\u00e2ncias<\/strong> no cargo de <strong>Agente de Tr\u00e2nsito<\/strong> que precisam ser ocupadas por meio de concurso p\u00fablico.<\/p>\n\n\n\n<p>Al\u00e9m disso, de acordo com o vereador a \u00faltima <a href=\"https:\/\/www.novaconcursos.com.br\/portal\/concursos-abertos\/am\/\">sele\u00e7\u00e3o<\/a> <strong>ocorreu em 2010, <\/strong>entretanto, com a pandemia, <strong>muitos servidores foram perdidos.<\/strong> Confira a fala de Lobato:<\/p>\n\n\n\n<p><em>\u201cConforme a Secretaria\nNacional de Tr\u00e2nsito (Senatran), para cada mil ve\u00edculos, \u00e9 preciso um agente de\ntr\u00e2nsito; e o Detran-AM diz que h\u00e1 cerca de 920 mil carros em Manaus, da\u00ed temos\n300 agentes, ou seja, temos uma defasagem 600 agentes. O \u00faltimo concurso foi em\n2010, e 340 agentes assumiram, na \u00e9poca. Mas como muitos fizeram outros\nconcursos, e a pandemia, infelizmente, levou muitos colegas, tivemos muitas\nbaixas. Fa\u00e7o um apelo ao Prefeito, e aos colegas da Casa, para que pud\u00e9ssemos\navaliar essa possibilidade de um novo certame.\u201d<\/em><\/p>\n\n\n\n<p>Sendo assim, \u00e9 poss\u00edvel que maiores informa\u00e7\u00f5es acerca desse pedido sejam divulgadas <strong>em breve<\/strong>, visto que, caso autorizado pelo prefeito, ser\u00e1 necess\u00e1ria a realiza\u00e7\u00e3o de um <strong>estudo t\u00e9cnico <\/strong>a fim de avaliar a <strong>disponibilidade econ\u00f4mica<\/strong> para uma nova sele\u00e7\u00e3o. <\/p>\n\n\n\n<h2 class=\"wp-block-heading\" id=\"concurso-guarda-de-manaus-am\"><strong>Concurso Guarda de Manaus AM<\/strong><\/h2>\n\n\n\n<p>Dessa forma, enquanto maiores detalhes acerca do concurso para <strong>Agente de Tr\u00e2nsito<\/strong> n\u00e3o s\u00e3o revelados, \u00e9 imprescind\u00edvel que os concurseiros saibam que diversas <strong>oportunidades em Manaus<\/strong> s\u00e3o previstas.<\/p>\n\n\n\n<p>Nesse sentido, est\u00e1 previsto <strong>ainda para 2022<\/strong> um concurso Guarda de Manaus com a oferta de <strong>200 oportunidades<\/strong> de n\u00edvel m\u00e9dio para o cargo de <strong>Guarda Municipal.<\/strong><\/p>\n\n\n\n<p>Al\u00e9m disso, para<strong> concorrer ao cargo<\/strong> \u00e9 necess\u00e1rio que os candidatos possuam <strong>altura m\u00ednima<\/strong> de 1,65m para homens e 1,60m para mulheres.<\/p>\n\n\n\n<p>Ademais, vale recordar que a \u00faltima sele\u00e7\u00e3o para o cargo <strong>ocorreu em 2012, <\/strong>quando foram ofertadas <strong>293 oportunidades imediatas<\/strong> sob a organiza\u00e7\u00e3o da Funcab.<\/p>\n\n\n\n<h2 class=\"wp-block-heading\" id=\"concurso-semed-manaus\"><strong>Concurso Semed Manaus<\/strong><\/h2>\n\n\n\n<p>Por fim, tamb\u00e9m \u00e9 essencial frisar que foi anunciado um novo <a href=\"https:\/\/www.novaconcursos.com.br\/portal\/concursos\/concurso-prefeitura-de-manaus-am\/\">concurso Semed Manaus<\/a> com a oferta prevista de<strong> 3.500 oportunidades. <\/strong>Ademais, a sele\u00e7\u00e3o \u00e9 necess\u00e1ria pois <strong>todos os aprovados<\/strong> do \u00faltimo certame j\u00e1 <strong>foram convocados.<\/strong><\/p>\n\n\n\n<p>Al\u00e9m disso, o que se espera \u00e9 que a sele\u00e7\u00e3o seja realizada<strong> no segundo semestre de 2022,<\/strong> de maneira que maiores detalhes, como os cargos a serem contemplados, poder\u00e3o ser divulgados <strong>em breve.<\/strong><\/p>\n\n\n\n<p>Entretanto, os interessados no concurso p\u00fablico podem <strong>come\u00e7ar a se preparar <\/strong>com base no \u00faltimo edital, que ofertou<strong> 400 oportunidades<\/strong> para o cargo de <strong>Professor, <\/strong>nas seguintes especialidades:<\/p>\n\n\n\n<ul class=\"wp-block-list\"><li>Professor de Artes \u2013 04 + CR;<\/li>\n\n\n\n<li>Ci\u00eancias \u2013 37 + CR;<\/li>\n\n\n\n<li>Educa\u00e7\u00e3o F\u00edsica \u2013 23 + CR;<\/li>\n\n\n\n<li>Ensino Religioso \u2013 05 + CR;<\/li>\n\n\n\n<li>Geografia \u2013 08 + CR;<\/li>\n\n\n\n<li>Hist\u00f3ria \u2013 08 + CR;<\/li>\n\n\n\n<li>L\u00edngua Inglesa \u2013 03 + CR;<\/li>\n\n\n\n<li>L\u00edngua Portuguesa \u2013 05 + CR;<\/li>\n\n\n\n<li>Matem\u00e1tica \u2013 60 + CR;<\/li>\n\n\n\n<li>Professor de 1\u00ba ao 5 \u00ba ano \u2013 146 + CR;<\/li>\n\n\n\n<li>Educa\u00e7\u00e3o Infantil \u2013 101 +CR.<\/li>\n<\/ul><p><\/p>\n\n\n\n<figure class=\"wp-block-image size-large\"><a href=\"https:\/\/aprovacao.novaconcursos.com.br\/assinatura\" target=\"_blank\" rel=\"noreferrer noopener\"><img decoding=\"async\" src=\"https:\/\/www.novaconcursos.com.br\/portal\/wp-content\/uploads\/2022\/01\/Faixa-Frete-Gr%E2%80%A0tis-portal.png\" alt=\"assinatura completa\" class=\"wp-image-153078\" loading=\"lazy\" title=\"\"><\/a><figcaption><\/figcaption><\/figure>","protected":false},"excerpt":{"rendered":"<p>Novidades para os concurseiros! A realiza\u00e7\u00e3o de um novo concurso Manaus voltado ao Instituto de Mobilidade Urbana foi pauta em Tribuna Popular na C\u00e2mara Municipal de Manaus. Ademais, a sele\u00e7\u00e3o \u00e9 fundamental, visto que o \u00faltimo concurso ocorreu em 2010. Sendo assim, durante Tribuna Popular na C\u00e2mara Municipal de Manaus, um pedido de nova sele\u00e7\u00e3o [&hellip;]<\/p>\n","protected":false},"author":54674,"featured_media":160523,"comment_status":"closed","ping_status":"closed","sticky":false,"template":"","format":"standard","meta":{"_acf_changed":false,"footnotes":"","_wp_rev_ctl_limit":""},"categories":[228],"tags":[],"class_list":["post-161155","post","type-post","status-publish","format-standard","has-post-thumbnail","hentry","category-noticias"],"acf":[],"_links":{"self":[{"href":"https:\/\/www.novaconcursos.com.br\/portal\/wp-json\/wp\/v2\/posts\/161155","targetHints":{"allow":["GET"]}}],"collection":[{"href":"https:\/\/www.novaconcursos.com.br\/portal\/wp-json\/wp\/v2\/posts"}],"about":[{"href":"https:\/\/www.novaconcursos.com.br\/portal\/wp-json\/wp\/v2\/types\/post"}],"author":[{"embeddable":true,"href":"https:\/\/www.novaconcursos.com.br\/portal\/wp-json\/wp\/v2\/users\/54674"}],"replies":[{"embeddable":true,"href":"https:\/\/www.novaconcursos.com.br\/portal\/wp-json\/wp\/v2\/comments?post=161155"}],"version-history":[{"count":7,"href":"https:\/\/www.novaconcursos.com.br\/portal\/wp-json\/wp\/v2\/posts\/161155\/revisions"}],"predecessor-version":[{"id":280215,"href":"https:\/\/www.novaconcursos.com.br\/portal\/wp-json\/wp\/v2\/posts\/161155\/revisions\/280215"}],"wp:featuredmedia":[{"embeddable":true,"href":"https:\/\/www.novaconcursos.com.br\/portal\/wp-json\/wp\/v2\/media\/160523"}],"wp:attachment":[{"href":"https:\/\/www.novaconcursos.com.br\/portal\/wp-json\/wp\/v2\/media?parent=161155"}],"wp:term":[{"taxonomy":"category","embeddable":true,"href":"https:\/\/www.novaconcursos.com.br\/portal\/wp-json\/wp\/v2\/categories?post=161155"},{"taxonomy":"post_tag","embeddable":true,"href":"https:\/\/www.novaconcursos.com.br\/portal\/wp-json\/wp\/v2\/tags?post=161155"}],"curies":[{"name":"wp","href":"https:\/\/api.w.org\/{rel}","templated":true}]}}