{"id":161202,"date":"2022-05-16T10:34:35","date_gmt":"2022-05-16T13:34:35","guid":{"rendered":"https:\/\/www.novaconcursos.com.br\/portal\/?p=161202"},"modified":"2022-05-16T10:34:42","modified_gmt":"2022-05-16T13:34:42","slug":"ministerio-da-saude-divulgado-o-resultado-definitivo","status":"publish","type":"post","link":"https:\/\/www.novaconcursos.com.br\/portal\/noticias\/ministerio-da-saude-divulgado-o-resultado-definitivo\/","title":{"rendered":"Minist\u00e9rio da Sa\u00fade: Divulgado o resultado definitivo do processo seletivo!"},"content":{"rendered":"<p>Aten\u00e7\u00e3o, concurseiros! Foi divulgado o <strong>resultado <\/strong>definitivo do <a href=\"https:\/\/www.novaconcursos.com.br\/portal\/concursos\/concurso-ministerio-da-saude\/\">concurso Minist\u00e9rio da Sa\u00fade<\/a>\u00a0para <strong>tempor\u00e1rios<\/strong>. Ademais, a sele\u00e7\u00e3o oferece\u00a0<strong>4 mil vagas<\/strong>. Portanto, confira!<\/p>\n\n\n\n<ul class=\"wp-block-list\"><li><strong>Confira:<\/strong>\u00a0<a rel=\"noreferrer noopener\" aria-label=\" (abre numa nova aba)\" href=\"https:\/\/www.novaconcursos.com.br\/eventos\/guia-definitivo-plano-de-estudos-passo-a-passo\/\" target=\"_blank\">Material gr\u00e1tis \u2013 Guia Definitivo Plano de Estudos<\/a><\/li><\/ul><p><\/p>\n\n\n\n<p>Estude para o concurso dos seus sonhos com a\u00a0<a href=\"https:\/\/www.novaconcursos.com.br\/eventos\/assinatura\" target=\"_blank\" rel=\"noreferrer noopener\" aria-label=\" (abre numa nova aba)\">Assinatura Completa da Nova<\/a>\u00a0. Tenha acesso a Cursos, Plataforma de Quest\u00f5es, Eventos Exclusivos para Assinantes e Muito Mais!<\/p>\n\n\n\n<h2 class=\"wp-block-heading\" id=\"concurso-ministrio-da-sade-como-consultar-o-resultado\">Concurso Minist\u00e9rio da Sa\u00fade: como consultar o resultado?<\/h2>\n\n\n\n<p>Foi publicado, nesta semana, o resultado final da sele\u00e7\u00e3o do\u00a0<strong>Minist\u00e9rio da Sa\u00fade<\/strong>, para tempor\u00e1rios.<\/p>\n\n\n\n<p>Assim, a lista dos aprovados pode ser consultada no site da banca organizadora, a <a rel=\"noreferrer noopener\" href=\"https:\/\/conhecimento.fgv.br\/concursos\/pssminsaude22\" target=\"_blank\">Funda\u00e7\u00e3o Getulio Vargas (FGV)<\/a>.<\/p>\n\n\n\n<p>Ademais, conforme o edital, os aprovados ser\u00e3o convocados e contratados pelo prazo de seis meses. Entretanto, cabe prorroga\u00e7\u00e3o.<\/p>\n\n\n\n<h2 class=\"wp-block-heading\" id=\"concurso-ministrio-da-sade-vagas-e-salrios\">Concurso Minist\u00e9rio da Sa\u00fade: vagas e sal\u00e1rios<\/h2>\n\n\n\n<p>Em resumo, o\u00a0<a href=\"https:\/\/www.novaconcursos.com.br\/portal\/concursos-abertos\/nacional\/\">concurso<\/a>\u00a0Minist\u00e9rio da Sa\u00fade oferece\u00a0<strong>4 mil oportunidades tempor\u00e1rias<\/strong>\u00a0para cargos de n\u00edveis m\u00e9dio, t\u00e9cnico e superior. Portanto, confira:<\/p>\n\n\n\n<ul class=\"wp-block-list\"><li><strong>N\u00edvel M\u00e9dio\/T\u00e9cnico<\/strong><ul><li>T\u00e9cnico de Enfermagem \u2013 821 vagas;<\/li><li>Atividades de Suporte em Gest\u00e3o e Manuten\u00e7\u00e3o Hospitalar, Apoio T\u00e9cnico e Diagn\u00f3stico \u2013 460 vagas.<\/li><\/ul><\/li><li><strong>N\u00edvel Superior<\/strong><ul><li>Medicina \u2013 1.051 vagas;<\/li><li>Enfermagem \u2013 945 vagas;<\/li><li>Atividades de Gest\u00e3o e Manuten\u00e7\u00e3o Hospitalar, Apoio T\u00e9cnico e Diagn\u00f3stico \u2013 495 vagas.<\/li><\/ul><\/li><\/ul><p><\/p>\n\n\n\n<p>Al\u00e9m disso, vale destacar que tais carreiras contam com uma s\u00e9rie de\u00a0<strong>especialidades<\/strong>\u00a0que podem ser consultadas no\u00a0<a href=\"https:\/\/conhecimento.fgv.br\/sites\/default\/files\/concursos\/edital_de_abertura_-_pss-rj_-_dou_-_rj_-_fgv_1.pdf\" target=\"_blank\" rel=\"noreferrer noopener\">edital.<\/a><\/p>\n\n\n\n<p>Ademais, as jornadas de trabalho dos aprovados no processo seletivo simplificado variar\u00e3o entre\u00a0<strong>24h, 30h ou 40h semanais<\/strong>. <\/p>\n\n\n\n<p>J\u00e1 os\u00a0<strong>sal\u00e1rios<\/strong>\u00a0a serem recebidos pelos aprovados variam entre\u00a0<strong>R$ 1.700,00 e R$ 11.000,00.<\/strong><\/p>\n\n\n\n<h3 class=\"wp-block-heading\">Para onde ser\u00e3o as vagas?<\/h3>\n\n\n\n<p>S\u00e3o 4 mil vagas ofertadas para atua\u00e7\u00e3o nos\u00a0hospitais federais do estado <a href=\"https:\/\/www.novaconcursos.com.br\/portal\/concursos-previstos\/rj\/\">Rio de Janeiro<\/a>. Portanto, confira:<\/p>\n\n\n\n<ul class=\"wp-block-list\"><li>Hospital Federal de <ul><li>Andara\u00ed (HFA);<\/li><li>Bonsucesso (HFB);<\/li><li>Lagoa (HFL);<\/li><li>Servidores do Estado (HFSE);<\/li><li>Ipanema (HFI);<\/li><li>Cardoso Fontes (HFCF);\u00a0<\/li><\/ul><\/li><li>Instituto Nacional de <ul><li>Cardiologia (INC);<\/li><li>Traumatologia e Ortopedia (INTO); e<\/li><li>C\u00e2ncer Jos\u00e9 Alencar Gomes da Silva (INCA).<\/li><\/ul><\/li><\/ul><p><\/p>\n\n\n\n<h2 class=\"wp-block-heading\" id=\"quais-so-os-requisitos-bsicos\">Quais s\u00e3o os requisitos b\u00e1sicos?<\/h2>\n\n\n\n<ul class=\"wp-block-list\"><li>Ter sido classificado no Processo Seletivo na forma estabelecida deste Edital, em seus anexos e eventuais retifica\u00e7\u00f5es;<\/li><li>Ter nacionalidade brasileira ou nacionalidade portuguesa, desde que amparado pelo estatuto de igualdade entre brasileiros e portugueses, com reconhecimento do gozo dos direitos pol\u00edticos, nos termos do \u00a71\u00ba do Art. 12 da Constitui\u00e7\u00e3o da Rep\u00fablica Federativa do Brasil e na forma do disposto no Art. 13 do Decreto n\u00ba 70.436, de 18 de abril de 1972, al\u00e9m de outros naturalizados;<\/li><li>Possuir idade m\u00ednima de 18 (dezoito) anos completos;<\/li><li>Estar em pleno gozo dos direitos pol\u00edticos;<\/li><li>quite com as obriga\u00e7\u00f5es eleitorais;<\/li><li>Estar quite com as obriga\u00e7\u00f5es militares, se do sexo masculino;<\/li><li>Apresentar diploma, devidamente registrado, de conclus\u00e3o de curso de N\u00edvel Superior\/M\u00e9dio\/M\u00e9dio T\u00e9cnico, fornecido por institui\u00e7\u00e3o de ensino, reconhecida pelo Minist\u00e9rio da Educa\u00e7\u00e3o, ou c\u00f3pia autenticada em cart\u00f3rio para o cargo\/especialidade classificado;<\/li><li>Estar registrado e com a situa\u00e7\u00e3o regularizada junto ao \u00f3rg\u00e3o de conselho de classe regional correspondente \u00e0 sua forma\u00e7\u00e3o profissional, quando for o caso;<\/li><li>Estar apto f\u00edsica e mentalmente para o exerc\u00edcio do cargo\/especialidade classificado;<\/li><li>Tempo m\u00ednimo de experi\u00eancia no cargo\/especialidade devidamente comprovado conforme ANEXO II;<\/li><li>N\u00c3O ocupar cargo efetivo ou emprego permanente em \u00f3rg\u00e3o ou entidade da administra\u00e7\u00e3o p\u00fablica federal direta e indireta, conforme determina o artigo 6\u00ba, \u00a71\u00ba, inciso II, da Lei n\u00ba 8.745\/1993;<\/li><li>N\u00c3O participar de ger\u00eancia ou administra\u00e7\u00e3o de sociedade privada, personificada ou n\u00e3o personificada, e N\u00c3O exercer o com\u00e9rcio, exceto na qualidade de acionista, cotista ou comandit\u00e1rio, conforme determina o art. 117, inciso X, da Lei n\u00ba 8.112\/90;<\/li><li>N\u00c3O acumular mais de 2 (dois) cargos p\u00fablicos, conforme determina o artigo 37, inciso XVI, da CF\/88;<\/li><li>Cumprir as determina\u00e7\u00f5es deste Edital.<\/li><\/ul><figure class=\"wp-block-image size-large\"><a href=\"https:\/\/www.novaconcursos.com.br\/eventos\/assinatura\" target=\"_blank\" rel=\"noreferrer noopener\"><img decoding=\"async\" src=\"https:\/\/www.novaconcursos.com.br\/portal\/wp-content\/uploads\/2022\/01\/Faixa-Frete-Gr%E2%80%A0tis-portal.png\" alt=\"assinatura completa\" class=\"wp-image-153078\" loading=\"lazy\" title=\"\"><\/a><figcaption><\/figcaption><\/figure>","protected":false},"excerpt":{"rendered":"<p>Aten\u00e7\u00e3o, concurseiros! Foi divulgado o resultado definitivo do concurso Minist\u00e9rio da Sa\u00fade\u00a0para tempor\u00e1rios. Ademais, a sele\u00e7\u00e3o oferece\u00a04 mil vagas. Portanto, confira! Confira:\u00a0Material gr\u00e1tis \u2013 Guia Definitivo Plano de Estudos Estude para o concurso dos seus sonhos com a\u00a0Assinatura Completa da Nova\u00a0. Tenha acesso a Cursos, Plataforma de Quest\u00f5es, Eventos Exclusivos para Assinantes e Muito Mais! [&hellip;]<\/p>\n","protected":false},"author":54671,"featured_media":159109,"comment_status":"closed","ping_status":"closed","sticky":false,"template":"","format":"standard","meta":{"_acf_changed":false,"footnotes":"","_wp_rev_ctl_limit":""},"categories":[228],"tags":[],"class_list":["post-161202","post","type-post","status-publish","format-standard","has-post-thumbnail","hentry","category-noticias"],"acf":[],"_links":{"self":[{"href":"https:\/\/www.novaconcursos.com.br\/portal\/wp-json\/wp\/v2\/posts\/161202","targetHints":{"allow":["GET"]}}],"collection":[{"href":"https:\/\/www.novaconcursos.com.br\/portal\/wp-json\/wp\/v2\/posts"}],"about":[{"href":"https:\/\/www.novaconcursos.com.br\/portal\/wp-json\/wp\/v2\/types\/post"}],"author":[{"embeddable":true,"href":"https:\/\/www.novaconcursos.com.br\/portal\/wp-json\/wp\/v2\/users\/54671"}],"replies":[{"embeddable":true,"href":"https:\/\/www.novaconcursos.com.br\/portal\/wp-json\/wp\/v2\/comments?post=161202"}],"version-history":[{"count":4,"href":"https:\/\/www.novaconcursos.com.br\/portal\/wp-json\/wp\/v2\/posts\/161202\/revisions"}],"predecessor-version":[{"id":161206,"href":"https:\/\/www.novaconcursos.com.br\/portal\/wp-json\/wp\/v2\/posts\/161202\/revisions\/161206"}],"wp:featuredmedia":[{"embeddable":true,"href":"https:\/\/www.novaconcursos.com.br\/portal\/wp-json\/wp\/v2\/media\/159109"}],"wp:attachment":[{"href":"https:\/\/www.novaconcursos.com.br\/portal\/wp-json\/wp\/v2\/media?parent=161202"}],"wp:term":[{"taxonomy":"category","embeddable":true,"href":"https:\/\/www.novaconcursos.com.br\/portal\/wp-json\/wp\/v2\/categories?post=161202"},{"taxonomy":"post_tag","embeddable":true,"href":"https:\/\/www.novaconcursos.com.br\/portal\/wp-json\/wp\/v2\/tags?post=161202"}],"curies":[{"name":"wp","href":"https:\/\/api.w.org\/{rel}","templated":true}]}}