{"id":161439,"date":"2022-05-19T10:30:56","date_gmt":"2022-05-19T13:30:56","guid":{"rendered":"https:\/\/www.novaconcursos.com.br\/portal\/?p=161439"},"modified":"2025-12-03T15:01:00","modified_gmt":"2025-12-03T18:01:00","slug":"concurso-inss-condicoes-trabalho-avaliadas-comissao","status":"publish","type":"post","link":"https:\/\/www.novaconcursos.com.br\/portal\/noticias\/concurso-inss-condicoes-trabalho-avaliadas-comissao\/","title":{"rendered":"Concurso INSS: Condi\u00e7\u00f5es de trabalho dos servidores s\u00e3o avaliadas por comiss\u00e3o!"},"content":{"rendered":"<p>Com os servidores em <strong>greve desde mar\u00e7o,<\/strong> as condi\u00e7\u00f5es de trabalho deles est\u00e3o sendo avaliadas em<strong> audi\u00eancia p\u00fablica<\/strong>! Houve <strong>insatisfa\u00e7\u00e3o <\/strong>por falta de representantes do governo na discuss\u00e3o. Um novo <a href=\"https:\/\/www.novaconcursos.com.br\/portal\/concursos\/concurso-inss\/\">concurso INSS<\/a> segue sendo esperado. <\/p>\n\n\n\n<h2 class=\"wp-block-heading\" id=\"concurso-inss-entenda-a-discusso\">Concurso INSS: entenda a discuss\u00e3o<\/h2>\n\n\n\n<p>A <strong>Comiss\u00e3o de Seguridade Social e Fam\u00edlia<\/strong>, da C\u00e2mara dos Deputados, est\u00e1 discutindo e avaliando as condi\u00e7\u00f5es de trabalho dos servidores do INSS.<\/p>\n\n\n\n<p>Assim, a discuss\u00e3o aconteceu em <strong>audi\u00eancia p\u00fablica na ter\u00e7a-feira<\/strong>, 17 de maio. Assim, o debate foi solicitado pelo deputado Alexandre Padilha (PT-SP).<\/p>\n\n\n\n<p>Isso porque os <strong>servidores est\u00e3o em greve desde o final de mar\u00e7o <\/strong>e pedem melhorias na carreira, al\u00e9m de um novo concurso INSS com urg\u00eancia.<\/p>\n\n\n\n<p>Portanto, conhe\u00e7a os <strong>pontos solicitados pelos grevistas<\/strong> e que est\u00e3o em discuss\u00e3o por parte da comiss\u00e3o nesta semana:<\/p>\n\n\n\n<ul class=\"wp-block-list\"><li>meta di\u00e1ria no n\u00famero de avalia\u00e7\u00f5es e intervalo de 60 minutos entre agendamentos<\/li>\n\n\n\n<li>suspens\u00e3o dos desligamentos por n\u00e3o alcance de metas<\/li>\n\n\n\n<li>Recomposi\u00e7\u00e3o salarial data-base;<\/li>\n\n\n\n<li>Reajuste dos aux\u00edlios-alimenta\u00e7\u00e3o, creche e sa\u00fade;<\/li>\n\n\n\n<li>Reestrutura\u00e7\u00e3o da carreira t\u00edpica de estado para o seguro social;<\/li>\n\n\n\n<li>N\u00edvel superior para ingresso ao cargo de t\u00e9cnico do Seguro Social;<\/li>\n\n\n\n<li>Rediscuss\u00e3o dos processos de trabalho;<\/li>\n\n\n\n<li>Derrubada do veto de R$ 1 bilh\u00e3o do or\u00e7amento do INSS;<\/li>\n\n\n\n<li>N\u00e3o ao fechamento das Ag\u00eancias do INSS e;<\/li>\n\n\n\n<li>Defesa do direito ao atendimento presencial ao cidad\u00e3o nas unidades do \u00f3rg\u00e3o.<\/li>\n<\/ul><p><em>\u201cO sucateamento do INSS tem sido frequente, e os servidores sofrem diariamente com medidas de redu\u00e7\u00e3o da capacidade de atendimento e na garantia de direito aos benefici\u00e1rios e segurados\u201d,<\/em> apontou Padilha.<\/p>\n\n\n\n<p>Ademais, vale destacar que a situa\u00e7\u00e3o causada pela falta de servidores pode impactar\u00a0<strong>90 milh\u00f5es\u00a0de pessoas.<\/strong><\/p>\n\n\n\n<p>Sendo assim, para tentar <strong>ajustar as demandas da autarquia,<\/strong> cerca de\u00a0534 de outros \u00f3rg\u00e3os\u00a0atuam no Instituto.<\/p>\n\n\n\n<h2 class=\"wp-block-heading\" id=\"h-medidas-para-novo-edital\"><strong>Greve e teletrabalho<\/strong><\/h2>\n\n\n\n<p>Os servidores do INSS est\u00e3o em greve h\u00e1 quase dois meses e denunciam que a fila de quase <strong>2 milh\u00f5es de segurados em busca de benef\u00edcios<\/strong> se deve \u00e0 redu\u00e7\u00e3o de quase 50% no pessoal efetivo desde 2015. <\/p>\n\n\n\n<p>Al\u00e9m disso, os <strong>\u00faltimos equipamentos adquiridos<\/strong> pelo \u00f3rg\u00e3o tamb\u00e9m seriam de 2015 e estariam funcionando com softwares defasados.<\/p>\n\n\n\n<p>Vilma Ramos, do Cons\u00f3rcio de Sindicatos da Seguridade Social, disse aos deputados que os servidores,<strong> sem reajuste h\u00e1 cinco anos<\/strong>, est\u00e3o em sua maioria em teletrabalho por metas de produ\u00e7\u00e3o. <\/p>\n\n\n\n<p>Al\u00e9m disso, ela<strong> afirma que o teletrabalho \u00e9 ruim<\/strong> porque os servidores t\u00eam que comprar equipamentos e n\u00e3o t\u00eam descontos em metas de produ\u00e7\u00e3o quando o sistema sai do ar ou em situa\u00e7\u00f5es de licen\u00e7a de sa\u00fade.<\/p>\n\n\n\n<p><em>\u201cUm servidor do INSS quando tira uma licen\u00e7a m\u00e9dica de um dia ou dois dias, e ele trabalha em casa por meta, a meta dele n\u00e3o \u00e9 deduzida. Uma quest\u00e3o extremamente ilegal, porque a licen\u00e7a para tratamento de sa\u00fade \u00e9 uma quest\u00e3o que est\u00e1 na Lei 8.112\/90 e na pr\u00f3pria CLT\u201d<\/em>, reclama Vilma.<\/p>\n\n\n\n<p>Outros sindicalistas presentes \u00e0 audi\u00eancia disseram que o <strong>atendimento presencial \u00e9 importante<\/strong> para o cidad\u00e3o.<\/p>\n\n\n\n<p>Como justificativa, ele disse que <strong>muitos t\u00eam pouca familiaridade<\/strong> com sistemas digitais e que a automa\u00e7\u00e3o tem gerado mais indeferimentos de benef\u00edcios. <\/p>\n\n\n\n<p>Alexandro Gon\u00e7alves, do Sindisprev do Rio Grande do Sul, disse que as pessoas acabam <strong>pagando intermedi\u00e1rios<\/strong> para abrir os requerimentos digitais.<\/p>\n\n\n\n<h2 class=\"wp-block-heading\" id=\"deputados-reclamam-da-ausncia-do-governo-na-audincia\">Deputados reclamam da aus\u00eancia do governo na audi\u00eancia<\/h2>\n\n\n\n<p>Integrantes da Comiss\u00e3o de Seguridade Social e Fam\u00edlia da C\u00e2mara dos Deputados reclamaram da <strong>aus\u00eancia do governo na audi\u00eancia.<\/strong><\/p>\n\n\n\n<p>Assim, ele disse que<strong> sentiu falta dos ministros<\/strong> da Economia, Paulo Guedes, e do Trabalho e Previd\u00eancia Social, Jos\u00e9 Carlos Oliveira.<\/p>\n\n\n\n<p>Ruy Carneiro (PSC-PB), um dos deputados que sugeriram a realiza\u00e7\u00e3o do debate, <strong>reclamou que os ministros<\/strong> e o presidente do INSS, Guilherme Serrano, nem <strong>sequer mandaram representantes.<\/strong><\/p>\n\n\n\n<p><em>\u201cN\u00e3o acredito que n\u00e3o tenha dentro do minist\u00e9rio, dentro do INSS, nenhuma pessoa que pudessem represent\u00e1-los neste tema. Isso, para mim, como homem p\u00fablico, \u00e9 uma vergonha, uma decep\u00e7\u00e3o\u201d<\/em>, criticou.<\/p>\n\n\n\n<p>Agora, Carneiro e o deputado Alexandre Padilha (PT-SP) pretendem <strong>criar uma comiss\u00e3o para ir aos minist\u00e9rios<\/strong> e exigir a presen\u00e7a do governo nas audi\u00eancias. <\/p>\n\n\n\n<p>Al\u00e9m disso, na semana passada, <strong>tamb\u00e9m n\u00e3o foram enviados representantes<\/strong> para uma reuni\u00e3o sobre o mesmo tema na\u00a0Comiss\u00e3o de Trabalho, de Administra\u00e7\u00e3o e Servi\u00e7o P\u00fablico.<\/p>\n\n\n\n<p>Certo \u00e9 que um novo concurso INSS segue <strong>previsto para 2022<\/strong> e essas discuss\u00f5es podem soar como positivo para o novo edital!<\/p>","protected":false},"excerpt":{"rendered":"<p>Com os servidores em greve desde mar\u00e7o, as condi\u00e7\u00f5es de trabalho deles est\u00e3o sendo avaliadas em audi\u00eancia p\u00fablica! Houve insatisfa\u00e7\u00e3o por falta de representantes do governo na discuss\u00e3o. Um novo concurso INSS segue sendo esperado. Concurso INSS: entenda a discuss\u00e3o A Comiss\u00e3o de Seguridade Social e Fam\u00edlia, da C\u00e2mara dos Deputados, est\u00e1 discutindo e avaliando [&hellip;]<\/p>\n","protected":false},"author":54671,"featured_media":155656,"comment_status":"closed","ping_status":"closed","sticky":false,"template":"","format":"standard","meta":{"_acf_changed":false,"footnotes":"","_wp_rev_ctl_limit":""},"categories":[228],"tags":[],"class_list":["post-161439","post","type-post","status-publish","format-standard","has-post-thumbnail","hentry","category-noticias"],"acf":[],"_links":{"self":[{"href":"https:\/\/www.novaconcursos.com.br\/portal\/wp-json\/wp\/v2\/posts\/161439","targetHints":{"allow":["GET"]}}],"collection":[{"href":"https:\/\/www.novaconcursos.com.br\/portal\/wp-json\/wp\/v2\/posts"}],"about":[{"href":"https:\/\/www.novaconcursos.com.br\/portal\/wp-json\/wp\/v2\/types\/post"}],"author":[{"embeddable":true,"href":"https:\/\/www.novaconcursos.com.br\/portal\/wp-json\/wp\/v2\/users\/54671"}],"replies":[{"embeddable":true,"href":"https:\/\/www.novaconcursos.com.br\/portal\/wp-json\/wp\/v2\/comments?post=161439"}],"version-history":[{"count":5,"href":"https:\/\/www.novaconcursos.com.br\/portal\/wp-json\/wp\/v2\/posts\/161439\/revisions"}],"predecessor-version":[{"id":298480,"href":"https:\/\/www.novaconcursos.com.br\/portal\/wp-json\/wp\/v2\/posts\/161439\/revisions\/298480"}],"wp:featuredmedia":[{"embeddable":true,"href":"https:\/\/www.novaconcursos.com.br\/portal\/wp-json\/wp\/v2\/media\/155656"}],"wp:attachment":[{"href":"https:\/\/www.novaconcursos.com.br\/portal\/wp-json\/wp\/v2\/media?parent=161439"}],"wp:term":[{"taxonomy":"category","embeddable":true,"href":"https:\/\/www.novaconcursos.com.br\/portal\/wp-json\/wp\/v2\/categories?post=161439"},{"taxonomy":"post_tag","embeddable":true,"href":"https:\/\/www.novaconcursos.com.br\/portal\/wp-json\/wp\/v2\/tags?post=161439"}],"curies":[{"name":"wp","href":"https:\/\/api.w.org\/{rel}","templated":true}]}}