{"id":161547,"date":"2022-05-20T10:41:25","date_gmt":"2022-05-20T13:41:25","guid":{"rendered":"https:\/\/www.novaconcursos.com.br\/portal\/?p=161547"},"modified":"2022-05-20T10:41:33","modified_gmt":"2022-05-20T13:41:33","slug":"concurso-idaf-es-orgao-inicio-convocacao-aprovados","status":"publish","type":"post","link":"https:\/\/www.novaconcursos.com.br\/portal\/noticias\/concurso-idaf-es-orgao-inicio-convocacao-aprovados\/","title":{"rendered":"Concurso IDAF ES: \u00d3rg\u00e3o d\u00e1 in\u00edcio a convoca\u00e7\u00e3o dos aprovados!"},"content":{"rendered":"<p>Aten\u00e7\u00e3o concurseiros! Tiveram <strong>in\u00edcio \u00e0s convoca\u00e7\u00f5es <\/strong>dos aprovados no <a href=\"https:\/\/www.novaconcursos.com.br\/portal\/concursos\/concurso-idaf-es\/\">concurso Idaf ES<\/a>. O Instituto de Defesa Agropecu\u00e1ria e Florestal do Esp\u00edrito Santo\u00a0<strong>est\u00e1 ofertando 15 vagas para Fiscal Estadual Agropecu\u00e1rio<\/strong>.<\/p>\n\n\n\n<ul class=\"wp-block-list\"><li><strong>Confira:<\/strong>\u00a0<a href=\"https:\/\/www.novaconcursos.com.br\/eventos\/guia-definitivo-plano-de-estudos-passo-a-passo\/\" target=\"_blank\" rel=\"noreferrer noopener\" aria-label=\" (abre numa nova aba)\">Guia Definitivo Plano de Estudos (Gr\u00e1tis)<\/a><\/li><\/ul><p><\/p>\n\n\n\n<p>Estude para o concurso dos seus sonhos com a\u00a0<a href=\"https:\/\/www.novaconcursos.com.br\/eventos\/assinatura\" target=\"_blank\" rel=\"noreferrer noopener\" aria-label=\" (abre numa nova aba)\">Assinatura Completa da Nova<\/a>. Tenha acesso a Cursos, Plataforma de Quest\u00f5es, Eventos Exclusivos para Assinantes e Muito Mais!<\/p>\n\n\n\n<h2 class=\"wp-block-heading\" id=\"concurso-idaf-es-convocaes-iniciadas\">Concurso Idaf ES: convoca\u00e7\u00f5es iniciadas<\/h2>\n\n\n\n<p>O\u00a0Instituto de Defesa Agropecu\u00e1ria e Florestal do <a href=\"https:\/\/www.novaconcursos.com.br\/portal\/concursos-previstos\/es\/\">Esp\u00edrito Santo<\/a> j\u00e1 <strong>come\u00e7ou <\/strong>a realizar as <strong>nomea\u00e7\u00f5es dos aprovados <\/strong>no concurso p\u00fablico.<\/p>\n\n\n\n<p>Portanto, \u00e9 necess\u00e1rio que os <strong>aprovados fiquem atentos<\/strong> ao Di\u00e1rio Oficial que o instituto tem publicado os avisos de nomea\u00e7\u00e3o por l\u00e1. <\/p>\n\n\n\n<p>Inclusive, na edi\u00e7\u00e3o da \u00faltima ter\u00e7a, 17 de maio, <strong>alguns aprovados j\u00e1 foram convocados. <\/strong>Assim, mais convoca\u00e7\u00f5es surgir\u00e3o no decorrer dos pr\u00f3ximos dias.<\/p>\n\n\n\n<h3 class=\"wp-block-heading\">Resultado homologado<\/h3>\n\n\n\n<p>As convoca\u00e7\u00f5es se iniciaram<strong> quase dois meses ap\u00f3s a homologa\u00e7\u00e3o final <\/strong>do resultado do certame, que aconteceu em mar\u00e7o.<\/p>\n\n\n\n<p>Sendo assim, o prazo de <strong>validade do concurso<\/strong> iniciou no terceiro m\u00eas deste ano e seguir\u00e1 v\u00e1lido por dois anos. <\/p>\n\n\n\n<p>Entretanto, poder\u00e1 haver uma <strong>prorroga\u00e7\u00e3o do prazo<\/strong>, posteriormente, por mais dois anos, caso haja necessidade.<\/p>\n\n\n\n<p>Ou seja, a validade <strong>vai at\u00e9 mar\u00e7o de 2024<\/strong>, podendo se esticar at\u00e9 mar\u00e7o de 2026, isso a crit\u00e9rio do \u00f3rg\u00e3o.<\/p>\n\n\n\n<h3 class=\"wp-block-heading\">Como foram as provas?<\/h3>\n\n\n\n<p>Vale destacar ainda que os inscritos foram avaliados por meio de<strong> provas discursivas e objetivas.<\/strong><\/p>\n\n\n\n<p>Portanto, elas foram\u00a0<strong>aplicadas no dia 23 de janeiro<\/strong> na cidade de Vit\u00f3ria, capital do Esp\u00edrito Santo.<\/p>\n\n\n\n<p>Ademais, nesse dia os inscritos na sele\u00e7\u00e3o tiveram que responder a<strong>\u00a050 quest\u00f5es<\/strong>\u00a0sobre as seguintes disciplinas:<\/p>\n\n\n\n<ul class=\"wp-block-list\"><li>L\u00edngua Portuguesa \u2013 10;<\/li><li>Legisla\u00e7\u00e3o B\u00e1sica \u2013 10;<\/li><li>Inform\u00e1tica B\u00e1sica \u2013 10;<\/li><li>Conhecimentos Espec\u00edficos \u2013 20 quest\u00f5es sobre:<ul><li>Inspe\u00e7\u00e3o Industrial e Sanit\u00e1ria de Produtos de Origem Animal;<\/li><li>Defesa Sanit\u00e1ria Animal;<\/li><li>Outras Legisla\u00e7\u00f5es Aplic\u00e1veis.<\/li><\/ul><\/li><\/ul><p><\/p>\n\n\n\n<h2 class=\"wp-block-heading\" id=\"concurso-idaf-es-vagas-cargos-e-remuneraes\"><strong>Concurso Idaf ES: <\/strong>vagas, cargos e remunera\u00e7\u00f5es<\/h2>\n\n\n\n<p>Assim, o edital do concurso Idaf do\u00a0<a href=\"https:\/\/www.novaconcursos.com.br\/portal\/concursos-abertos\/es\/\">Esp\u00edrito Santo<\/a>\u00a0foi lan\u00e7ado no fim de 2021 com a\u00a0<strong>oferta de 15 vagas imediatas\u00a0<\/strong>mais cadastro de reserva.<\/p>\n\n\n\n<p>Assim, as oportunidades s\u00e3o para\u00a0<strong>Fiscal Estadual Agropecu\u00e1rio<\/strong>, cargo que exige o\u00a0n\u00edvel superior.<\/p>\n\n\n\n<p>Do total de chances,\u00a0<strong>01 \u00e9 para pessoas com defici\u00eancia<\/strong>\u00a0e 03 para negros e\/ou ind\u00edgenas. Sendo assim, as outras ser\u00e3o para ampla concorr\u00eancia.<\/p>\n\n\n\n<p>Importante destacar, por\u00e9m, que\u00a0<strong>todas as vagas<\/strong>\u00a0s\u00e3o para forma\u00e7\u00e3o em Medicina Veterin\u00e1ria.<\/p>\n\n\n\n<p>Sendo assim, \u00e9 preciso ter diploma de\u00a0<strong>n\u00edvel superior em Medicina Veterin\u00e1ria<\/strong>, reconhecido pelo Minist\u00e9rio da Economia.\u00a0<\/p>\n\n\n\n<h3 class=\"wp-block-heading\">E os sal\u00e1rios?<\/h3>\n\n\n\n<p>O sal\u00e1rio inicial para a carreira \u00e9 de\u00a0<strong>R$ 5.716,56<\/strong>. Assim, o valor inclui R$ 5.416,56 de vencimento b\u00e1sico e R$ 300 de aux\u00edlio-alimenta\u00e7\u00e3o.<\/p>\n\n\n\n<p>Lembrando que isso se faz jus a uma jornada de trabalho de\u00a0<strong>40 horas por semana.\u00a0<\/strong><\/p>\n\n\n\n<figure class=\"wp-block-image size-large\"><a href=\"https:\/\/www.novaconcursos.com.br\/eventos\/assinatura\" target=\"_blank\" rel=\"noreferrer noopener\"><img decoding=\"async\" src=\"https:\/\/www.novaconcursos.com.br\/portal\/wp-content\/uploads\/2022\/01\/Faixa-Frete-Gr%E2%80%A0tis-portal.png\" alt=\"assinatura completa\" class=\"wp-image-153078\" loading=\"lazy\" title=\"\"><\/a><figcaption><\/figcaption><\/figure>","protected":false},"excerpt":{"rendered":"<p>Aten\u00e7\u00e3o concurseiros! Tiveram in\u00edcio \u00e0s convoca\u00e7\u00f5es dos aprovados no concurso Idaf ES. O Instituto de Defesa Agropecu\u00e1ria e Florestal do Esp\u00edrito Santo\u00a0est\u00e1 ofertando 15 vagas para Fiscal Estadual Agropecu\u00e1rio. Confira:\u00a0Guia Definitivo Plano de Estudos (Gr\u00e1tis) Estude para o concurso dos seus sonhos com a\u00a0Assinatura Completa da Nova. Tenha acesso a Cursos, Plataforma de Quest\u00f5es, Eventos [&hellip;]<\/p>\n","protected":false},"author":54671,"featured_media":161548,"comment_status":"closed","ping_status":"closed","sticky":false,"template":"","format":"standard","meta":{"_acf_changed":false,"footnotes":"","_wp_rev_ctl_limit":""},"categories":[228],"tags":[],"class_list":["post-161547","post","type-post","status-publish","format-standard","has-post-thumbnail","hentry","category-noticias"],"acf":[],"_links":{"self":[{"href":"https:\/\/www.novaconcursos.com.br\/portal\/wp-json\/wp\/v2\/posts\/161547","targetHints":{"allow":["GET"]}}],"collection":[{"href":"https:\/\/www.novaconcursos.com.br\/portal\/wp-json\/wp\/v2\/posts"}],"about":[{"href":"https:\/\/www.novaconcursos.com.br\/portal\/wp-json\/wp\/v2\/types\/post"}],"author":[{"embeddable":true,"href":"https:\/\/www.novaconcursos.com.br\/portal\/wp-json\/wp\/v2\/users\/54671"}],"replies":[{"embeddable":true,"href":"https:\/\/www.novaconcursos.com.br\/portal\/wp-json\/wp\/v2\/comments?post=161547"}],"version-history":[{"count":4,"href":"https:\/\/www.novaconcursos.com.br\/portal\/wp-json\/wp\/v2\/posts\/161547\/revisions"}],"predecessor-version":[{"id":161553,"href":"https:\/\/www.novaconcursos.com.br\/portal\/wp-json\/wp\/v2\/posts\/161547\/revisions\/161553"}],"wp:featuredmedia":[{"embeddable":true,"href":"https:\/\/www.novaconcursos.com.br\/portal\/wp-json\/wp\/v2\/media\/161548"}],"wp:attachment":[{"href":"https:\/\/www.novaconcursos.com.br\/portal\/wp-json\/wp\/v2\/media?parent=161547"}],"wp:term":[{"taxonomy":"category","embeddable":true,"href":"https:\/\/www.novaconcursos.com.br\/portal\/wp-json\/wp\/v2\/categories?post=161547"},{"taxonomy":"post_tag","embeddable":true,"href":"https:\/\/www.novaconcursos.com.br\/portal\/wp-json\/wp\/v2\/tags?post=161547"}],"curies":[{"name":"wp","href":"https:\/\/api.w.org\/{rel}","templated":true}]}}