{"id":161642,"date":"2022-05-23T11:30:46","date_gmt":"2022-05-23T14:30:46","guid":{"rendered":"https:\/\/www.novaconcursos.com.br\/portal\/?p=161642"},"modified":"2024-07-08T14:35:20","modified_gmt":"2024-07-08T17:35:20","slug":"concurso-pf-e-prf-excedentes-convocados-em-breve","status":"publish","type":"post","link":"https:\/\/www.novaconcursos.com.br\/portal\/noticias\/concurso-pf-e-prf-excedentes-convocados-em-breve\/","title":{"rendered":"Concurso PF e PRF: Excedentes devem ser convocados em breve, informa Ministro!"},"content":{"rendered":"<p>Aten\u00e7\u00e3o concurseiros! O presidente Jair Bolsonaro j\u00e1 havia anunciado <strong>625 convoca\u00e7\u00f5es de excedentes<\/strong> para o\u00a0<a href=\"https:\/\/www.novaconcursos.com.br\/portal\/concursos\/concurso-policia-federal\/\">Concurso PF<\/a>\u00a0e <strong>625 <\/strong>para o\u00a0<a href=\"https:\/\/www.novaconcursos.com.br\/portal\/concursos\/concurso-prf\/\">Concurso PRF<\/a>. Assim, elas dever\u00e3o acontecer <strong>em breve<\/strong>, segundo o ministro da Justi\u00e7a, Anderson Torres.<\/p>\n\n\n\n<p>Estude para o concurso dos seus sonhos com a\u00a0<a aria-label=\" (abre numa nova aba)\" href=\"https:\/\/www.novaconcursos.com.br\/eventos\/assinatura\" target=\"_blank\" rel=\"noreferrer noopener\">Assinatura Completa da Nova<\/a>. Tenha acesso a Cursos, Plataforma de Quest\u00f5es, Eventos Exclusivos para Assinantes e Muito Mais!<\/p>\n\n\n\n<h2 class=\"wp-block-heading\" id=\"concursos-pf-e-prf-quando-sairo-as-convocaes\">Concursos PF e PRF: quando sair\u00e3o as convoca\u00e7\u00f5es?<\/h2>\n\n\n\n<p>Recentemente, o Presidente da Rep\u00fablica, Jair Bolsonaro, j\u00e1 havia <strong>falado<\/strong> sobre mais <strong>convoca\u00e7\u00f5es\u00a0<\/strong>para a Pol\u00edcia Federal e Pol\u00edcia Rodovi\u00e1ria Federal.<\/p>\n\n\n\n<ul class=\"wp-block-list\"><li><strong>Adquira<\/strong>:\n<ul class=\"wp-block-list\"><li><a href=\"https:\/\/www.novaconcursos.com.br\/concurso\/pf-policia-federal\/apostila\">Apostila Concurso PF<\/a><\/li>\n\n\n\n<li><a href=\"https:\/\/www.novaconcursos.com.br\/concurso\/pf-policia-federal\/curso-online\">Curso Online PF<\/a><\/li>\n\n\n\n<li><a href=\"https:\/\/www.novaconcursos.com.br\/concurso\/prf-policia-rodoviaria-federal\/apostila\">Apostila Concurso PRF<\/a><\/li>\n\n\n\n<li><a href=\"https:\/\/www.novaconcursos.com.br\/concurso\/prf-policia-rodoviaria-federal\/curso-online\">Curso Online PRF<\/a><\/li>\n<\/ul><\/li>\n<\/ul><p><\/p>\n\n\n\n<p>Assim, segundo o ministro da Justi\u00e7a, Anderson Torres, a <strong>convoca\u00e7\u00e3o <\/strong>de excedentes aprovados nas duas corpora\u00e7\u00f5es devem acontecer<strong> em breve!<\/strong><\/p>\n\n\n\n<p><em>\u201cBoa tarde! Estamos bem adiantados para a convoca\u00e7\u00e3o de mais 625 para a PRF e outros 625 para a Pol\u00edcia Federal. Isso devem acontecer muito em breve. Estudos seguem sobre o 9739, ainda com esperan\u00e7as\u201d<\/em>, escreveu o ministro em suas redes sociais.<\/p>\n\n\n\n<p>Assim, a convoca\u00e7\u00e3o foi anunciada pelo presidente <strong>no dia 3 de maio<\/strong> e s\u00f3 ser\u00e1 poss\u00edvel gra\u00e7as a aprova\u00e7\u00e3o da <strong>PLN 1\/2022<\/strong> no Senado Federal. <\/p>\n\n\n\n<p>Isso porque o projeto acrescenta<strong> R$ 2,57 bilh\u00f5es ao or\u00e7amento da Uni\u00e3o, <\/strong>tornando a chama de excedentes mais f\u00e1cil.<\/p>\n\n\n\n<p>Al\u00e9m das convoca\u00e7\u00f5es, a <strong>PLN ainda pode possibilitar autoriza\u00e7\u00f5es<\/strong> de novos concursos como para a Receita Federal e para o INSS.<\/p>\n\n\n\n<p>Entretanto, <strong>ainda n\u00e3o h\u00e1 informa\u00e7\u00f5es<\/strong> desses <a href=\"https:\/\/www.novaconcursos.com.br\/portal\/concursos-previstos\/nacional\">concursos<\/a>, que vem sendo muito aguardados pelos \u00f3rg\u00e3os e concurseiros!<\/p>\n\n\n\n<h2 class=\"wp-block-heading\" id=\"concursos-pf-e-prf-editais-somam-3-mil-vagas\"><strong>Concursos PF e PRF: editais somam 3 mil vagas<\/strong><\/h2>\n\n\n\n<p>Vale destacar que, juntos, os editais dos\u00a0<a href=\"https:\/\/www.novaconcursos.com.br\/portal\/concursos-abertos\/nacional\">concursos\u00a0<\/a>da Pol\u00edcia Federal e Pol\u00edcia Rodovi\u00e1ria Federal\u00a0<strong>somam 3 mil vagas.<\/strong><\/p>\n\n\n\n<p>Assim, s\u00e3o\u00a0<strong>1.500 para cada corpora\u00e7\u00e3o<\/strong>. Em janeiro deste ano,\u00a0Jair Bolsonaro prometeu chamar, pelo menos, 500 excedentes em cada pol\u00edcia.\u00a0<\/p>\n\n\n\n<p>Na PRF, o cargo ofertado \u00e9 de\u00a0<strong>Policial Rodovi\u00e1rio Federal<\/strong>, que tem exig\u00eancia de n\u00edvel superior em qualquer \u00e1rea. Entretanto, \u00e9 preciso ainda CNH, no m\u00ednimo, na categoria B.<\/p>\n\n\n\n<p>Enquanto isso, na PF, as vagas s\u00e3o para o<strong>\u00a0n\u00edvel superior.<\/strong>\u00a0Assim, com jornada de 40 horas semanais, confira a divis\u00e3o de cargos:<\/p>\n\n\n\n<ul class=\"wp-block-list\"><li><strong>Agente de pol\u00edcia<\/strong>\u00a0\u00a0\u2013 893 vagas<\/li>\n\n\n\n<li><strong>Escriv\u00e3o de pol\u00edcia\u00a0<\/strong>\u00a0\u2013 400 vagas;<\/li>\n\n\n\n<li><strong>Papiloscopista policial federal\u00a0<\/strong>\u00a0\u2013 84 vagas;<\/li>\n\n\n\n<li><strong>Delegado de pol\u00edcia<\/strong>\u00a0\u00a0\u2013 123 vagas.<\/li>\n<\/ul><p><\/p>\n\n\n\n<h2 class=\"wp-block-heading\" id=\"novos-editais-sero-publicados-para-as-corporaes\">Novos editais ser\u00e3o publicados para as corpora\u00e7\u00f5es?<\/h2>\n\n\n\n<p>Um <strong>novo pedido<\/strong> foi encaminhado para o Minist\u00e9rio da Economia, solicitando um novo concurso para <strong>5 mil vagas<\/strong> na Pol\u00edcia Rodovi\u00e1ria Federal.<\/p>\n\n\n\n<p>Assim, no documento, o diretor-geral explicou que o motivo se deve ao projeto de <strong>reestrutura\u00e7\u00e3o do \u00f3rg\u00e3o<\/strong> que est\u00e1 em tramita\u00e7\u00e3o.<\/p>\n\n\n\n<p>Portanto, na reorganiza\u00e7\u00e3o est\u00e1 <strong>prevista a majora\u00e7\u00e3o<\/strong> do quadro legal de pessoal da PRF, possibilitando assim a demanda por amplia\u00e7\u00e3o do efetivo.<\/p>\n\n\n\n<p>Al\u00e9m disso, o pedido apresenta ainda um poss\u00edvel <strong>cronograma de etapas e convoca\u00e7\u00f5es <\/strong>do certame.<\/p>\n\n\n\n<p>J\u00e1 na Pol\u00edcia Federal, um projeto articula a <strong>cria\u00e7\u00e3o de 2.967 vagas<\/strong> para o fortalecimento da capacidade institucional e opera\u00e7\u00e3o do \u00f3rg\u00e3o.<\/p>\n\n\n\n<p>Assim, o pedido ainda aponta unidades do \u00f3rg\u00e3o que operam com efetivo abaixo do m\u00ednimo necess\u00e1rio. Atualmente <strong>s\u00e3o 450 cargos vagos.<\/strong><\/p>\n\n\n\n<figure class=\"wp-block-image size-large\"><a href=\"https:\/\/www.novaconcursos.com.br\/eventos\/assinatura\" target=\"_blank\" rel=\"noreferrer noopener\"><img decoding=\"async\" src=\"https:\/\/www.novaconcursos.com.br\/portal\/wp-content\/uploads\/2022\/01\/Faixa-Frete-Gr%E2%80%A0tis-portal.png\" alt=\"assinatura completa\" class=\"wp-image-153078\" loading=\"lazy\" title=\"\"><\/a><figcaption><\/figcaption><\/figure>","protected":false},"excerpt":{"rendered":"<p>Aten\u00e7\u00e3o concurseiros! O presidente Jair Bolsonaro j\u00e1 havia anunciado 625 convoca\u00e7\u00f5es de excedentes para o\u00a0Concurso PF\u00a0e 625 para o\u00a0Concurso PRF. Assim, elas dever\u00e3o acontecer em breve, segundo o ministro da Justi\u00e7a, Anderson Torres. Estude para o concurso dos seus sonhos com a\u00a0Assinatura Completa da Nova. Tenha acesso a Cursos, Plataforma de Quest\u00f5es, Eventos Exclusivos para [&hellip;]<\/p>\n","protected":false},"author":54671,"featured_media":159345,"comment_status":"closed","ping_status":"closed","sticky":false,"template":"","format":"standard","meta":{"_acf_changed":false,"footnotes":"","_wp_rev_ctl_limit":""},"categories":[228],"tags":[],"class_list":["post-161642","post","type-post","status-publish","format-standard","has-post-thumbnail","hentry","category-noticias"],"acf":[],"_links":{"self":[{"href":"https:\/\/www.novaconcursos.com.br\/portal\/wp-json\/wp\/v2\/posts\/161642","targetHints":{"allow":["GET"]}}],"collection":[{"href":"https:\/\/www.novaconcursos.com.br\/portal\/wp-json\/wp\/v2\/posts"}],"about":[{"href":"https:\/\/www.novaconcursos.com.br\/portal\/wp-json\/wp\/v2\/types\/post"}],"author":[{"embeddable":true,"href":"https:\/\/www.novaconcursos.com.br\/portal\/wp-json\/wp\/v2\/users\/54671"}],"replies":[{"embeddable":true,"href":"https:\/\/www.novaconcursos.com.br\/portal\/wp-json\/wp\/v2\/comments?post=161642"}],"version-history":[{"count":7,"href":"https:\/\/www.novaconcursos.com.br\/portal\/wp-json\/wp\/v2\/posts\/161642\/revisions"}],"predecessor-version":[{"id":243117,"href":"https:\/\/www.novaconcursos.com.br\/portal\/wp-json\/wp\/v2\/posts\/161642\/revisions\/243117"}],"wp:featuredmedia":[{"embeddable":true,"href":"https:\/\/www.novaconcursos.com.br\/portal\/wp-json\/wp\/v2\/media\/159345"}],"wp:attachment":[{"href":"https:\/\/www.novaconcursos.com.br\/portal\/wp-json\/wp\/v2\/media?parent=161642"}],"wp:term":[{"taxonomy":"category","embeddable":true,"href":"https:\/\/www.novaconcursos.com.br\/portal\/wp-json\/wp\/v2\/categories?post=161642"},{"taxonomy":"post_tag","embeddable":true,"href":"https:\/\/www.novaconcursos.com.br\/portal\/wp-json\/wp\/v2\/tags?post=161642"}],"curies":[{"name":"wp","href":"https:\/\/api.w.org\/{rel}","templated":true}]}}