{"id":161711,"date":"2022-05-24T11:05:38","date_gmt":"2022-05-24T14:05:38","guid":{"rendered":"https:\/\/www.novaconcursos.com.br\/portal\/?p=161711"},"modified":"2025-12-29T11:22:56","modified_gmt":"2025-12-29T14:22:56","slug":"concurso-pf-administrativo-novo-pedido-e-enviado","status":"publish","type":"post","link":"https:\/\/www.novaconcursos.com.br\/portal\/noticias\/concurso-pf-administrativo-novo-pedido-e-enviado\/","title":{"rendered":"Concurso PF Administrativo: Novo pedido \u00e9 enviado para n\u00edvel m\u00e9dio e superior!"},"content":{"rendered":"<p>Aten\u00e7\u00e3o concurseiros! Um <a href=\"https:\/\/www.novaconcursos.com.br\/portal\/concursos\/pf-administrativo\/\">concurso PF Administrativo<\/a>\u00a0segue sendo <strong>planejado\u00a0<\/strong>e esperado para 2022. Um\u00a0novo <strong>pedido <\/strong>com <strong>677 vagas<\/strong> foi enviado para carreiras de n\u00edvel m\u00e9dio e superior.<\/p>\n\n\n\n<ul class=\"wp-block-list\"><li><strong>Confira:<\/strong>\u00a0<a aria-label=\" (abre numa nova aba)\" href=\"https:\/\/www.novaconcursos.com.br\/eventos\/guia-definitivo-plano-de-estudos-passo-a-passo\/\" target=\"_blank\" rel=\"noreferrer noopener\">Plano de Estudos Passo a Passo \u2013 guia GR\u00c1TIS<\/a><\/li>\n<\/ul><p><\/p>\n\n\n\n<p>Estude para o concurso dos seus sonhos com a\u00a0<a rel=\"noreferrer noopener\" aria-label=\" (abre numa nova aba)\" href=\"https:\/\/www.novaconcursos.com.br\/eventos\/assinatura\" target=\"_blank\">Assinatura Completa da Nova<\/a>. Tenha acesso a Cursos, Plataforma de Quest\u00f5es, Eventos Exclusivos para Assinantes e Muito Mais!<\/p>\n\n\n\n<h2 class=\"wp-block-heading\" id=\"concurso-pf-administrativo-quando-sai-o-edital\">Concurso PF Administrativo: quando sai o edital?<\/h2>\n\n\n\n<p>\u00c9 o que os concurseiros aguardam saber! Mas,\u00a0<strong>ainda n\u00e3o h\u00e1 uma data<\/strong> para que o edital do\u00a0<a href=\"https:\/\/www.novaconcursos.com.br\/portal\/concursos-previstos\/nacional\">concurso\u00a0<\/a>da Pol\u00edcia Federal seja publicado.<\/p>\n\n\n\n<ul class=\"wp-block-list\"><li><strong>Adquira:<\/strong>\u00a0<a href=\"https:\/\/www.novaconcursos.com.br\/concurso\/pf-policia-federal\/apostila\">Apostila completa Pol\u00edcia Federal<\/a><\/li>\n\n\n\n<li><strong>Adquira:\u00a0<\/strong><a href=\"https:\/\/www.novaconcursos.com.br\/concurso\/pf-policia-federal\/curso-online\">Curso online completo Pol\u00edcia Federal<\/a><\/li>\n<\/ul><p><\/p>\n\n\n\n<p>Um novo pedido foi realizado para preenchimento de\u00a0<strong>677 vagas<\/strong>, sendo\u00a0<strong>494 <\/strong>para cargo de n\u00edvel m\u00e9dio e <strong>183\u00a0<\/strong>para cargo de n\u00edvel superior.<\/p>\n\n\n\n<p>Ainda no of\u00edcio, a previs\u00e3o de ingresso dos aprovados seria para o\u00a0<strong>ano de 2023<\/strong>, sendo assim, o edital deve sair no segundo semestre desse ano.<\/p>\n\n\n\n<p>Al\u00e9m disso, foi tamb\u00e9m apresentado um cronograma onde aponta que o edital pode ser publicado em\u00a0<strong>setembro<\/strong>.<\/p>\n\n\n\n<p>Ademais, as provas objetivas e discursivas est\u00e3o previstas para\u00a0<strong>janeiro<\/strong>\u00a0e nomea\u00e7\u00e3o em\u00a0<strong>abril de 2024.<\/strong><\/p>\n\n\n\n<p>Assim, de acordo com o Diretor-Geral da Pol\u00edcia Federal, M\u00e1rcio Nunes de Oliveira, a justificativa \u00e9 <strong>devido ao aumento da demanda<\/strong> dos servidores e refor\u00e7o no operacional da institui\u00e7\u00e3o. <\/p>\n\n\n\n<p>Al\u00e9m disso, ele ainda frisou que um novo certame <strong>n\u00e3o aumentaria o impacto financeiro. <\/strong><\/p>\n\n\n\n<p><em>\u201cTal mudan\u00e7a n\u00e3o apresentar\u00e1 impacto financeiro, visto que apenas faz a transforma\u00e7\u00e3o de cargos j\u00e1 existentes de uma especialidade funcional para outra com a mesma remunera\u00e7\u00e3o\u201d,<\/em> explicou.<\/p>\n\n\n\n<p><strong>Portanto, confira a divis\u00e3o de vagas:<\/strong><\/p>\n\n\n\n<ul class=\"wp-block-list\"><li>Administrador \u2013 25 <\/li>\n\n\n\n<li>Arquivista \u2013 9 <\/li>\n\n\n\n<li>Assistente Social \u2013 18 <\/li>\n\n\n\n<li>Bibliotec\u00e1rio \u2013 1 <\/li>\n\n\n\n<li>Contador \u2013 9 <\/li>\n\n\n\n<li>Economista \u2013 3 <\/li>\n\n\n\n<li>Enfermeiro \u2013 3 <\/li>\n\n\n\n<li>Engenheiro \u2013 1 <\/li>\n\n\n\n<li>Estat\u00edstico \u2013 4 <\/li>\n\n\n\n<li>Farmac\u00eautico \u2013 2 <\/li>\n\n\n\n<li>M\u00e9dico \u2013 20 horas \u2013 40 <\/li>\n\n\n\n<li>M\u00e9dico \u2013 40 horas \u2013 29 <\/li>\n\n\n\n<li>Nutricionista \u2013 1 <\/li>\n\n\n\n<li>Psic\u00f3logo \u2013 12 <\/li>\n\n\n\n<li>T\u00e9cnico em Assuntos Educacionais \u2013 13 <\/li>\n\n\n\n<li>T\u00e9cnico em Comunica\u00e7\u00e3o Social \u2013 3 <\/li>\n\n\n\n<li>Agente Administrativo \u2013 494<\/li>\n<\/ul><p><\/p>\n\n\n\n<h2 class=\"wp-block-heading\" id=\"ltimo-concurso-para-agente-administrativo-na-corporao\"><strong>\u00daltimo\u00a0concurso para Agente Administrativo <\/strong>na corpora\u00e7\u00e3o<\/h2>\n\n\n\n<p>O \u00faltimo\u00a0<a href=\"https:\/\/www.novaconcursos.com.br\/portal\/concursos-abertos\/nacional\/\">concurso<\/a>\u00a0PF da \u00e1rea de apoio\u00a0<strong>ocorreu em 2013<\/strong>, sendo assim j\u00e1 s\u00e3o nove anos sem realizar sele\u00e7\u00e3o para estes cargos. <\/p>\n\n\n\n<p>Na \u00e9poca foram ofertadas<strong>\u00a0566 vagas\u00a0<\/strong>para c<strong>argos de n\u00edveis m\u00e9dio e superior<\/strong>\u00a0da \u00e1rea administrativa.<\/p>\n\n\n\n<p>Como a validade se encerrou em 2018, o \u00f3rg\u00e3o n\u00e3o pode mais aproveitar o cadastro de reserva e s\u00f3 pode contratar a partir de um novo concurso.<\/p>\n\n\n\n<p>A organiza\u00e7\u00e3o ficou sob responsabilidade do <strong>Cebraspe <\/strong>(antigo Cespe\/UnB). Eram<strong>\u00a0534 vagas somente para Agente Administrativo<\/strong>, em diversos estados, al\u00e9m do Distrito Federal.<\/p>\n\n\n\n<p>Lembrando que tamb\u00e9m houve oferta de vagas para\u00a0graduados (assim como h\u00e1 no novo pedido), com <strong>32 vagas. <\/strong>Mas, nesse caso, todas para o DF.<\/p>\n\n\n\n<p>Para o <strong>n\u00edvel superior<\/strong>, as oportunidades foram para as fun\u00e7\u00f5es de Engenheiro,\u00a0Assistente Social, Contador, Administrador,\u00a0Psic\u00f3logo e\u00a0Arquivista.<\/p>\n\n\n\n<p>Todos os candidatos foram avaliados por meio de<strong> prova objetiva<\/strong>. Mas, os de\u00a0de n\u00edvel superior ainda\u00a0passaram por <strong>prova discursiva<\/strong>.\u00a0<\/p>\n\n\n\n<p>Al\u00e9m disso, esta sele\u00e7\u00e3o reuniu um n\u00famero expressivo de concorrentes, sendo <strong>324.497 inscritos.<\/strong><\/p>\n\n\n\n<p>Ademais, para o cargo de\u00a0<strong>Agente Administrativo<\/strong>\u00a0foram cobradas as seguintes disciplinas:<\/p>\n\n\n\n<ul class=\"wp-block-list\"><li><strong>Conhecimentos B\u00e1sicos\u00a0(50 quest\u00f5es)<\/strong>\n<ul class=\"wp-block-list\"><li>Portugu\u00eas, <\/li>\n\n\n\n<li>No\u00e7\u00f5es de Inform\u00e1tica, <\/li>\n\n\n\n<li>Racioc\u00ednio L\u00f3gico, <\/li>\n\n\n\n<li>Atualidades, <\/li>\n\n\n\n<li>No\u00e7\u00f5es de Direito Administrativo, <\/li>\n\n\n\n<li>No\u00e7\u00f5es de Direito Constitucional.<\/li>\n<\/ul><\/li>\n\n\n\n<li><strong>Conhecimentos Espec\u00edficos\u00a0(70 quest\u00f5es)<\/strong>\n<ul class=\"wp-block-list\"><li>No\u00e7\u00f5es de\n<ul class=\"wp-block-list\"><li>Administra\u00e7\u00e3o P\u00fablica,<\/li>\n\n\n\n<li>Administra\u00e7\u00e3o Financeira e Or\u00e7ament\u00e1ria, <\/li>\n\n\n\n<li>Gest\u00e3o de Pessoas nas Organiza\u00e7\u00f5es, <\/li>\n\n\n\n<li>Arquivologia, <\/li>\n\n\n\n<li>Administra\u00e7\u00e3o de Recursos Materiais, <\/li>\n<\/ul><\/li>\n\n\n\n<li>Legisla\u00e7\u00e3o Aplicada \u00e1 Pol\u00edcia Federal.<\/li>\n<\/ul><\/li>\n<\/ul><p><\/p>\n\n\n\n<figure class=\"wp-block-image size-large\"><a href=\"https:\/\/www.novaconcursos.com.br\/eventos\/assinatura\" target=\"_blank\" rel=\"noreferrer noopener\"><img decoding=\"async\" src=\"https:\/\/www.novaconcursos.com.br\/portal\/wp-content\/uploads\/2022\/01\/Faixa-Frete-Gr%E2%80%A0tis-portal.png\" alt=\"assinatura completa\" class=\"wp-image-153078\" loading=\"lazy\" title=\"\"><\/a><figcaption><\/figcaption><\/figure>","protected":false},"excerpt":{"rendered":"<p>Aten\u00e7\u00e3o concurseiros! Um concurso PF Administrativo\u00a0segue sendo planejado\u00a0e esperado para 2022. Um\u00a0novo pedido com 677 vagas foi enviado para carreiras de n\u00edvel m\u00e9dio e superior. Estude para o concurso dos seus sonhos com a\u00a0Assinatura Completa da Nova. Tenha acesso a Cursos, Plataforma de Quest\u00f5es, Eventos Exclusivos para Assinantes e Muito Mais! Concurso PF Administrativo: quando [&hellip;]<\/p>\n","protected":false},"author":54671,"featured_media":161096,"comment_status":"closed","ping_status":"closed","sticky":false,"template":"","format":"standard","meta":{"_acf_changed":false,"footnotes":"","_wp_rev_ctl_limit":""},"categories":[228],"tags":[],"class_list":["post-161711","post","type-post","status-publish","format-standard","has-post-thumbnail","hentry","category-noticias"],"acf":[],"_links":{"self":[{"href":"https:\/\/www.novaconcursos.com.br\/portal\/wp-json\/wp\/v2\/posts\/161711","targetHints":{"allow":["GET"]}}],"collection":[{"href":"https:\/\/www.novaconcursos.com.br\/portal\/wp-json\/wp\/v2\/posts"}],"about":[{"href":"https:\/\/www.novaconcursos.com.br\/portal\/wp-json\/wp\/v2\/types\/post"}],"author":[{"embeddable":true,"href":"https:\/\/www.novaconcursos.com.br\/portal\/wp-json\/wp\/v2\/users\/54671"}],"replies":[{"embeddable":true,"href":"https:\/\/www.novaconcursos.com.br\/portal\/wp-json\/wp\/v2\/comments?post=161711"}],"version-history":[{"count":5,"href":"https:\/\/www.novaconcursos.com.br\/portal\/wp-json\/wp\/v2\/posts\/161711\/revisions"}],"predecessor-version":[{"id":301496,"href":"https:\/\/www.novaconcursos.com.br\/portal\/wp-json\/wp\/v2\/posts\/161711\/revisions\/301496"}],"wp:featuredmedia":[{"embeddable":true,"href":"https:\/\/www.novaconcursos.com.br\/portal\/wp-json\/wp\/v2\/media\/161096"}],"wp:attachment":[{"href":"https:\/\/www.novaconcursos.com.br\/portal\/wp-json\/wp\/v2\/media?parent=161711"}],"wp:term":[{"taxonomy":"category","embeddable":true,"href":"https:\/\/www.novaconcursos.com.br\/portal\/wp-json\/wp\/v2\/categories?post=161711"},{"taxonomy":"post_tag","embeddable":true,"href":"https:\/\/www.novaconcursos.com.br\/portal\/wp-json\/wp\/v2\/tags?post=161711"}],"curies":[{"name":"wp","href":"https:\/\/api.w.org\/{rel}","templated":true}]}}