{"id":161945,"date":"2022-05-27T11:20:56","date_gmt":"2022-05-27T14:20:56","guid":{"rendered":"https:\/\/www.novaconcursos.com.br\/portal\/?p=161945"},"modified":"2025-05-06T14:31:20","modified_gmt":"2025-05-06T17:31:20","slug":"concurso-funsaude-ce-inicio-processo-convocacao-aprovados","status":"publish","type":"post","link":"https:\/\/www.novaconcursos.com.br\/portal\/noticias\/concurso-funsaude-ce-inicio-processo-convocacao-aprovados\/","title":{"rendered":"Concurso Funsa\u00fade CE: \u00d3rg\u00e3o d\u00e1 in\u00edcio ao processo de convoca\u00e7\u00e3o dos aprovados!"},"content":{"rendered":"<p>Aten\u00e7\u00e3o, concurseiros! Mais de\u00a0<strong>6 mil vagas<\/strong> est\u00e3o sendo ofertadas no <a href=\"https:\/\/www.novaconcursos.com.br\/portal\/concursos\/concurso-funsaude\/\">concurso Funsa\u00fade CE<\/a>, que deu <strong>in\u00edcio ao processo de convoca\u00e7\u00e3o<\/strong> dos aprovados nas provas! <\/p>\n\n\n\n<h2 class=\"wp-block-heading\" id=\"concurso-funsade-ce-convocaes-iniciadas-saiba-detalhes\">Concurso Funsa\u00fade CE: convoca\u00e7\u00f5es iniciadas; saiba detalhes!<\/h2>\n\n\n\n<p>Boa not\u00edcia aos concurseiros que est\u00e3o<strong> participando do concurso <\/strong>da Funda\u00e7\u00e3o Regional de Sa\u00fade do Cear\u00e1.<\/p>\n\n\n\n<p>Nesta semana, o \u00f3rg\u00e3o deu<strong> in\u00edcio \u00e0 convoca\u00e7\u00e3o dos primeiros aprovados<\/strong> no certame, que j\u00e1 devem ser contratados em junho. <\/p>\n\n\n\n<p>Vale destacar, entretanto, que a <strong>informa\u00e7\u00e3o <\/strong>foi confirmada pelo pr\u00f3prio \u00f3rg\u00e3o e ratificada pelo governo do estado.<\/p>\n\n\n\n<p>Al\u00e9m disso, os editais j\u00e1 foram publicados no Di\u00e1rio Oficial e visam o chamamento de\u00a0<strong>322 profissionais<\/strong>. Essa primeira chamada foi dividida em:\u00a0<\/p>\n\n\n\n<ul class=\"wp-block-list\"><li>244 na \u00e1rea assistencial;<\/li>\n\n\n\n<li>62 na \u00e1rea administrativa;<\/li>\n\n\n\n<li>16\u00a0na \u00e1rea m\u00e9dica<\/li>\n<\/ul><p><\/p>\n\n\n\n<p>Sendo assim, os que forem convocados dever\u00e3o <strong>apresentar os documentos <\/strong>necess\u00e1rios entre os dias <strong>6 e 10 de junho.<\/strong><\/p>\n\n\n\n<p>Sendo assim, vale destacar que a <strong>rela\u00e7\u00e3o dos convocados <\/strong>e\u00a0os documentos necess\u00e1rios constam no\u00a0<strong>site da Funsa\u00fade<\/strong>.<\/p>\n\n\n\n<p>O resultado do concurso foi divulgado em fevereiro, com mais de<strong> 15 mil aprovados. <\/strong><\/p>\n\n\n\n<h3 class=\"wp-block-heading\">Como foram as provas?<\/h3>\n\n\n\n<p>Como mencionado, as avalia\u00e7\u00f5es do concurso Funsa\u00fade do\u00a0Cear\u00e1\u00a0foram realizadas em outubro.<\/p>\n\n\n\n<p>Para os cargos de\u00a0<strong>n\u00edvel m\u00e9dio<\/strong> as avalia\u00e7\u00f5es foram constitu\u00eddas por\u00a0<strong>60 quest\u00f5es<\/strong>. Enquanto no\u00a0<strong>n\u00edvel superior<\/strong>\u00a0foram\u00a0<strong>70.<\/strong><\/p>\n\n\n\n<p>Al\u00e9m disso, os inscritos ainda ter\u00e3o de passar por uma\u00a0<strong>Avalia\u00e7\u00e3o de T\u00edtulos<\/strong>. Portanto, confira as mat\u00e9rias cobradas na prova objetiva:<\/p>\n\n\n\n<ul class=\"wp-block-list\"><li>L\u00edngua Portuguesa;<\/li>\n\n\n\n<li>Racioc\u00ednio L\u00f3gico;<\/li>\n\n\n\n<li>Atualidades;<\/li>\n\n\n\n<li>Legisla\u00e7\u00e3o do SUS; e<\/li>\n\n\n\n<li>Conhecimentos Espec\u00edficos.<\/li>\n<\/ul><h3 class=\"wp-block-heading\">Para onde ser\u00e3o as vagas?<\/h3>\n\n\n\n<p>Ademais, de acordo com o edital as\u00a0<strong>lota\u00e7\u00f5es dos aprovados<\/strong>\u00a0poder\u00e3o acontecer em\u00a0<strong>diversas unidades<\/strong>. S\u00e3o elas:<\/p>\n\n\n\n<ul class=\"wp-block-list\"><li>Hospital\n<ul class=\"wp-block-list\"><li>Geral de Fortaleza<\/li>\n\n\n\n<li>de Messejana<\/li>\n\n\n\n<li>Infantil Albert Sabin<\/li>\n<\/ul><\/li>\n\n\n\n<li>Central de Regula\u00e7\u00e3o<\/li>\n\n\n\n<li>Centro e Especialidades Pedi\u00e1tricas<\/li>\n\n\n\n<li>Sede da Funsa\u00fade<\/li>\n<\/ul><h2 class=\"wp-block-heading\" id=\"concurso-funsade-ce-cargos-vagas-e-remuneraes\">Concurso Funsa\u00fade CE: cargos, vagas e remunera\u00e7\u00f5es<\/h2>\n\n\n\n<p>As oportunidades do edital vigente da Funda\u00e7\u00e3o Regional de Sa\u00fade do Cear\u00e1 foram muitas e em diversas \u00e1reas.<\/p>\n\n\n\n<p>Assim, o <strong>primeiro edital<\/strong>, por exemplo, visou o preenchimento de 1.792 vagas para o N\u00edvel Superior e 2.749 para o N\u00edvel M\u00e9dio.<\/p>\n\n\n\n<p>Portanto, este edital ofertou oportunidades para\u00a0<strong>cargos\u00a0<\/strong>da \u00e1rea de Sa\u00fade, de Assist\u00eancia Social e de T\u00e9cnico Laboratorial.<\/p>\n\n\n\n<p>Por outro lado, o\u00a0<strong>segundo edital<\/strong>\u00a0ofertou 419 vagas para cargos de N\u00edvel M\u00e9dio e Superior na \u00e1rea Administrativa.<\/p>\n\n\n\n<p>Enquanto isso, o<strong>\u00a0terceiro documento<\/strong>\u00a0ofereceu 1.040 oportunidades para M\u00e9dicos de diversas especialidades.<\/p>\n\n\n\n<p>Vale apontar, por fim, que os\u00a0<strong>sal\u00e1rios<\/strong>\u00a0ofertados aos contratados variaram bastante, entre\u00a0<strong>R$ 2.200,00 a R$ 23.833,33<\/strong>.<\/p>","protected":false},"excerpt":{"rendered":"<p>Aten\u00e7\u00e3o, concurseiros! Mais de\u00a06 mil vagas est\u00e3o sendo ofertadas no concurso Funsa\u00fade CE, que deu in\u00edcio ao processo de convoca\u00e7\u00e3o dos aprovados nas provas! Concurso Funsa\u00fade CE: convoca\u00e7\u00f5es iniciadas; saiba detalhes! Boa not\u00edcia aos concurseiros que est\u00e3o participando do concurso da Funda\u00e7\u00e3o Regional de Sa\u00fade do Cear\u00e1. Nesta semana, o \u00f3rg\u00e3o deu in\u00edcio \u00e0 convoca\u00e7\u00e3o [&hellip;]<\/p>\n","protected":false},"author":54671,"featured_media":161946,"comment_status":"closed","ping_status":"closed","sticky":false,"template":"","format":"standard","meta":{"_acf_changed":false,"footnotes":"","_wp_rev_ctl_limit":""},"categories":[228],"tags":[],"class_list":["post-161945","post","type-post","status-publish","format-standard","has-post-thumbnail","hentry","category-noticias"],"acf":[],"_links":{"self":[{"href":"https:\/\/www.novaconcursos.com.br\/portal\/wp-json\/wp\/v2\/posts\/161945","targetHints":{"allow":["GET"]}}],"collection":[{"href":"https:\/\/www.novaconcursos.com.br\/portal\/wp-json\/wp\/v2\/posts"}],"about":[{"href":"https:\/\/www.novaconcursos.com.br\/portal\/wp-json\/wp\/v2\/types\/post"}],"author":[{"embeddable":true,"href":"https:\/\/www.novaconcursos.com.br\/portal\/wp-json\/wp\/v2\/users\/54671"}],"replies":[{"embeddable":true,"href":"https:\/\/www.novaconcursos.com.br\/portal\/wp-json\/wp\/v2\/comments?post=161945"}],"version-history":[{"count":5,"href":"https:\/\/www.novaconcursos.com.br\/portal\/wp-json\/wp\/v2\/posts\/161945\/revisions"}],"predecessor-version":[{"id":281633,"href":"https:\/\/www.novaconcursos.com.br\/portal\/wp-json\/wp\/v2\/posts\/161945\/revisions\/281633"}],"wp:featuredmedia":[{"embeddable":true,"href":"https:\/\/www.novaconcursos.com.br\/portal\/wp-json\/wp\/v2\/media\/161946"}],"wp:attachment":[{"href":"https:\/\/www.novaconcursos.com.br\/portal\/wp-json\/wp\/v2\/media?parent=161945"}],"wp:term":[{"taxonomy":"category","embeddable":true,"href":"https:\/\/www.novaconcursos.com.br\/portal\/wp-json\/wp\/v2\/categories?post=161945"},{"taxonomy":"post_tag","embeddable":true,"href":"https:\/\/www.novaconcursos.com.br\/portal\/wp-json\/wp\/v2\/tags?post=161945"}],"curies":[{"name":"wp","href":"https:\/\/api.w.org\/{rel}","templated":true}]}}