{"id":161961,"date":"2022-05-27T12:14:11","date_gmt":"2022-05-27T15:14:11","guid":{"rendered":"https:\/\/www.novaconcursos.com.br\/portal\/?p=161961"},"modified":"2022-05-27T12:14:14","modified_gmt":"2022-05-27T15:14:14","slug":"concurso-secont-es-cebraspe-comunica-adiamento-das-provas","status":"publish","type":"post","link":"https:\/\/www.novaconcursos.com.br\/portal\/noticias\/concurso-secont-es-cebraspe-comunica-adiamento-das-provas\/","title":{"rendered":"Concurso Secont ES: Cebraspe comunica adiamento das provas do dia 05\/06!"},"content":{"rendered":"<p>Muita aten\u00e7\u00e3o, concurseiros! As <strong>provas <\/strong>do\u00a0<a href=\"https:\/\/www.novaconcursos.com.br\/portal\/concursos\/concurso-secont-es\/\">concurso Secont ES<\/a>, que seriam dia 5 de junho,\u00a0foram <strong>adiadas<\/strong>, segundo informou a banca Cebraspe. Uma nova data ser\u00e1 anunciada em breve. S\u00e3o <strong>12 vagas imediatas<\/strong>\u00a0e haver\u00e1 forma\u00e7\u00e3o de\u00a0<strong>cadastro reserva.<\/strong> <\/p>\n\n\n\n<ul class=\"wp-block-list\"><li><strong>Confira:\u00a0<\/strong><a href=\"https:\/\/www.novaconcursos.com.br\/eventos\/guia-definitivo-plano-de-estudos-passo-a-passo\/\" target=\"_blank\" rel=\"noreferrer noopener\" aria-label=\" (abre numa nova aba)\">Guia Definitivo Plano de Estudos \u2013 Gr\u00e1tis<\/a><\/li><\/ul><p><\/p>\n\n\n\n<p>Estude para o concurso dos seus sonhos com a\u00a0<a href=\"https:\/\/www.novaconcursos.com.br\/eventos\/assinatura\" target=\"_blank\" rel=\"noreferrer noopener\" aria-label=\" (abre numa nova aba)\">Assinatura Completa da Nova<\/a>. Tenha acesso a Cursos, Plataforma de Quest\u00f5es, Eventos Exclusivos para Assinantes e Muito Mais!<\/p>\n\n\n\n<h2 class=\"wp-block-heading\" id=\"concurso-secont-es-provas-adiadas-e-agora\">Concurso Secont ES: provas adiadas, e agora?<\/h2>\n\n\n\n<p>Concurseiros devem se atentar, uma vez que as <strong>provas objetivas<\/strong> do concurso da Secretaria de Estado de Controle e Transpar\u00eancia do <a href=\"https:\/\/www.novaconcursos.com.br\/portal\/concursos-previstos\/es\/\">Esp\u00edrito Santo<\/a> foram <strong>adiadas!<\/strong><\/p>\n\n\n\n<p>Assim, elas seriam aplicadas no dia 5 de junho e agora<strong> ganhar\u00e1 uma nova data, <\/strong>em breve!<\/p>\n\n\n\n<p>Portanto, a informa\u00e7\u00e3o foi <strong>confirmada pela banca<\/strong> organizadora, o Cebraspe, nesta quinta-feira (26). <\/p>\n\n\n\n<p><em>\u201cO Centro Brasileiro de Pesquisa em Avalia\u00e7\u00e3o e Sele\u00e7\u00e3o e de Promo\u00e7\u00e3o de Eventos (Cebraspe) comunica o adiamento das provas objetivas e discursivas, previstas para o dia 5 de junho de 2022, para a data a ser oportunamente divulgada\u201d<\/em>, escreveu a banca no comunicado.<\/p>\n\n\n\n<h3 class=\"wp-block-heading\">Como ser\u00e3o as avalia\u00e7\u00f5es?<\/h3>\n\n\n\n<p>Por fim, \u00e9 essencial recordar que os candidatos ser\u00e3o avaliados por meio de <strong>tr\u00eas etapas avaliativas<\/strong>.<\/p>\n\n\n\n<p>Assim, s\u00e3o elas:\u00a0<strong>Prova Objetiva, Prova Discursiva e Avalia\u00e7\u00e3o de T\u00edtulos.<\/strong><\/p>\n\n\n\n<p>Al\u00e9m disso, na prova objetiva, os inscritos dever\u00e3o responder a uma s\u00e9rie de quest\u00f5es de\u00a0<strong>Conhecimentos B\u00e1sicos e Espec\u00edficos.<\/strong><\/p>\n\n\n\n<p>Ademais, para a etapa de\u00a0<strong>prova discursiva\u00a0<\/strong>os candidatos dever\u00e3o elaborar uma<strong>\u00a0reda\u00e7\u00e3o<\/strong>\u00a0cujo tema ser\u00e1 acerca dos Conhecimentos Especializados da carreira escolhida. O texto dever\u00e1 possuir entre\u00a0<strong>25 e 30 linhas.<\/strong><\/p>\n\n\n\n<h2 class=\"wp-block-heading\" id=\"concurso-secont-es-vagas-cargos-e-salrios\"><strong>Concurso Secont ES: vagas, cargos e sal\u00e1rios<\/strong><\/h2>\n\n\n\n<p>Portanto, o novo concurso da Secretaria de Controle e Transpar\u00eancia do <a href=\"https:\/\/www.novaconcursos.com.br\/portal\/concursos-abertos\/es\/\">Esp\u00edrito Santo<\/a>\u00a0oferta\u00a0<strong>12 oportunidades imediatas<\/strong>.<\/p>\n\n\n\n<p>S\u00e3o vagas para o cargo de Auditor de Estado, de\u00a0<strong>n\u00edvel superior<\/strong>. Al\u00e9m disso, haver\u00e1 vagas tamb\u00e9m para forma\u00e7\u00e3o de\u00a0<strong>cadastro reserva.<\/strong><\/p>\n\n\n\n<p>Sendo assim, as oportunidades est\u00e3o\u00a0<strong>distribu\u00eddas\u00a0<\/strong>entre as seguintes <strong>especialidades<\/strong>\u00a0do cargo:<\/p>\n\n\n\n<ul class=\"wp-block-list\"><li>Administra\u00e7\u00e3o \u2013 18 vagas CR;<\/li><li>Ci\u00eancias Cont\u00e1beis \u2013 05 imediatas + 24 CR;<\/li><li>Ci\u00eancias Econ\u00f4micas \u2013 04 vagas CR;<\/li><li>Engenharia Civil \u2013 04 imediatas + 20 CR;<\/li><li>Ci\u00eancias Jur\u00eddicas \u2013 18 vagas CR;<\/li><li>Tecnologia da Informa\u00e7\u00e3o \u2013 03 imediatas + 14 CR.<\/li><\/ul><p><\/p>\n\n\n\n<p>Ademais, de acordo com uma retifica\u00e7\u00e3o recente no edital, os<strong>\u00a0sal\u00e1rios\u00a0<\/strong>a serem recebidos pelos contratados s\u00e3o agora de\u00a0<strong>R$ 12.800,00<\/strong>.<\/p>\n\n\n\n<p>Isso sem incluir os\u00a0<strong>R$ 300,00\u00a0<\/strong>de aux\u00edlio alimenta\u00e7\u00e3o e outros <strong>benef\u00edcios<\/strong> que possam vir a ser recebidos pelas jornadas de trabalho de<strong>\u00a040 horas semanais.<\/strong><\/p>\n\n\n\n<h2 class=\"wp-block-heading\" id=\"quais-so-os-requisitos-bsicos\">Quais s\u00e3o os requisitos b\u00e1sicos?<\/h2>\n\n\n\n<p>\u00c9 igualmente importante que os candidatos do concurso Secont ES saibam que, para a investidura nos cargos, dever\u00e3o cumprir com os\u00a0<strong>requisitos b\u00e1sicos<\/strong>\u00a0abaixo:<\/p>\n\n\n\n<ul class=\"wp-block-list\"><li>Ter a nacionalidade brasileira ou portuguesa e, no caso de nacionalidade portuguesa, estar amparado pelo Estatuto de Igualdade entre Brasileiros e Portugueses, com reconhecimento do gozo dos direitos pol\u00edticos, nos termos do \u00a7 1\u00ba do art. 12 da Constitui\u00e7\u00e3o Federal e na forma do disposto no art. 13 do Decreto n\u00ba 70.436, de 18 de abril de 1972. O mesmo se aplica a outros indiv\u00edduos naturalizados.<\/li><li>Estar em gozo dos direitos pol\u00edticos.<\/li><li>Estar quite com as obriga\u00e7\u00f5es militares, em caso de candidato do sexo masculino.<\/li><li>Ter idade m\u00ednima de 18 anos completos na data da posse.<\/li><li>Estar quite com as obriga\u00e7\u00f5es eleitorais.<\/li><li>Ter aptid\u00e3o f\u00edsica e mental para o exerc\u00edcio das atribui\u00e7\u00f5es do cargo\/especialidade, n\u00e3o sendo, inclusive, pessoa com defici\u00eancia incompat\u00edvel com as atribui\u00e7\u00f5es deste fato apurado pela per\u00edcia oficial do Poder Executivo.<\/li><li>Firmar declara\u00e7\u00e3o de n\u00e3o estar cumprindo e nem ter sofrido, no exerc\u00edcio da fun\u00e7\u00e3o p\u00fablica, penalidade por pr\u00e1tica de improbidade administrativa, aplicada por qualquer \u00f3rg\u00e3o p\u00fablico ou entidade da esfera federal, estadual ou municipal.<\/li><li>Apresentar declara\u00e7\u00e3o quanto ao exerc\u00edcio de outro(s) cargo(s), emprego(s) ou fun\u00e7\u00e3o(\u00f5es) p\u00fablica(s) e sobre recebimento de proventos decorrente de aposentadoria e pens\u00e3o.<\/li><li>Apresentar declara\u00e7\u00e3o de bens e valores que constituam patrim\u00f4nio.<\/li><li>Firmar declara\u00e7\u00e3o de n\u00e3o estar cumprindo san\u00e7\u00e3o por inidoneidade, aplicada por qualquer \u00f3rg\u00e3o p\u00fablico ou entidade da esfera federal, estadual ou municipal.<\/li><li>Ser considerado apto no exame admissional a ser realizado pela per\u00edcia oficial do Poder Executivo, mediante apresenta\u00e7\u00e3o de laudos, exames e declara\u00e7\u00e3o de sa\u00fade que forem exigidos.<\/li><li>Apresentar diploma de bacharelado ou licenciatura, devidamente registrado, de conclus\u00e3o de curso de n\u00edvel superior, devidamente reconhecido pela autoridade competente, comprovado por meio de apresenta\u00e7\u00e3o de original e c\u00f3pia.<\/li><\/ul><p><\/p>\n\n\n\n<figure class=\"wp-block-image size-large\"><a href=\"https:\/\/www.novaconcursos.com.br\/eventos\/assinatura\" target=\"_blank\" rel=\"noreferrer noopener\"><img decoding=\"async\" src=\"https:\/\/www.novaconcursos.com.br\/portal\/wp-content\/uploads\/2022\/01\/Faixa-Frete-Gr%E2%80%A0tis-portal.png\" alt=\"assinatura completa\" class=\"wp-image-153078\" loading=\"lazy\" title=\"\"><\/a><figcaption><\/figcaption><\/figure>","protected":false},"excerpt":{"rendered":"<p>Muita aten\u00e7\u00e3o, concurseiros! As provas do\u00a0concurso Secont ES, que seriam dia 5 de junho,\u00a0foram adiadas, segundo informou a banca Cebraspe. Uma nova data ser\u00e1 anunciada em breve. S\u00e3o 12 vagas imediatas\u00a0e haver\u00e1 forma\u00e7\u00e3o de\u00a0cadastro reserva. Confira:\u00a0Guia Definitivo Plano de Estudos \u2013 Gr\u00e1tis Estude para o concurso dos seus sonhos com a\u00a0Assinatura Completa da Nova. Tenha [&hellip;]<\/p>\n","protected":false},"author":54671,"featured_media":157851,"comment_status":"closed","ping_status":"closed","sticky":false,"template":"","format":"standard","meta":{"_acf_changed":false,"footnotes":"","_wp_rev_ctl_limit":""},"categories":[228],"tags":[],"class_list":["post-161961","post","type-post","status-publish","format-standard","has-post-thumbnail","hentry","category-noticias"],"acf":[],"_links":{"self":[{"href":"https:\/\/www.novaconcursos.com.br\/portal\/wp-json\/wp\/v2\/posts\/161961","targetHints":{"allow":["GET"]}}],"collection":[{"href":"https:\/\/www.novaconcursos.com.br\/portal\/wp-json\/wp\/v2\/posts"}],"about":[{"href":"https:\/\/www.novaconcursos.com.br\/portal\/wp-json\/wp\/v2\/types\/post"}],"author":[{"embeddable":true,"href":"https:\/\/www.novaconcursos.com.br\/portal\/wp-json\/wp\/v2\/users\/54671"}],"replies":[{"embeddable":true,"href":"https:\/\/www.novaconcursos.com.br\/portal\/wp-json\/wp\/v2\/comments?post=161961"}],"version-history":[{"count":7,"href":"https:\/\/www.novaconcursos.com.br\/portal\/wp-json\/wp\/v2\/posts\/161961\/revisions"}],"predecessor-version":[{"id":161969,"href":"https:\/\/www.novaconcursos.com.br\/portal\/wp-json\/wp\/v2\/posts\/161961\/revisions\/161969"}],"wp:featuredmedia":[{"embeddable":true,"href":"https:\/\/www.novaconcursos.com.br\/portal\/wp-json\/wp\/v2\/media\/157851"}],"wp:attachment":[{"href":"https:\/\/www.novaconcursos.com.br\/portal\/wp-json\/wp\/v2\/media?parent=161961"}],"wp:term":[{"taxonomy":"category","embeddable":true,"href":"https:\/\/www.novaconcursos.com.br\/portal\/wp-json\/wp\/v2\/categories?post=161961"},{"taxonomy":"post_tag","embeddable":true,"href":"https:\/\/www.novaconcursos.com.br\/portal\/wp-json\/wp\/v2\/tags?post=161961"}],"curies":[{"name":"wp","href":"https:\/\/api.w.org\/{rel}","templated":true}]}}