{"id":162053,"date":"2022-05-30T09:41:30","date_gmt":"2022-05-30T12:41:30","guid":{"rendered":"https:\/\/www.novaconcursos.com.br\/portal\/?p=162053"},"modified":"2022-06-07T15:41:22","modified_gmt":"2022-06-07T18:41:22","slug":"concurso-see-pe-edital-proximos-dias-informa-secretario","status":"publish","type":"post","link":"https:\/\/www.novaconcursos.com.br\/portal\/noticias\/concurso-see-pe-edital-proximos-dias-informa-secretario\/","title":{"rendered":"Concurso SEE PE: Edital nos pr\u00f3ximos dias, informa Secret\u00e1rio!"},"content":{"rendered":"<p>Aten\u00e7\u00e3o, concurseiros! Um\u00a0<strong>edital\u00a0<\/strong>para o\u00a0<a href=\"https:\/\/www.novaconcursos.com.br\/portal\/concursos\/concurso-see-pe\/\">concurso SEE PE<\/a>\u00a0deve ser publicado\u00a0<strong>nesta semana<\/strong>! Al\u00e9m disso, um outro ainda sair\u00e1 semana que vem! S\u00e3o\u00a0<strong>3.700 vagas,<\/strong> segundo a Secretaria de Educa\u00e7\u00e3o!<\/p>\n\n\n\n<ul class=\"wp-block-list\"><li><strong>Confira<\/strong>:\u00a0<a href=\"https:\/\/www.novaconcursos.com.br\/apostila\/see-pe-professor-educacao-basica?q=SEE%20PE\" target=\"_blank\" rel=\"noreferrer noopener\" aria-label=\" (abre numa nova aba)\">Apostila SEE PE \u2013 Professor de Educa\u00e7\u00e3o B\u00e1sica <\/a><\/li><\/ul><p><\/p>\n\n\n\n<p>Estude para o concurso dos seus sonhos com a\u00a0<a rel=\"noreferrer noopener\" aria-label=\" (abre numa nova aba)\" href=\"https:\/\/www.novaconcursos.com.br\/eventos\/assinatura\" target=\"_blank\">Assinatura Completa da Nova<\/a>. Tenha acesso a Cursos, Plataforma de Quest\u00f5es, Eventos Exclusivos para Assinantes e Muito Mais!<\/p>\n\n\n\n<h2 class=\"wp-block-heading\" id=\"concurso-see-pe-edital-cada-vez-mais-perto\">Concurso SEE PE: edital cada vez mais perto<\/h2>\n\n\n\n<p>Podem comemorar concurseiros! A Secretaria de Educa\u00e7\u00e3o do <a href=\"https:\/\/www.novaconcursos.com.br\/portal\/concursos-previstos\/pe\/\">Estado de Pernambuco<\/a> dever\u00e1 ter novos editais nos pr\u00f3ximos dias.<\/p>\n\n\n\n<p>Assim, a informa\u00e7\u00e3o foi confirmada pelo secret\u00e1rio de Educa\u00e7\u00e3o de Pernambuco, Marcelo Andrade Bezerra Barros.<\/p>\n\n\n\n<p>Portanto, em v\u00eddeo divulgado em suas redes sociais, ele afirmou que um edital sai nesta ter\u00e7a-feira (31) e outro na semana que vem.<\/p>\n\n\n\n<p><em>\u201cComo eu j\u00e1 tinha antecipado, ser\u00e1 mais de um edital totalizando 3.700 vagas. Nesta ter\u00e7a-feira (31\/5), lan\u00e7aremos o edital para professores da educa\u00e7\u00e3o b\u00e1sica com mais de<strong>\u00a02.900 vagas<\/strong>. Os demais editais ser\u00e3o lan\u00e7ados na pr\u00f3xima semana.\u201d,<\/em> contou.<\/p>\n\n\n\n<p>Assim, segundo sua fala, ser\u00e3o mais vagas que o aguardado. Isso porque o projeto b\u00e1sico havia informado, anteriormente, que seriam <strong>3.686 vagas<\/strong>.<\/p>\n\n\n\n<p>Entretanto, de acordo com o que disse o secret\u00e1rio, ser\u00e3o um total de 3.700, sendo 2.900 no primeiro edital que ser\u00e1 para Professores.<\/p>\n\n\n\n<p>\u201c<em>Aten\u00e7\u00e3o, pessoal!! Voc\u00ea quer fazer parte da melhor educa\u00e7\u00e3o p\u00fablica do Brasil? Se liga neste v\u00eddeo! Na pr\u00f3xima segunda-feira (30\/05), vou estar com o governador Paulo C\u00e2mara para anunciar um pacote de medidas para a Educa\u00e7\u00e3o P\u00fablica estadual, entre elas, a publica\u00e7\u00e3o do edital, prevista para a pr\u00f3xima ter\u00e7a-feira (31\/05). Em breve volto aqui com mais detalhes!\u201d<\/em>, escreveu o secret\u00e1rio nas redes.<\/p>\n\n\n\n<h2 class=\"wp-block-heading\" id=\"quais-sero-os-cargos-ofertados\">Quais ser\u00e3o os cargos ofertados?<\/h2>\n\n\n\n<p>S\u00e3o esperados no pr\u00f3ximo edital\u00a0<strong>diversos cargos\u00a0<\/strong>para a Secretaria Estadual de Educa\u00e7\u00e3o de\u00a0<a href=\"https:\/\/www.novaconcursos.com.br\/portal\/concursos-abertos\/pe\/\">Pernambuco<\/a>. Portanto, confira:<\/p>\n\n\n\n<ul class=\"wp-block-list\"><li><strong>Magist\u00e9rio<\/strong><ul><li>Educa\u00e7\u00e3o B\u00e1sica<\/li><\/ul><ul><li>Conservat\u00f3rio de M\u00fasica<\/li><li>Educa\u00e7\u00e3o Profissionalizante<\/li><\/ul><\/li><li><strong>Magist\u00e9rio \u2013 Educa\u00e7\u00e3o Especial<\/strong><ul><li>Int\u00e9rprete L\u00ednguas Brasileiras de Sinais<\/li><li>Brailista (n\u00edvel superior)<\/li><li>Brailista (n\u00edvel m\u00e9dio)<\/li><\/ul><\/li><li><strong>Apoio Administrativo e de Servi\u00e7os Auxiliares<\/strong><ul><li>Analista em Gest\u00e3o Educacional<\/li><\/ul><\/li><li><strong>Apoio T\u00e9cnico Cient\u00edfico<\/strong><ul><li>Assistente Administrativo Educacional<\/li><\/ul><\/li><\/ul><p><\/p>\n\n\n\n<p>Portanto, os\u00a0<strong>Professores\u00a0<\/strong>precisar\u00e3o apresentar, no m\u00ednimo, certificado de forma\u00e7\u00e3o em\u00a0<strong>magist\u00e9rio\u00a0<\/strong>para poder atuar.<\/p>\n\n\n\n<p>Enquanto isso, os interessados em\u00a0<strong>Analistas<\/strong>, necessariamente, precisar\u00e3o ter forma\u00e7\u00e3o no\u00a0<strong>Ensino Superior<\/strong>.<\/p>\n\n\n\n<p>Ademais, os\u00a0<strong>sal\u00e1rios iniciais<\/strong>, para Professores, de acordo com a tabela remunerat\u00f3ria, devem ser entre\u00a0<strong>R$ 2.164,87 e R$ 2.886,25<\/strong>.<\/p>\n\n\n\n<p>Enquanto isso, por outro lado, os vencimentos iniciais dos Analistas ficar\u00e3o em torno de\u00a0<strong>R$ 1,3 mil\u00a0<\/strong>mensais.<\/p>\n\n\n\n<h3 class=\"wp-block-heading\">Quantas provas ser\u00e3o corrigidas?<\/h3>\n\n\n\n<p>De acordo com o projeto b\u00e1sico, divulgado anteriormente, o n\u00famero de\u00a0<strong>provas discursivas que ser\u00e3o corrigidas<\/strong>, ser\u00e1:<\/p>\n\n\n\n<ul class=\"wp-block-list\"><li>Professor: at\u00e9 5 vezes o n\u00famero de vagas<\/li><li>Professor Educa\u00e7\u00e3o Profissional: at\u00e9 10 vezes o n\u00famero de vagas<\/li><li>Magist\u00e9rio \u2013 Educa\u00e7\u00e3o Especial: at\u00e9 10 vezes o n\u00famero de vagas<\/li><li>Apoio T\u00e9cnico Cient\u00edfico: at\u00e9 5 vezes o n\u00famero de vagas<\/li><li>Apoio Administrativo e de Servi\u00e7os Auxiliares: at\u00e9 5 vezes o n\u00famero de vagas<\/li><\/ul><p><\/p>\n\n\n\n<figure class=\"wp-block-image size-large\"><a href=\"https:\/\/www.novaconcursos.com.br\/eventos\/assinatura\" target=\"_blank\" rel=\"noreferrer noopener\"><img decoding=\"async\" src=\"https:\/\/www.novaconcursos.com.br\/portal\/wp-content\/uploads\/2022\/01\/Faixa-Frete-Gr%E2%80%A0tis-portal.png\" alt=\"assinatura completa\" class=\"wp-image-153078\" loading=\"lazy\" title=\"\"><\/a><figcaption><\/figcaption><\/figure>","protected":false},"excerpt":{"rendered":"<p>Aten\u00e7\u00e3o, concurseiros! Um\u00a0edital\u00a0para o\u00a0concurso SEE PE\u00a0deve ser publicado\u00a0nesta semana! Al\u00e9m disso, um outro ainda sair\u00e1 semana que vem! S\u00e3o\u00a03.700 vagas, segundo a Secretaria de Educa\u00e7\u00e3o! Confira:\u00a0Apostila SEE PE \u2013 Professor de Educa\u00e7\u00e3o B\u00e1sica Estude para o concurso dos seus sonhos com a\u00a0Assinatura Completa da Nova. Tenha acesso a Cursos, Plataforma de Quest\u00f5es, Eventos Exclusivos para [&hellip;]<\/p>\n","protected":false},"author":54671,"featured_media":156467,"comment_status":"closed","ping_status":"closed","sticky":false,"template":"","format":"standard","meta":{"_acf_changed":false,"footnotes":"","_wp_rev_ctl_limit":""},"categories":[228],"tags":[],"class_list":["post-162053","post","type-post","status-publish","format-standard","has-post-thumbnail","hentry","category-noticias"],"acf":[],"_links":{"self":[{"href":"https:\/\/www.novaconcursos.com.br\/portal\/wp-json\/wp\/v2\/posts\/162053","targetHints":{"allow":["GET"]}}],"collection":[{"href":"https:\/\/www.novaconcursos.com.br\/portal\/wp-json\/wp\/v2\/posts"}],"about":[{"href":"https:\/\/www.novaconcursos.com.br\/portal\/wp-json\/wp\/v2\/types\/post"}],"author":[{"embeddable":true,"href":"https:\/\/www.novaconcursos.com.br\/portal\/wp-json\/wp\/v2\/users\/54671"}],"replies":[{"embeddable":true,"href":"https:\/\/www.novaconcursos.com.br\/portal\/wp-json\/wp\/v2\/comments?post=162053"}],"version-history":[{"count":7,"href":"https:\/\/www.novaconcursos.com.br\/portal\/wp-json\/wp\/v2\/posts\/162053\/revisions"}],"predecessor-version":[{"id":162674,"href":"https:\/\/www.novaconcursos.com.br\/portal\/wp-json\/wp\/v2\/posts\/162053\/revisions\/162674"}],"wp:featuredmedia":[{"embeddable":true,"href":"https:\/\/www.novaconcursos.com.br\/portal\/wp-json\/wp\/v2\/media\/156467"}],"wp:attachment":[{"href":"https:\/\/www.novaconcursos.com.br\/portal\/wp-json\/wp\/v2\/media?parent=162053"}],"wp:term":[{"taxonomy":"category","embeddable":true,"href":"https:\/\/www.novaconcursos.com.br\/portal\/wp-json\/wp\/v2\/categories?post=162053"},{"taxonomy":"post_tag","embeddable":true,"href":"https:\/\/www.novaconcursos.com.br\/portal\/wp-json\/wp\/v2\/tags?post=162053"}],"curies":[{"name":"wp","href":"https:\/\/api.w.org\/{rel}","templated":true}]}}