{"id":162312,"date":"2022-06-01T12:24:29","date_gmt":"2022-06-01T15:24:29","guid":{"rendered":"https:\/\/www.novaconcursos.com.br\/portal\/?p=162312"},"modified":"2022-06-01T12:24:35","modified_gmt":"2022-06-01T15:24:35","slug":"concurso-tre-mg-tribunal-podera-participar-edital-unificado","status":"publish","type":"post","link":"https:\/\/www.novaconcursos.com.br\/portal\/noticias\/concurso-tre-mg-tribunal-podera-participar-edital-unificado\/","title":{"rendered":"Concurso TRE MG: Tribunal poder\u00e1 participar de edital unificado, informa Sindicato!"},"content":{"rendered":"<p>Aten\u00e7\u00e3o concurseiros! Um novo concurso TRE MG (Tribunal Regional Eleitoral de Minas Gerais) dever\u00e1 ser publicado <strong>muito em breve<\/strong>. Tribunal agora tem autoriza\u00e7\u00e3o para <strong>participar de edital unificado<\/strong>. Entenda!<\/p>\n\n\n\n<ul class=\"wp-block-list\"><li><strong>Confira:<\/strong><a rel=\"noreferrer noopener\" aria-label=\" (abre numa nova aba)\" href=\"https:\/\/www.novaconcursos.com.br\/livro-impresso\/questoes-tj-tribunal-justica\" target=\"_blank\">\u00a0Livro Quest\u00f5es Comentadas Tribunal de Justi\u00e7a<\/a><\/li><\/ul><p><\/p>\n\n\n\n<p>Estude para o concurso dos seus sonhos com a\u00a0<a rel=\"noreferrer noopener\" aria-label=\" (abre numa nova aba)\" href=\"https:\/\/www.novaconcursos.com.br\/eventos\/assinatura\" target=\"_blank\">Assinatura Completa da Nova<\/a>. Tenha acesso a Cursos, Plataforma de Quest\u00f5es, Eventos Exclusivos para Assinantes e Muito Mais!<\/p>\n\n\n\n<h2 class=\"wp-block-heading\" id=\"concurso-tre-mg-novo-concurso-em-2022-ou-2023\">Concurso TRE MG: novo concurso em 2022 ou 2023?<\/h2>\n\n\n\n<p>Um <strong>novo concurso<\/strong> para o Tribunal Regional Eleitoral de <a href=\"https:\/\/www.novaconcursos.com.br\/portal\/concursos-previstos\/mg\/\">Minas Gerais<\/a> ser\u00e1 realizado em <strong>breve<\/strong>!<\/p>\n\n\n\n<p>E, segundo o TRE MG, <strong>em comunicado<\/strong> enviado ao Sindicato dos Trabalhadores do Poder Judici\u00e1rio Federal de Minas Gerais, a expectativa \u00e9 que o concurso aconte\u00e7a <strong>at\u00e9 2023.<\/strong><\/p>\n\n\n\n<p>Vale lembrar que o Tribunal Superior Eleitoral sinalizou, anteriormente, positivamente sobre a realiza\u00e7\u00e3o de um\u00a0<strong>concurso unificado<\/strong>.<\/p>\n\n\n\n<p>Portanto, ficaria com apenas um edital, de <strong>forma centralizada<\/strong> e a cargo do \u00f3rg\u00e3o decis\u00f5es como escolha de banca organizadora para \u201cprocesso seletivo de abrang\u00eancia nacional\u201d. <\/p>\n\n\n\n<p>Ademais, o tribunal j\u00e1 possui autoriza\u00e7\u00e3o para o preenchimento de <strong>11 cargos de n\u00edvel m\u00e9dio e de 9 cargos de n\u00edvel superior. <\/strong><\/p>\n\n\n\n<p>Al\u00e9m disso, atualmente, o Tribunal conta com<strong> 72 cargos vagos<\/strong> em Minas Gerais, o que aumenta a press\u00e3o por uma nova sele\u00e7\u00e3o em breve!<\/p>\n\n\n\n<h2 class=\"wp-block-heading\" id=\"h-ltimo-concurso-tre-mg\">\u00daltimo concurso Tribunal Regional Eleitoral de Minas Gerais<\/h2>\n\n\n\n<p>Publicado em 2014, o <strong>\u00faltimo concurso<\/strong> do Tribunal Regional Eleitoral de <a href=\"https:\/\/www.novaconcursos.com.br\/portal\/concursos-abertos\/mg\/\">Minas Gerais<\/a> foi organizado pela banca Consuplan.<\/p>\n\n\n\n<p>Assim, ao todo, o edital ofertou\u00a0<strong>19 vagas e a forma\u00e7\u00e3o de um Cadastro de Reserva<\/strong>.<\/p>\n\n\n\n<p>Portanto, foram oportunidades para diferentes especialidades do cargo de\u00a0<strong>T\u00e9cnico Judici\u00e1rio.<\/strong> Assim, as vagas foram segmentadas da seguinte forma:<\/p>\n\n\n\n<ul class=\"wp-block-list\"><li><strong>T\u00e9cnico Judici\u00e1rio <\/strong><ul><li><strong>Administrativo<\/strong>: 16 vagas<\/li><li><strong>Contabilidad<\/strong>e: 1 vaga<\/li><li><strong>Edifica\u00e7\u00f5e<\/strong>s: 2 vagas<\/li><li><strong>Programa\u00e7\u00e3o de Sistemas<\/strong>: CR<\/li><\/ul><\/li><\/ul><p><\/p>\n\n\n\n<p>Ademais, vale destacar que todas as especialidades exigiram\u00a0<strong>n\u00edvel m\u00e9dio<\/strong> de escolaridade para inscri\u00e7\u00e3o no certame. <\/p>\n\n\n\n<p>Entretanto, <strong>h\u00e1 uma exce\u00e7\u00e3o<\/strong>: o cargo de T\u00e9cnico Judici\u00e1rio Administrativo, que em todas as especialidades foi exigido curso t\u00e9cnico completo na especialidade determinada.<\/p>\n\n\n\n<p>Por fim, os candidatos foram <strong>avaliados por meio <\/strong>da realiza\u00e7\u00e3o de provas objetivas de conhecimentos gerais e espec\u00edficos.<\/p>\n\n\n\n<p>Al\u00e9m de prova discursiva, <strong>composta por duas quest\u00f5es<\/strong>, e que foram reveladas aos inscritos no momento da aplica\u00e7\u00e3o. <\/p>\n\n\n\n<h2 class=\"wp-block-heading\" id=\"conhea-o-tre-mg\">Conhe\u00e7a o TRE MG<\/h2>\n\n\n\n<p>O Tribunal Regional Eleitoral de Minas Gerais tem a<strong> sua sede administrativa <\/strong>em Belo Horizonte, capital do estado.<\/p>\n\n\n\n<p>Assim, fica na Avenida Prudente de Morais, 100, Bairro Cidade Jardim, onde s\u00e3o <strong>realizadas as sess\u00f5es plen\u00e1rias<\/strong> e funciona o servi\u00e7o de\u00a0protocolo.<\/p>\n\n\n\n<p>A Justi\u00e7a Eleitoral mineira possui <strong>304 zonas eleitorais<\/strong>, sendo 18 na capital. Confira\u00a0<strong><a rel=\"noreferrer noopener\" href=\"https:\/\/www.tre-mg.jus.br\/eleitor\/zonas-eleitorais\/informacoes-sobre-o-funcionamento-das-zonas-eleitorais\" target=\"_blank\">os endere\u00e7os dos cart\u00f3rios e centrais de atendimento ao eleitor<\/a>.<\/strong><\/p>\n\n\n\n<p><strong>Principais atribui\u00e7\u00f5es:<\/strong><\/p>\n\n\n\n<ul class=\"wp-block-list\"><li>Planejamento e coordena\u00e7\u00e3o do processo eleitoral em \u00e2mbito estadual e municipal;<\/li><li>Julgamento de recursos interpostos das decis\u00f5es dos Ju\u00edzes e Juntas Eleitorais do Estado, bem como os processos origin\u00e1rios e administrativos do pr\u00f3prio Tribunal;<\/li><li>Registro de candidatos aos cargos de Governador, Senador, Deputado Estadual e Federal, assim como a an\u00e1lise das contas por eles prestadas ao fim das campanhas;<\/li><li>An\u00e1lise das presta\u00e7\u00f5es de contas anuais dos \u00f3rg\u00e3os regionais dos partidos pol\u00edticos;\u00a0<\/li><li>Anota\u00e7\u00e3o e cancelamento dos diret\u00f3rios estaduais e municipais dos partidos pol\u00edticos;<\/li><li>Designa\u00e7\u00e3o dos Ju\u00edzes titulares das 304 Zonas Eleitorais do Estado de Minas Gerais;<\/li><li>Gerenciamento do cadastro de eleitores mineiros.<\/li><\/ul><p><\/p>\n\n\n\n<figure class=\"wp-block-image size-large\"><a href=\"https:\/\/www.novaconcursos.com.br\/eventos\/assinatura\" target=\"_blank\" rel=\"noreferrer noopener\"><img decoding=\"async\" src=\"https:\/\/www.novaconcursos.com.br\/portal\/wp-content\/uploads\/2022\/01\/Faixa-Frete-Gr%E2%80%A0tis-portal.png\" alt=\"assinatura completa\" class=\"wp-image-153078\" loading=\"lazy\" title=\"\"><\/a><figcaption><\/figcaption><\/figure>","protected":false},"excerpt":{"rendered":"<p>Aten\u00e7\u00e3o concurseiros! Um novo concurso TRE MG (Tribunal Regional Eleitoral de Minas Gerais) dever\u00e1 ser publicado muito em breve. Tribunal agora tem autoriza\u00e7\u00e3o para participar de edital unificado. Entenda! Confira:\u00a0Livro Quest\u00f5es Comentadas Tribunal de Justi\u00e7a Estude para o concurso dos seus sonhos com a\u00a0Assinatura Completa da Nova. Tenha acesso a Cursos, Plataforma de Quest\u00f5es, Eventos [&hellip;]<\/p>\n","protected":false},"author":54671,"featured_media":162313,"comment_status":"closed","ping_status":"closed","sticky":false,"template":"","format":"standard","meta":{"_acf_changed":false,"footnotes":"","_wp_rev_ctl_limit":""},"categories":[228],"tags":[],"class_list":["post-162312","post","type-post","status-publish","format-standard","has-post-thumbnail","hentry","category-noticias"],"acf":[],"_links":{"self":[{"href":"https:\/\/www.novaconcursos.com.br\/portal\/wp-json\/wp\/v2\/posts\/162312","targetHints":{"allow":["GET"]}}],"collection":[{"href":"https:\/\/www.novaconcursos.com.br\/portal\/wp-json\/wp\/v2\/posts"}],"about":[{"href":"https:\/\/www.novaconcursos.com.br\/portal\/wp-json\/wp\/v2\/types\/post"}],"author":[{"embeddable":true,"href":"https:\/\/www.novaconcursos.com.br\/portal\/wp-json\/wp\/v2\/users\/54671"}],"replies":[{"embeddable":true,"href":"https:\/\/www.novaconcursos.com.br\/portal\/wp-json\/wp\/v2\/comments?post=162312"}],"version-history":[{"count":3,"href":"https:\/\/www.novaconcursos.com.br\/portal\/wp-json\/wp\/v2\/posts\/162312\/revisions"}],"predecessor-version":[{"id":162317,"href":"https:\/\/www.novaconcursos.com.br\/portal\/wp-json\/wp\/v2\/posts\/162312\/revisions\/162317"}],"wp:featuredmedia":[{"embeddable":true,"href":"https:\/\/www.novaconcursos.com.br\/portal\/wp-json\/wp\/v2\/media\/162313"}],"wp:attachment":[{"href":"https:\/\/www.novaconcursos.com.br\/portal\/wp-json\/wp\/v2\/media?parent=162312"}],"wp:term":[{"taxonomy":"category","embeddable":true,"href":"https:\/\/www.novaconcursos.com.br\/portal\/wp-json\/wp\/v2\/categories?post=162312"},{"taxonomy":"post_tag","embeddable":true,"href":"https:\/\/www.novaconcursos.com.br\/portal\/wp-json\/wp\/v2\/tags?post=162312"}],"curies":[{"name":"wp","href":"https:\/\/api.w.org\/{rel}","templated":true}]}}