{"id":162544,"date":"2022-06-06T10:50:45","date_gmt":"2022-06-06T13:50:45","guid":{"rendered":"https:\/\/www.novaconcursos.com.br\/portal\/?p=162544"},"modified":"2022-06-06T10:50:50","modified_gmt":"2022-06-06T13:50:50","slug":"concurso-pf-convocacao-excedentes-cfp-publicada","status":"publish","type":"post","link":"https:\/\/www.novaconcursos.com.br\/portal\/noticias\/concurso-pf-convocacao-excedentes-cfp-publicada\/","title":{"rendered":"Concurso PF: Convoca\u00e7\u00e3o de excedentes para o CFP \u00e9 publicada!"},"content":{"rendered":"<p>Aten\u00e7\u00e3o concurseiros! Foi publicada a\u00a0<strong>convoca\u00e7\u00e3o<\/strong>\u00a0de mais excedentes para a realiza\u00e7\u00e3o da <strong>matr\u00edcula <\/strong>na segunda turma do Curso de Forma\u00e7\u00e3o Profissional no <a href=\"https:\/\/www.novaconcursos.com.br\/portal\/concursos\/concurso-policia-federal\/\">concurso PF<\/a>. Entretanto, apenas para <strong>Escriv\u00e3o<\/strong>! Confira.<\/p>\n\n\n\n<ul class=\"wp-block-list\"><li><strong>Confira:<\/strong>\u00a0<a rel=\"noreferrer noopener\" aria-label=\" (abre numa nova aba)\" href=\"https:\/\/www.novaconcursos.com.br\/eventos\/guia-definitivo-como-montar-um-mapa-mental\/\" target=\"_blank\">Guia como montar um mapa mental (Gr\u00e1tis)<\/a><\/li><\/ul><p><\/p>\n\n\n\n<p>Estude para o concurso dos seus sonhos com a\u00a0<a rel=\"noreferrer noopener\" aria-label=\" (abre numa nova aba)\" href=\"https:\/\/www.novaconcursos.com.br\/eventos\/assinatura\" target=\"_blank\">Assinatura Completa da Nova<\/a>. Tenha acesso a Cursos, Plataforma de Quest\u00f5es, Eventos Exclusivos para Assinantes e Muito Mais!<\/p>\n\n\n\n<h2 class=\"wp-block-heading\" id=\"concurso-pf-confira-como-sero-as-convocaes\">Concurso PF: confira como ser\u00e3o as convoca\u00e7\u00f5es!<\/h2>\n\n\n\n<p>Recentemente, o Presidente Jair Bolsonaro j\u00e1 havia <strong>confirmado\u00a0<\/strong>sobre mais\u00a0<strong>convoca\u00e7\u00f5es\u00a0<\/strong>para a Pol\u00edcia Federal.<\/p>\n\n\n\n<ul class=\"wp-block-list\"><li><strong>Adquira:<\/strong> <a href=\"https:\/\/www.novaconcursos.com.br\/concurso\/pf-policia-federal\/apostila\">Apostila Concurso PF<\/a><\/li><li><strong>Adquira:<\/strong> <a href=\"https:\/\/www.novaconcursos.com.br\/concurso\/pf-policia-federal\/curso-online\">Curso Online PF<\/a><\/li><\/ul><p><\/p>\n\n\n\n<p>E, elas foram publicadas! Na \u00faltima sexta-feira (3), o <a rel=\"noreferrer noopener\" href=\"https:\/\/www.cebraspe.org.br\/concursos\/pf_21\" target=\"_blank\">Cebraspe<\/a>, banca organizadora, <strong>publicou a convoca\u00e7\u00e3o<\/strong> de mais aprovados no <a href=\"https:\/\/www.novaconcursos.com.br\/portal\/concursos-previstos\/nacional\">concurso<\/a>.<\/p>\n\n\n\n<p>Entretanto, importante destacar que a\u00a0<strong>convoca\u00e7\u00e3o<\/strong>\u00a0dos excedentes para a realiza\u00e7\u00e3o da matr\u00edcula na segunda turma do Curso de Forma\u00e7\u00e3o Profissional \u00e9 apenas para o cargo de<strong>\u00a0Escriv\u00e3o.<\/strong><\/p>\n\n\n\n<ul class=\"wp-block-list\"><li>Confira o documento, <a rel=\"noreferrer noopener\" aria-label=\"clicando aqui (abre numa nova aba)\" href=\"https:\/\/cdn.cebraspe.org.br\/concursos\/pf_21\/arquivos\/ED_65_PF_21_CONV_CAND_EXCEDENTES.PDF\" target=\"_blank\">clicando aqui<\/a>!<\/li><\/ul><p><\/p>\n\n\n\n<p>Vale destacar que a sele\u00e7\u00e3o registrou <strong>53.486 inscritos para o cargo <\/strong>de Escriv\u00e3o.<\/p>\n\n\n\n<p>Al\u00e9m disso, a nota de corte da prova para o cargo foi de <strong>66 pontos<\/strong> para a ampla concorr\u00eancia e <strong>59 para cotas raciais.<\/strong><\/p>\n\n\n\n<h3 class=\"wp-block-heading\">Convoca\u00e7\u00e3o de Agentes e Delegados<\/h3>\n\n\n\n<p>Assim, recentemente foram convocados os aprovados nos cargos de\u00a0<strong>Agente e Delegado.\u00a0<\/strong>Sendo assim,\u00a0<a rel=\"noreferrer noopener\" href=\"https:\/\/pesquisa.in.gov.br\/imprensa\/jsp\/visualiza\/index.jsp?data=17\/05\/2022&amp;jornal=530&amp;pagina=156&amp;totalArquivos=380\" target=\"_blank\">clique e confira<\/a>!<\/p>\n\n\n\n<p>Agora, os convocados da vez devem\u00a0<strong>efetuar as matr\u00edculas<\/strong>\u00a0nos dias 11 e 12 de junho. Portanto, n\u00e3o percam o prazo!<\/p>\n\n\n\n<p>A matr\u00edcula\u00a0<strong>dever\u00e1 ser efetuada na<\/strong>\u00a0Academia Nacional de Pol\u00edcia, localizada na Rodovia DF 001 KM \u2013 2, Setor Habitacional Taquari, Bras\u00edlia DF.<\/p>\n\n\n\n<p>Al\u00e9m disso, para efetuar a matr\u00edcula, os\u00a0<strong>aprovados devem apresentar<\/strong> alguns dos seguintes documentos:<\/p>\n\n\n\n<ul class=\"wp-block-list\"><li>a) documentos originais entregues no momento previsto no item 9 e seus subitens do Edital n\u00ba 19 \u2013 DGP\/PF, de 10 de setembro de 2021, e suas altera\u00e7\u00f5es;<\/li><li>b) atestado m\u00e9dico de que est\u00e1 apto para a pr\u00e1tica de atividades f\u00edsicas, expedido h\u00e1, no m\u00e1ximo, 15 dias antes do in\u00edcio do CFP, conforme modelo constante no anexo deste edital;<\/li><li>c) declara\u00e7\u00e3o de n\u00e3o estar cumprindo san\u00e7\u00e3o por inidoneidade, aplicada por qualquer \u00f3rg\u00e3o p\u00fablico e(ou) entidade da esfera federal, estadual e(ou) municipal, a ser preenchida no momento da matr\u00edcula;<\/li><li>d) autoriza\u00e7\u00e3o para obten\u00e7\u00e3o, pela Pol\u00edcia Federal, de dados m\u00e9dicos referentes<br>ao candidato, a ser preenchida no momento da matr\u00edcula;<\/li><li>Entre outros (veja mais no documento disponibilizado abaixo).<\/li><\/ul><p><\/p>\n\n\n\n<h3 class=\"wp-block-heading\"><strong>Quando ocorrer\u00e1 o CFP?<\/strong><\/h3>\n\n\n\n<p>Conforme o cronograma, o CFP foram confirmados para acontecer d<strong> \u00a0junho a setembro<\/strong>. Portanto, ser\u00e1 de 13\/06 a 02\/09.<\/p>\n\n\n\n<p>Poder\u00e3o ser desenvolvidas atividades, a <strong>crit\u00e9rio da Administra\u00e7\u00e3o<\/strong>, em qualquer Unidade da Federa\u00e7\u00e3o <\/p>\n\n\n\n<p>O CFP ocorrer\u00e1 no per\u00edodo das <strong>7 horas e 30 minutos <\/strong>de segunda-feira \u00e0s <strong>18 horas<\/strong> de s\u00e1bado (hor\u00e1rio oficial de Bras\u00edlia\/DF).<\/p>\n\n\n\n<p>Durante o curso, o <strong>aluno regularmente matriculado <\/strong>far\u00e1 jus a aux\u00edlio-financeiro, na forma da legisla\u00e7\u00e3o vigente, no valor de 50% do subs\u00eddio da classe inicial do cargo.<\/p>\n\n\n\n<ul class=\"wp-block-list\"><li>Saiba mais detalhes no <a rel=\"noreferrer noopener\" aria-label=\"final deste documento (abre numa nova aba)\" href=\"https:\/\/cdn.cebraspe.org.br\/concursos\/pf_21\/arquivos\/ED_65_PF_21_CONV_CAND_EXCEDENTES.PDF\" target=\"_blank\">final deste documento<\/a>!<\/li><\/ul><p><\/p>\n\n\n\n<p>Publicado em janeiro de 2021, o\u00a0<strong>concurso PF tem oferta de 1.500 vagas<\/strong> imediatas e efetivas.<\/p>\n\n\n\n<figure class=\"wp-block-image size-large\"><a href=\"https:\/\/www.novaconcursos.com.br\/eventos\/assinatura\" target=\"_blank\" rel=\"noreferrer noopener\"><img decoding=\"async\" src=\"https:\/\/www.novaconcursos.com.br\/portal\/wp-content\/uploads\/2022\/01\/Faixa-Frete-Gr%E2%80%A0tis-portal.png\" alt=\"assinatura completa\" class=\"wp-image-153078\" loading=\"lazy\" title=\"\"><\/a><figcaption><\/figcaption><\/figure><p><\/p>","protected":false},"excerpt":{"rendered":"<p>Aten\u00e7\u00e3o concurseiros! Foi publicada a\u00a0convoca\u00e7\u00e3o\u00a0de mais excedentes para a realiza\u00e7\u00e3o da matr\u00edcula na segunda turma do Curso de Forma\u00e7\u00e3o Profissional no concurso PF. Entretanto, apenas para Escriv\u00e3o! Confira. Confira:\u00a0Guia como montar um mapa mental (Gr\u00e1tis) Estude para o concurso dos seus sonhos com a\u00a0Assinatura Completa da Nova. Tenha acesso a Cursos, Plataforma de Quest\u00f5es, Eventos [&hellip;]<\/p>\n","protected":false},"author":54671,"featured_media":161096,"comment_status":"closed","ping_status":"closed","sticky":false,"template":"","format":"standard","meta":{"_acf_changed":false,"footnotes":"","_wp_rev_ctl_limit":""},"categories":[228],"tags":[],"class_list":["post-162544","post","type-post","status-publish","format-standard","has-post-thumbnail","hentry","category-noticias"],"acf":[],"_links":{"self":[{"href":"https:\/\/www.novaconcursos.com.br\/portal\/wp-json\/wp\/v2\/posts\/162544","targetHints":{"allow":["GET"]}}],"collection":[{"href":"https:\/\/www.novaconcursos.com.br\/portal\/wp-json\/wp\/v2\/posts"}],"about":[{"href":"https:\/\/www.novaconcursos.com.br\/portal\/wp-json\/wp\/v2\/types\/post"}],"author":[{"embeddable":true,"href":"https:\/\/www.novaconcursos.com.br\/portal\/wp-json\/wp\/v2\/users\/54671"}],"replies":[{"embeddable":true,"href":"https:\/\/www.novaconcursos.com.br\/portal\/wp-json\/wp\/v2\/comments?post=162544"}],"version-history":[{"count":7,"href":"https:\/\/www.novaconcursos.com.br\/portal\/wp-json\/wp\/v2\/posts\/162544\/revisions"}],"predecessor-version":[{"id":162552,"href":"https:\/\/www.novaconcursos.com.br\/portal\/wp-json\/wp\/v2\/posts\/162544\/revisions\/162552"}],"wp:featuredmedia":[{"embeddable":true,"href":"https:\/\/www.novaconcursos.com.br\/portal\/wp-json\/wp\/v2\/media\/161096"}],"wp:attachment":[{"href":"https:\/\/www.novaconcursos.com.br\/portal\/wp-json\/wp\/v2\/media?parent=162544"}],"wp:term":[{"taxonomy":"category","embeddable":true,"href":"https:\/\/www.novaconcursos.com.br\/portal\/wp-json\/wp\/v2\/categories?post=162544"},{"taxonomy":"post_tag","embeddable":true,"href":"https:\/\/www.novaconcursos.com.br\/portal\/wp-json\/wp\/v2\/tags?post=162544"}],"curies":[{"name":"wp","href":"https:\/\/api.w.org\/{rel}","templated":true}]}}