{"id":162638,"date":"2022-06-07T11:29:52","date_gmt":"2022-06-07T14:29:52","guid":{"rendered":"https:\/\/www.novaconcursos.com.br\/portal\/?p=162638"},"modified":"2025-04-02T10:34:40","modified_gmt":"2025-04-02T13:34:40","slug":"concurso-inss-registra-movimentacoes-ultimas-horas","status":"publish","type":"post","link":"https:\/\/www.novaconcursos.com.br\/portal\/noticias\/concurso-inss-registra-movimentacoes-ultimas-horas\/","title":{"rendered":"Concurso INSS: Processo registra 16 movimenta\u00e7\u00f5es nas \u00faltimas 24 horas!"},"content":{"rendered":"<p>Aten\u00e7\u00e3o concurseiros! Um novo\u00a0<a href=\"https:\/\/www.novaconcursos.com.br\/portal\/concursos\/concurso-inss\/\">Concurso INSS<\/a>\u00a0<strong>continua sendo aguardado <\/strong>para 2022. O pedido \u00e9 para <strong>1.000 vagas<\/strong>! Nas \u00faltimas 24 horas, a solicita\u00e7\u00e3o teve <strong>16 movimenta\u00e7\u00f5es.<\/strong> Portanto, confira!<\/p>\n\n\n\n<ul class=\"wp-block-list\"><li><strong>Confira:<\/strong> <a href=\"https:\/\/www.novaconcursos.com.br\/apostila\/inss-prep-tec-seguro-social?q=inss\" target=\"_blank\" rel=\"noreferrer noopener\">Apostila INSS 2022 T\u00e9cnico do Seguro Social <\/a> <\/li>\n<\/ul><h2 class=\"wp-block-heading\" id=\"concurso-inss-quais-foram-as-movimentaes-recentes\">Concurso INSS: quais foram as movimenta\u00e7\u00f5es recentes?<\/h2>\n\n\n\n<p>O pedido para um novo\u00a0<a href=\"https:\/\/www.novaconcursos.com.br\/portal\/concursos-previstos\/nacional\">concurso\u00a0<\/a>INSS continua avan\u00e7ando no <strong>Minist\u00e9rio da Economia<\/strong>, rumo \u00e0 aprova\u00e7\u00e3o, que deve acontecer em breve!<\/p>\n\n\n\n<p>Isso porque o pedido<strong>\u00a0<\/strong>registrou <strong>16 movimenta\u00e7\u00f5es nas \u00faltimas 24 horas. <\/strong>Anteriormente, no dia 3 de junho o processo j\u00e1 havia passado por duas movimenta\u00e7\u00f5es.\u00a0 <\/p>\n\n\n\n<p>Portanto, na segunda-feira (6), o<strong> processo chegou \u00e0 Secretaria de Or\u00e7amento Federal<\/strong> (SOF), que analisa a adequa\u00e7\u00e3o e\u00a0a disponibilidade or\u00e7ament\u00e1ria.<\/p>\n\n\n\n<p>Depois, <strong>foi \u00e0 Procuradoria-Geral da Fazenda Nacional <\/strong>(PGFN), que vai analisar os aspectos jur\u00eddicos e a minuta de portaria a ser assinada.<\/p>\n\n\n\n<p>Al\u00e9m disso, uma\u00a0<strong>minuta de portaria foi elaborada<\/strong>\u00a0e \u00e9 avaliada pelos setores. Desta forma, o concurso pode ser autorizado ou negado nos pr\u00f3ximos dias. <\/p>\n\n\n\n<h3 class=\"wp-block-heading\">Pedido foi reajustado<\/h3>\n\n\n\n<p>Assim, recentemente foi feito um ajuste no pedido para que<strong>\u00a0haja autoriza\u00e7\u00e3o<\/strong> em tempo mais \u00e1gil. O pedido passou de 7.575 vagas para apenas 1.000!<\/p>\n\n\n\n<p>Al\u00e9m disso, ser\u00e3o oportunidades para a carreira de\u00a0<strong>T\u00e9cnico\u00a0<\/strong>do Seguro Social, que exige o n\u00edvel m\u00e9dio e tem\u00a0<strong>remunera\u00e7\u00e3o\u00a0<\/strong>de R$5.186,79.<\/p>\n\n\n\n<p><em>\u201cProp\u00f5e-se altera\u00e7\u00e3o do pedido feito na NOTA T\u00c9CNICA N\u00ba 4\/2021\/DIRAT-INSS, direcionado o pedido apenas para o cargo de T\u00e9cnico do Seguro Social retificando o quantitativo pleiteado em 2021 para 1.000 (mil) vagas para o cargo de T\u00e9cnico do Seguro Social, dando in\u00edcio a um procedimento de recomposi\u00e7\u00e3o continuada, at\u00e9 alcan\u00e7ar gradativamente o quadro ideal de servidores\u201d, <\/em>consta em documento disponibilizado no Sistema Eletr\u00f4nico de Informa\u00e7\u00f5es (SEI).<\/p>\n\n\n\n<p>Mesmo que o pedido foi enviado para<strong>\u00a01.000 vagas<\/strong>, isso n\u00e3o quer dizer que haja apenas esse n\u00famero de convoca\u00e7\u00f5es.<\/p>\n\n\n\n<p><\/p>\n\n\n\n<p>Isso porque, devido a grande car\u00eancia de pessoal, o Minist\u00e9rio da Economia poder\u00e1 autorizar\u00a0<strong>mais 25% do quantitativo inicial.<\/strong><\/p>\n\n\n\n<p>Entretanto, isso apenas ap\u00f3s o fim das etapas do certame. Com isso,<strong>\u00a01.250 aprovados poder\u00e3o ser nomeados.<\/strong><\/p>\n\n\n\n<h3 class=\"wp-block-heading\"><strong>Concurso consta em\u00a0acordo de greve<\/strong><\/h3>\n\n\n\n<p>Vale destacar que a abertura de um <a href=\"https:\/\/www.novaconcursos.com.br\/portal\/concursos-abertos\/nacional\">novo edital<\/a> para o INSS foi acordado para que a\u00a0<strong>greve de servidores do \u00f3rg\u00e3o chegasse ao fim<\/strong>.<\/p>\n\n\n\n<p>Foram mais de\u00a0<strong>2 meses de greve,<\/strong>\u00a0o que se findou ap\u00f3s o acordo entre o Minist\u00e9rio do Trabalho e Previd\u00eancia e sindicalistas ainda em maio.<\/p>\n\n\n\n<p>Assim, com o objetivo de<strong> instituir e regulamentar<\/strong> as compet\u00eancias do Comit\u00ea Gestor da Carreira do Seguro Social, uma minuta prev\u00ea a inclus\u00e3o das seguintes atribui\u00e7\u00f5es ao grupo:<\/p>\n\n\n\n<ul class=\"wp-block-list\"><li>analisar as propostas de lota\u00e7\u00e3o necess\u00e1ria de pessoal do INSS, e sugerir medidas convenientes;<\/li>\n\n\n\n<li>examinar os casos omissos referentes \u00e0 carreira do seguro social e sugerir medidas convenientes; e<\/li>\n\n\n\n<li>sugerir modifica\u00e7\u00f5es na carreira do seguro social.<\/li>\n<\/ul><p><\/p>\n\n\n\n<h3 class=\"wp-block-heading\">Cr\u00e9dito suplementar \u00e9 ponto positivo<\/h3>\n\n\n\n<p>Al\u00e9m disso, outra quest\u00e3o que foi boa para o concurso foi a abertura de cr\u00e9dito suplementar de<strong>\u00a0R$2,57 bilh\u00f5es\u00a0<\/strong>para a recomposi\u00e7\u00e3o do or\u00e7amento da autarquia.<\/p>\n\n\n\n<p>O pr\u00f3prio presidente do INSS, Guilherme Serrano, est\u00e1 se\u00a0<strong>mobilizando\u00a0<\/strong>e disse que tem pressa na abertura da sele\u00e7\u00e3o.<\/p>\n\n\n\n<p><em>\u201cO INSS \u00e9 o \u00f3rg\u00e3o que encabe\u00e7a a lista de prioridades para novas contrata\u00e7\u00f5es. Quanto ao n\u00edvel superior, isto ainda dependeria de altera\u00e7\u00f5es na lei da carreira do Seguro Social\u201d,<\/em> diz of\u00edcio publicado pela Fenasps.<\/p>","protected":false},"excerpt":{"rendered":"<p>Aten\u00e7\u00e3o concurseiros! Um novo\u00a0Concurso INSS\u00a0continua sendo aguardado para 2022. O pedido \u00e9 para 1.000 vagas! Nas \u00faltimas 24 horas, a solicita\u00e7\u00e3o teve 16 movimenta\u00e7\u00f5es. Portanto, confira! Concurso INSS: quais foram as movimenta\u00e7\u00f5es recentes? O pedido para um novo\u00a0concurso\u00a0INSS continua avan\u00e7ando no Minist\u00e9rio da Economia, rumo \u00e0 aprova\u00e7\u00e3o, que deve acontecer em breve! Isso porque o [&hellip;]<\/p>\n","protected":false},"author":54671,"featured_media":155656,"comment_status":"closed","ping_status":"closed","sticky":false,"template":"","format":"standard","meta":{"_acf_changed":false,"footnotes":"","_wp_rev_ctl_limit":""},"categories":[228],"tags":[],"class_list":["post-162638","post","type-post","status-publish","format-standard","has-post-thumbnail","hentry","category-noticias"],"acf":[],"_links":{"self":[{"href":"https:\/\/www.novaconcursos.com.br\/portal\/wp-json\/wp\/v2\/posts\/162638","targetHints":{"allow":["GET"]}}],"collection":[{"href":"https:\/\/www.novaconcursos.com.br\/portal\/wp-json\/wp\/v2\/posts"}],"about":[{"href":"https:\/\/www.novaconcursos.com.br\/portal\/wp-json\/wp\/v2\/types\/post"}],"author":[{"embeddable":true,"href":"https:\/\/www.novaconcursos.com.br\/portal\/wp-json\/wp\/v2\/users\/54671"}],"replies":[{"embeddable":true,"href":"https:\/\/www.novaconcursos.com.br\/portal\/wp-json\/wp\/v2\/comments?post=162638"}],"version-history":[{"count":14,"href":"https:\/\/www.novaconcursos.com.br\/portal\/wp-json\/wp\/v2\/posts\/162638\/revisions"}],"predecessor-version":[{"id":277415,"href":"https:\/\/www.novaconcursos.com.br\/portal\/wp-json\/wp\/v2\/posts\/162638\/revisions\/277415"}],"wp:featuredmedia":[{"embeddable":true,"href":"https:\/\/www.novaconcursos.com.br\/portal\/wp-json\/wp\/v2\/media\/155656"}],"wp:attachment":[{"href":"https:\/\/www.novaconcursos.com.br\/portal\/wp-json\/wp\/v2\/media?parent=162638"}],"wp:term":[{"taxonomy":"category","embeddable":true,"href":"https:\/\/www.novaconcursos.com.br\/portal\/wp-json\/wp\/v2\/categories?post=162638"},{"taxonomy":"post_tag","embeddable":true,"href":"https:\/\/www.novaconcursos.com.br\/portal\/wp-json\/wp\/v2\/tags?post=162638"}],"curies":[{"name":"wp","href":"https:\/\/api.w.org\/{rel}","templated":true}]}}