{"id":162801,"date":"2022-06-10T10:28:37","date_gmt":"2022-06-10T13:28:37","guid":{"rendered":"https:\/\/www.novaconcursos.com.br\/portal\/?p=162801"},"modified":"2022-06-10T10:28:43","modified_gmt":"2022-06-10T13:28:43","slug":"concurso-pc-rj-lei-organica-e-discutida-na-alerj","status":"publish","type":"post","link":"https:\/\/www.novaconcursos.com.br\/portal\/noticias\/concurso-pc-rj-lei-organica-e-discutida-na-alerj\/","title":{"rendered":"Concurso PC RJ: Lei Org\u00e2nica \u00e9 discutida na Alerj!"},"content":{"rendered":"<p>Muita aten\u00e7\u00e3o concurseiros! Enquanto mais aprovados podem ser convocados para o TAF no\u00a0<a href=\"https:\/\/www.novaconcursos.com.br\/portal\/concursos\/concurso-policia-civil-rj\/\">concurso PC RJ<\/a>, o <strong>Projeto de Lei Org\u00e2nica da Pol\u00edcia Civil<\/strong> foi discutido na Assembleia Legislativa. Entenda!<\/p>\n\n\n\n<ul class=\"wp-block-list\"><li><strong>Confira:<\/strong>\u00a0<a rel=\"noreferrer noopener\" aria-label=\" (abre numa nova aba)\" href=\"https:\/\/www.novaconcursos.com.br\/eventos\/guia-definitivo-plano-de-estudos-passo-a-passo\/\" target=\"_blank\">Material gr\u00e1tis \u2013 Guia Definitivo Plano de Estudos<\/a><\/li><\/ul><p><\/p>\n\n\n\n<p>Estude para o concurso dos seus sonhos com a\u00a0<a rel=\"noreferrer noopener\" aria-label=\" (abre numa nova aba)\" href=\"https:\/\/www.novaconcursos.com.br\/eventos\/assinatura\" target=\"_blank\">Assinatura Completa da Nova<\/a>. Tenha acesso a Cursos, Plataforma de Quest\u00f5es, Eventos Exclusivos para Assinantes e Muito Mais!<\/p>\n\n\n\n<h2 class=\"wp-block-heading\" id=\"concurso-pc-rj-pl-discutida-na-assembleia-legislativa\">Concurso PC RJ: PL discutida na Assembleia Legislativa<\/h2>\n\n\n\n<p>A Assembleia Legislativa do estado do\u00a0<a href=\"https:\/\/www.novaconcursos.com.br\/portal\/concursos-previstos\/rj\/\">Rio de Janeiro<\/a>\u00a0<strong>discutiu nesta semana, <\/strong>o Projeto de Lei Org\u00e2nica da Pol\u00edcia Civil.<\/p>\n\n\n\n<ul class=\"wp-block-list\"><li><strong>Adquira:\u00a0<\/strong><a href=\"https:\/\/www.novaconcursos.com.br\/concurso\/pc-rj-policia-civil-do-rio-de-janeiro\/apostila\">Apostila Concurso PC RJ<\/a><\/li><li><strong>Adquira:<\/strong>\u00a0<a href=\"https:\/\/www.novaconcursos.com.br\/concurso\/pc-rj-policia-civil-do-rio-de-janeiro\/curso-online\">Curso Online Concurso PC RJ<\/a><\/li><\/ul><p><\/p>\n\n\n\n<p>Assim, uma audi\u00eancia foi<strong> promovida pelas comiss\u00f5es<\/strong> de Servidores P\u00fablicos,\u00a0de Seguran\u00e7a P\u00fablica e Assuntos de Pol\u00edcia na \u00faltima segunda-feira (6).<\/p>\n\n\n\n<p>Al\u00e9m disso, vale destacar que o <strong>texto original<\/strong> do Projeto de Lei Complementar 55\/2021, j\u00e1 recebeu 688 emendas. <\/p>\n\n\n\n<p>Assim, o\u00a0PL\u00a0consolida um <strong>or\u00e7amento pr\u00f3prio<\/strong>\u00a0e garante maior autonomia para a corpora\u00e7\u00e3o, al\u00e9m de trazer crit\u00e9rios objetivos para promo\u00e7\u00f5es.\u00a0<\/p>\n\n\n\n<h3 class=\"wp-block-heading\">O que dizem os envolvidos?<\/h3>\n\n\n\n<p>De acordo com a a deputada <strong>Martha Rocha (PDT),<\/strong> os policiais devem mostrar sua for\u00e7a, o que j\u00e1 \u00e9 mostrado com a quantidade de emendas!<\/p>\n\n\n\n<p><em>\u201cO ideal seria que\u00a0o tema fosse debatido no Executivo, e viesse maduro, expressando a vontade da Pol\u00edcia Civil. Se a sociedade deseja dizer que pol\u00edcia quer, este \u00e9 o momento de os policiais dizerem que pol\u00edcia querem ser. A quantidade de emendas j\u00e1 demonstra essa vontade. Vamos levar ao plen\u00e1rio a melhor express\u00e3o da vontade do policial civil\u201d<\/em>, declarou.<\/p>\n\n\n\n<p>Por outro lado, o presidente da comiss\u00e3o de Servidores P\u00fablicos, o deputado <strong>Rodrigo Amorim (PTB),<\/strong> afirmou que faltou di\u00e1logo entre os Poderes na constru\u00e7\u00e3o do texto original. <\/p>\n\n\n\n<p><em>\u201cO texto \u00e9 de compet\u00eancia do Executivo, mas n\u00e3o se discutiu nem com a lideran\u00e7a do governo no Parlamento, e n\u00e3o \u00e0 toa o projeto recebeu 688 emendas. O texto final n\u00e3o ser\u00e1 100% consensual\u201d<\/em>, disse.<\/p>\n\n\n\n<p>J\u00e1 o presidente da Associa\u00e7\u00e3o dos Peritos Oficiais do Estado (Aperj), <strong>Thiago Hermida,<\/strong> fez um pedido para mais autonomia \u00e0 categoria.<\/p>\n\n\n\n<p><em>\u201cAs promo\u00e7\u00f5es na Pol\u00edcia Civil s\u00e3o uma\u00a0verdadeira inc\u00f3gnita, um buraco negro. Se n\u00e3o for 100% por antiguidade, que seja muito mais por antiguidade que por merecimento, que deve passar a ter crit\u00e9rios objetivos. A Anistia Internacional e a ONU preconizam que a per\u00edcia n\u00e3o esteja dentro da pol\u00edcia, e em 19 estados do pa\u00eds j\u00e1 \u00e9 assim\u201d<\/em>, enfatizou.<\/p>\n\n\n\n<p>Por fim, o Diretor da Coliga\u00e7\u00e3o dos Policiais Civis do Estado, <strong>M\u00e1rcio Garcia <\/strong>prop\u00f4s mudan\u00e7as nos artigos que estabelecem puni\u00e7\u00f5es.<\/p>\n\n\n\n<p><em>\u201cQueremos a supress\u00e3o de toda a parte disciplinar. Dois ter\u00e7os do projeto tratam de puni\u00e7\u00f5es, e n\u00e3o de cargos, nem de carreiras. \u00c9 um compilado de puni\u00e7\u00f5es que j\u00e1 existe desde os anos 1970. Temos que privilegiar o crit\u00e9rio da antiguidade nas promo\u00e7\u00f5es\u201d<\/em>, declarou.<\/p>\n\n\n\n<h3 class=\"wp-block-heading\"><strong>O que prev\u00ea o PL?<\/strong><\/h3>\n\n\n\n<p>Ainda de acordo com a deputada Martha Rocha (PDT), que \u00e9 ex-chefe da Pol\u00edcia Civil, a lei <strong>ser\u00e1 como uma constitui\u00e7\u00e3o<\/strong> do \u00f3rg\u00e3o.<\/p>\n\n\n\n<p>Assim, ela dever\u00e1<strong> ditar os deveres e os direitos<\/strong> dos Agentes, prevendo exatamente quais s\u00e3o as atribui\u00e7\u00f5es de cada setor.<\/p>\n\n\n\n<p><em>\u201cEssa \u00e9 uma lei que gera garantias para os policiais civis e vai servir para o agente saber melhor o que pode e o que n\u00e3o pode fazer, assim como para n\u00f3s sabermos o que podemos cobrar da pol\u00edcia. Ela gera mais seguran\u00e7a para a sociedade e para o policial\u201d<\/em>, comentou o governador Cl\u00e1udio Castro.<\/p>\n\n\n\n<p>Al\u00e9m disso, a Lei Org\u00e2nica <strong>assegura a progress\u00e3o cont\u00ednua <\/strong>das carreiras policiais, assim como novos benef\u00edcios e vantagens. <\/p>\n\n\n\n<p>Sendo assim, essas mudan\u00e7as <strong>poder\u00e3o impactar <\/strong>os aprovados no\u00a0concurso PC RJ em andamento, realizado em 2021.<\/p>\n\n\n\n<h2 class=\"wp-block-heading\" id=\"concurso-pc-rj-detalhes-da-seleo-que-oferta-400-vagas\"><strong>Concurso PC RJ: detalhes<\/strong>\u00a0da sele\u00e7\u00e3o que oferta 400 vagas<\/h2>\n\n\n\n<p>Em suma, o <a href=\"https:\/\/www.novaconcursos.com.br\/portal\/concursos-abertos\/rj\/\">concurso\u00a0<\/a>de 2021 ofertou <strong>350 vagas\u00a0<\/strong>para carreiras de n\u00edveis <strong>fundamental, m\u00e9dio e superior.\u00a0<\/strong>Portanto, confira a distribui\u00e7\u00e3o:<\/p>\n\n\n\n<ul class=\"wp-block-list\"><li><strong>N\u00edvel Fundamental<\/strong><ul><li>Auxiliar de Necropsia: 10 vagas<\/li><\/ul><\/li><li><strong>N\u00edvel M\u00e9dio<\/strong><ul><li>T\u00e9cnico de Necropsia: 10 vagas<\/li><li>Investigador: 200 vagas<\/li><\/ul><\/li><li><strong>N\u00edvel Superior<\/strong><ul><li>Inspetor: 100 vagas<\/li><li>Perito Legista: 25 vagas<\/li><li>Perito Criminal: 05 vagas<\/li><\/ul><\/li><\/ul><p><\/p>\n\n\n\n<p>Al\u00e9m disso, os\u00a0<strong>sal\u00e1rios\u00a0<\/strong>dos aprovados no concurso variam entre\u00a0<strong>R$ 4.606,29 e R$ 9.924,06.<\/strong><\/p>\n\n\n\n<p>\u00c9 igualmente essencial destacar que as\u00a0<strong>Provas Objetivas<\/strong>\u00a0da sele\u00e7\u00e3o ocorreram entre os meses de\u00a0<strong>dezembro e fevereiro.<\/strong>\u00a0<\/p>\n\n\n\n<p>Vale destacar ainda que um outro edital, separado desse,\u00a0<strong>oferta 50 vagas de Delegado<\/strong>, a n\u00edvel superior.<\/p>\n\n\n\n<figure class=\"wp-block-image size-large\"><a href=\"https:\/\/www.novaconcursos.com.br\/eventos\/assinatura\" target=\"_blank\" rel=\"noreferrer noopener\"><img decoding=\"async\" src=\"https:\/\/www.novaconcursos.com.br\/portal\/wp-content\/uploads\/2022\/01\/Faixa-Frete-Gr%E2%80%A0tis-portal.png\" alt=\"assinatura completa\" class=\"wp-image-153078\" loading=\"lazy\" title=\"\"><\/a><figcaption><\/figcaption><\/figure>","protected":false},"excerpt":{"rendered":"<p>Muita aten\u00e7\u00e3o concurseiros! Enquanto mais aprovados podem ser convocados para o TAF no\u00a0concurso PC RJ, o Projeto de Lei Org\u00e2nica da Pol\u00edcia Civil foi discutido na Assembleia Legislativa. Entenda! Confira:\u00a0Material gr\u00e1tis \u2013 Guia Definitivo Plano de Estudos Estude para o concurso dos seus sonhos com a\u00a0Assinatura Completa da Nova. Tenha acesso a Cursos, Plataforma de [&hellip;]<\/p>\n","protected":false},"author":54671,"featured_media":155641,"comment_status":"closed","ping_status":"closed","sticky":false,"template":"","format":"standard","meta":{"_acf_changed":false,"footnotes":"","_wp_rev_ctl_limit":""},"categories":[228],"tags":[],"class_list":["post-162801","post","type-post","status-publish","format-standard","has-post-thumbnail","hentry","category-noticias"],"acf":[],"_links":{"self":[{"href":"https:\/\/www.novaconcursos.com.br\/portal\/wp-json\/wp\/v2\/posts\/162801","targetHints":{"allow":["GET"]}}],"collection":[{"href":"https:\/\/www.novaconcursos.com.br\/portal\/wp-json\/wp\/v2\/posts"}],"about":[{"href":"https:\/\/www.novaconcursos.com.br\/portal\/wp-json\/wp\/v2\/types\/post"}],"author":[{"embeddable":true,"href":"https:\/\/www.novaconcursos.com.br\/portal\/wp-json\/wp\/v2\/users\/54671"}],"replies":[{"embeddable":true,"href":"https:\/\/www.novaconcursos.com.br\/portal\/wp-json\/wp\/v2\/comments?post=162801"}],"version-history":[{"count":4,"href":"https:\/\/www.novaconcursos.com.br\/portal\/wp-json\/wp\/v2\/posts\/162801\/revisions"}],"predecessor-version":[{"id":162807,"href":"https:\/\/www.novaconcursos.com.br\/portal\/wp-json\/wp\/v2\/posts\/162801\/revisions\/162807"}],"wp:featuredmedia":[{"embeddable":true,"href":"https:\/\/www.novaconcursos.com.br\/portal\/wp-json\/wp\/v2\/media\/155641"}],"wp:attachment":[{"href":"https:\/\/www.novaconcursos.com.br\/portal\/wp-json\/wp\/v2\/media?parent=162801"}],"wp:term":[{"taxonomy":"category","embeddable":true,"href":"https:\/\/www.novaconcursos.com.br\/portal\/wp-json\/wp\/v2\/categories?post=162801"},{"taxonomy":"post_tag","embeddable":true,"href":"https:\/\/www.novaconcursos.com.br\/portal\/wp-json\/wp\/v2\/tags?post=162801"}],"curies":[{"name":"wp","href":"https:\/\/api.w.org\/{rel}","templated":true}]}}