{"id":162978,"date":"2022-06-14T10:35:03","date_gmt":"2022-06-14T13:35:03","guid":{"rendered":"https:\/\/www.novaconcursos.com.br\/portal\/?p=162978"},"modified":"2025-12-15T12:51:16","modified_gmt":"2025-12-15T15:51:16","slug":"concurso-tj-rj-nomeia-aprovados-tecnico-analista","status":"publish","type":"post","link":"https:\/\/www.novaconcursos.com.br\/portal\/noticias\/concurso-tj-rj-nomeia-aprovados-tecnico-analista\/","title":{"rendered":"Concurso TJ RJ: Tribunal nomeia 212 aprovados para T\u00e9cnico e Analista!"},"content":{"rendered":"<p>Aten\u00e7\u00e3o, concurseiros! O Tribunal de Justi\u00e7a do Rio de Janeiro anunciou a <strong>nomea\u00e7\u00e3o de 212 aprovados no \u00faltimo <\/strong><a href=\"https:\/\/www.novaconcursos.com.br\/portal\/concursos\/concurso-tj-rj\/\">concurso TJ RJ<\/a>, para T\u00e9cnicos e Analistas Judici\u00e1rios, realizado em 2021!<\/p>\n\n\n\n<h2 class=\"wp-block-heading\" id=\"concurso-tj-rj-confira-a-nomeao-dos-aprovados\">Concurso TJ RJ: confira a nomea\u00e7\u00e3o dos aprovados<\/h2>\n\n\n\n<p>Portanto, o Tribunal de Justi\u00e7a do <a href=\"https:\/\/www.novaconcursos.com.br\/portal\/concursos-abertos\/rj\/\">Rio de Janeiro<\/a> realizou nesta segunda-feira (13), a\u00a0<strong>nomea\u00e7\u00e3o de 212 aprovados no \u00faltimo concurso.<\/strong><\/p>\n\n\n\n<ul class=\"wp-block-list\"><li><strong>Adquira<\/strong>:\u00a0<a href=\"https:\/\/www.novaconcursos.com.br\/concurso\/tj-rj-tribunal-de-justica-do-rio-de-janeiro\/apostila\">Apostila Concurso TJ RJ<\/a><\/li>\n\n\n\n<li><strong>Adquira<\/strong>:\u00a0<a href=\"https:\/\/www.novaconcursos.com.br\/concurso\/tj-rj-tribunal-de-justica-do-rio-de-janeiro\/curso-online\">Curso Online TJ RJ<\/a><\/li>\n<\/ul><p><\/p>\n\n\n\n<p>Assim, ser\u00e3o nomeados <strong>T\u00e9cnicos e Analistas Judici\u00e1rios<\/strong>, cargos contemplados no edital aberto em 2020 e que ocorreu em 2021.<\/p>\n\n\n\n<p>Vale destacar ainda que os <strong>novos servidores agora<\/strong>\u00a0ingressam no Programa de Integra\u00e7\u00e3o Funcional, planejado e ministrado pela Escola de Administra\u00e7\u00e3o Judici\u00e1ria (Esaj).\u00a0<\/p>\n\n\n\n<p>Posteriormente, eles ser\u00e3o <strong>empossados nos cargos<\/strong>, em v\u00e1rias especialidades. Portanto, confira:<\/p>\n\n\n\n<ul class=\"wp-block-list\"><li>T\u00e9cnico de atividade judici\u00e1ria\n<ul class=\"wp-block-list\"><li>sem especialidade<\/li>\n<\/ul><\/li>\n\n\n\n<li>Analista judici\u00e1rio\n<ul class=\"wp-block-list\"><li>Assistente Social<\/li>\n\n\n\n<li>M\u00e9dico<\/li>\n\n\n\n<li>M\u00e9dico Psiquiatra<\/li>\n\n\n\n<li>Psic\u00f3logo<\/li>\n\n\n\n<li>Contador<\/li>\n\n\n\n<li>Comiss\u00e1rio de Justi\u00e7a da Inf\u00e2ncia, Juventude e do Idoso.<\/li>\n\n\n\n<li>Execu\u00e7\u00e3o de Mandados<\/li>\n\n\n\n<li>Analista<ul><li>Gest\u00e3o de TIC<\/li><\/ul><ul class=\"wp-block-list\"><li>Neg\u00f3cios<\/li>\n\n\n\n<li>Sistemas<\/li>\n\n\n\n<li>sem Especialidade.\u00a0<\/li>\n<\/ul><\/li>\n<\/ul><\/li>\n<\/ul><p><\/p>\n\n\n\n<p>Al\u00e9m disso, \u00e9 importante destacar que o n\u00famero de convoca\u00e7\u00f5es j\u00e1 ultrapassa o <strong>n\u00famero de vagas ofertadas<\/strong> no certame, que foi de 132.<\/p>\n\n\n\n<p>Anteriormente, o presidente do tribunal, desembargador Henrique Figueira j\u00e1 tinha <strong>adiantado as convoca\u00e7\u00f5es<\/strong>, dando conta de que o tribunal tem mesmo costume de fazer bom uso do cadastro reserva em seus concursos.<\/p>\n\n\n\n<p><em>\u201cO tribunal, historicamente, sempre chamou muito mais gente do que o n\u00famero de vagas oferecidas. S\u00e3o poucas vagas agora no edital, mas certamente v\u00e3o ser chamados muito mais do que os 70, 80, 100 cargos oferecidos inicialmente\u201d,<\/em> disse ele.<\/p>\n\n\n\n<h2 class=\"wp-block-heading\" id=\"concurso-tj-rj-foi-realizado-em-2021-como-foi-a-seleo\">Concurso TJ RJ foi realizado em 2021; como foi a sele\u00e7\u00e3o?<\/h2>\n\n\n\n<p>Inicialmente publicada em 2020, o concurso do Tribunal de Justi\u00e7a do Rio de Janeiro acabou <strong>acontecendo em 2021.<\/strong><\/p>\n\n\n\n<p>Assim, o atraso foi devido \u00e0 <strong>pandemia da Covid-19<\/strong>, que acabou gerando suspens\u00e3o da sele\u00e7\u00e3o.<\/p>\n\n\n\n<p>Primeiramente o concurso foi aberto com 160 vagas, por\u00e9m o tribunal precisou readequar a <strong>oferta para 132. <\/strong><\/p>\n\n\n\n<p>De acordo com a\u00a0<strong>banca organizadora<\/strong>, o\u00a0<a rel=\"noreferrer noopener\" href=\"https:\/\/www.cebraspe.org.br\/\" target=\"_blank\">Cebraspe<\/a>, foram registradas <strong>129.400 inscri\u00e7\u00f5es<\/strong>, sendo 86.035 para\u00a0<strong>T\u00e9cnico<\/strong> e 43.365 para\u00a0<strong>Analista<\/strong>.<\/p>\n\n\n\n<p>As avalia\u00e7\u00f5es aconteceram no dia\u00a0<strong>05 de dezembro<\/strong>, no entanto, em hor\u00e1rios diferentes para cada um dos cargos.<\/p>\n\n\n\n<p>Portanto, elas foram <strong>aplicadas nas cidades<\/strong>\u00a0de Angra dos Reis, Cabo Frio, Campos dos Goytacazes, Duque de Caxias, Itaperuna, Niter\u00f3i, Nova Friburgo, Petr\u00f3polis,\u00a0<a href=\"https:\/\/www.novaconcursos.com.br\/portal\/concursos-previstos\/rj\/\">Rio de Janeiro<\/a>, Teres\u00f3polis e Volta Redonda.<\/p>\n\n\n\n<p>Ademais, durante as\u00a0<strong>provas objetivas<\/strong>\u00a0os inscritos responderam a\u00a0<strong>60 quest\u00f5es<\/strong>, sendo 20 sobre Conhecimentos Gerais e 40 sobre Conhecimentos Espec\u00edficos. Sendo assim, confira:<\/p>\n\n\n\n<ul class=\"wp-block-list\"><li><strong>Conhecimentos Gerais \u2013 para todos os cargos:<\/strong>\n<ul class=\"wp-block-list\"><li>L\u00edngua Portuguesa<\/li>\n\n\n\n<li>\u00c9tica no Servi\u00e7o P\u00fablico<\/li>\n\n\n\n<li>No\u00e7\u00f5es dos Direitos das Pessoas com Defici\u00eancia<\/li>\n\n\n\n<li>Legisla\u00e7\u00e3o Especial<\/li>\n<\/ul><\/li>\n\n\n\n<li><strong>Conhecimentos Espec\u00edficos \u2013 T\u00e9cnico:<\/strong>\n<ul class=\"wp-block-list\"><li>No\u00e7\u00f5es de Direito Administrativo, Direito Constitucional, Direito Processual Civil e Direito Processual Penal<\/li>\n\n\n\n<li>Legisla\u00e7\u00e3o<\/li>\n<\/ul><\/li>\n\n\n\n<li><strong>Conhecimentos Espec\u00edficos \u2013 Analista:<\/strong>\n<ul class=\"wp-block-list\"><li>Variaram de acordo com a especialidade<\/li>\n<\/ul><\/li>\n<\/ul><p><\/p>\n\n\n\n<h2 class=\"wp-block-heading\" id=\"e-os-salrios-para-os-aprovados-no-concurso-tj-rj\">E os sal\u00e1rios para os aprovados no concurso TJ RJ?<\/h2>\n\n\n\n<p>Portanto, os\u00a0<strong>sal\u00e1rios<\/strong>\u00a0a serem pagos aos contratados possuir\u00e3o os valores de\u00a0<strong>R$5.750,06<\/strong>\u00a0para o cargo de T\u00e9cnico e de\u00a0<strong>R$8.253,89<\/strong>\u00a0para Analista. Ademais, os valores j\u00e1 incluem os\u00a0<strong>benef\u00edcios<\/strong>, confira:<\/p>\n\n\n\n<ul class=\"wp-block-list\"><li><strong>T\u00e9cnico judici\u00e1rio (n\u00edvel m\u00e9dio)<\/strong>\n<ul class=\"wp-block-list\"><li>R$5.750,06, sendo R$3.870,06 de vencimento b\u00e1sico, R$1.440 de aux\u00edlio-alimenta\u00e7\u00e3o e R$440 de auxilio locomo\u00e7\u00e3o (R$20 por dia \u00fatil, considerando 22 dias \u00fateis).<\/li>\n<\/ul><\/li>\n\n\n\n<li><strong>Analista judici\u00e1rio (n\u00edvel superior)<\/strong>\n<ul class=\"wp-block-list\"><li>R$8.253,89, sendo R$6.373,89 de vencimento b\u00e1sico, R$1.440 de aux\u00edlio-alimenta\u00e7\u00e3o e R$440 de auxilio locomo\u00e7\u00e3o (R$20 por dia \u00fatil, considerando 22 dias \u00fateis).<\/li>\n<\/ul><\/li>\n\n\n\n<li><strong>Analista \u2013 Execu\u00e7\u00e3o de Mandados \u2013 Oficial de justi\u00e7a (n\u00edvel superior)<\/strong>\n<ul class=\"wp-block-list\"><li>R$10.166,05, j\u00e1 que esses servidores recebem tamb\u00e9m a Gratifica\u00e7\u00e3o de Atividade Externa (GAE), que representa 30% sobre o vencimento oferecido ao cargo (R$1.912,16).<\/li>\n<\/ul><\/li>\n<\/ul><p><\/p>\n\n\n\n<figure class=\"wp-block-image size-large\"><a href=\"https:\/\/www.novaconcursos.com.br\/eventos\/assinatura\" target=\"_blank\" rel=\"noreferrer noopener\"><img decoding=\"async\" src=\"https:\/\/www.novaconcursos.com.br\/portal\/wp-content\/uploads\/2022\/01\/Faixa-Frete-Gr%E2%80%A0tis-portal.png\" alt=\"assinatura completa\" class=\"wp-image-153078\" loading=\"lazy\" title=\"\"><\/a><figcaption><\/figcaption><\/figure>","protected":false},"excerpt":{"rendered":"<p>Aten\u00e7\u00e3o, concurseiros! O Tribunal de Justi\u00e7a do Rio de Janeiro anunciou a nomea\u00e7\u00e3o de 212 aprovados no \u00faltimo concurso TJ RJ, para T\u00e9cnicos e Analistas Judici\u00e1rios, realizado em 2021! Concurso TJ RJ: confira a nomea\u00e7\u00e3o dos aprovados Portanto, o Tribunal de Justi\u00e7a do Rio de Janeiro realizou nesta segunda-feira (13), a\u00a0nomea\u00e7\u00e3o de 212 aprovados no [&hellip;]<\/p>\n","protected":false},"author":54671,"featured_media":162979,"comment_status":"closed","ping_status":"closed","sticky":false,"template":"","format":"standard","meta":{"_acf_changed":false,"footnotes":"","_wp_rev_ctl_limit":""},"categories":[228],"tags":[],"class_list":["post-162978","post","type-post","status-publish","format-standard","has-post-thumbnail","hentry","category-noticias"],"acf":[],"_links":{"self":[{"href":"https:\/\/www.novaconcursos.com.br\/portal\/wp-json\/wp\/v2\/posts\/162978","targetHints":{"allow":["GET"]}}],"collection":[{"href":"https:\/\/www.novaconcursos.com.br\/portal\/wp-json\/wp\/v2\/posts"}],"about":[{"href":"https:\/\/www.novaconcursos.com.br\/portal\/wp-json\/wp\/v2\/types\/post"}],"author":[{"embeddable":true,"href":"https:\/\/www.novaconcursos.com.br\/portal\/wp-json\/wp\/v2\/users\/54671"}],"replies":[{"embeddable":true,"href":"https:\/\/www.novaconcursos.com.br\/portal\/wp-json\/wp\/v2\/comments?post=162978"}],"version-history":[{"count":5,"href":"https:\/\/www.novaconcursos.com.br\/portal\/wp-json\/wp\/v2\/posts\/162978\/revisions"}],"predecessor-version":[{"id":300810,"href":"https:\/\/www.novaconcursos.com.br\/portal\/wp-json\/wp\/v2\/posts\/162978\/revisions\/300810"}],"wp:featuredmedia":[{"embeddable":true,"href":"https:\/\/www.novaconcursos.com.br\/portal\/wp-json\/wp\/v2\/media\/162979"}],"wp:attachment":[{"href":"https:\/\/www.novaconcursos.com.br\/portal\/wp-json\/wp\/v2\/media?parent=162978"}],"wp:term":[{"taxonomy":"category","embeddable":true,"href":"https:\/\/www.novaconcursos.com.br\/portal\/wp-json\/wp\/v2\/categories?post=162978"},{"taxonomy":"post_tag","embeddable":true,"href":"https:\/\/www.novaconcursos.com.br\/portal\/wp-json\/wp\/v2\/tags?post=162978"}],"curies":[{"name":"wp","href":"https:\/\/api.w.org\/{rel}","templated":true}]}}