{"id":163057,"date":"2022-06-15T09:43:21","date_gmt":"2022-06-15T12:43:21","guid":{"rendered":"https:\/\/www.novaconcursos.com.br\/portal\/?p=163057"},"modified":"2022-06-15T09:43:26","modified_gmt":"2022-06-15T12:43:26","slug":"concurso-trt-pr-saiu-edital-tecnicos-analistas","status":"publish","type":"post","link":"https:\/\/www.novaconcursos.com.br\/portal\/noticias\/concurso-trt-pr-saiu-edital-tecnicos-analistas\/","title":{"rendered":"Concurso TRT PR 2022: Saiu o edital para T\u00e9cnicos e Analistas!"},"content":{"rendered":"<p>Boa not\u00edcia, concurseiros! O <strong>edital <\/strong>do <a href=\"https:\/\/www.novaconcursos.com.br\/portal\/concursos\/concurso-trt-pr\/\">concurso TRT PR<\/a>\u00a0(Tribunal Regional do Trabalho da 9\u00aa regi\u00e3o) foi <strong>publicado <\/strong>com a oferta de<strong> cadastro de reserva <\/strong>nos cargos de T\u00e9cnico e Analista. Os ganhos chegam a <strong>R$ 14,2 mil. <\/strong><\/p>\n\n\n\n<ul class=\"wp-block-list\"><li><strong>Confira:<\/strong>\u00a0<a rel=\"noreferrer noopener\" aria-label=\" (abre numa nova aba)\" href=\"https:\/\/www.novaconcursos.com.br\/eventos\/raciocinio-logico-concursos\/\" target=\"_blank\">Guia Racioc\u00ednio L\u00f3gico para Concursos (Gr\u00e1tis)<\/a><\/li><\/ul><p><\/p>\n\n\n\n<p>Estude para o concurso dos seus sonhos com a\u00a0<a rel=\"noreferrer noopener\" aria-label=\" (abre numa nova aba)\" href=\"https:\/\/www.novaconcursos.com.br\/eventos\/assinatura\" target=\"_blank\">Assinatura Completa da Nova<\/a>. Tenha acesso a Cursos, Plataforma de Quest\u00f5es, Eventos Exclusivos para Assinantes e Muito Mais!<\/p>\n\n\n\n<h2 class=\"wp-block-heading\" id=\"concurso-trt-pr-como-realizar-inscrio\">Concurso TRT PR: como realizar inscri\u00e7\u00e3o?<\/h2>\n\n\n\n<p>Assim, as <strong>inscri\u00e7\u00f5es <\/strong>para o concurso do Tribunal Regional do Trabalho da 9\u00aa regi\u00e3o, com sede no <a href=\"https:\/\/www.novaconcursos.com.br\/portal\/concursos-previstos\/pr\/\">Paran\u00e1<\/a>, <strong>ainda ser\u00e3o abertas.<\/strong><\/p>\n\n\n\n<p>Portanto, os interessados devem se atentar pois as inscri\u00e7\u00f5es poder\u00e3o ser realizadas entre <strong>20 de junho e 12 de julho.<\/strong><\/p>\n\n\n\n<p>Al\u00e9m disso, os cadastros devem ser feitos por meio do site da banca organizadora, a <strong>Funda\u00e7\u00e3o Carlos Chagas<\/strong> (FCC).<\/p>\n\n\n\n<p>Ademais, as taxas foram definidas de acordo com o cargo pretendido, sendo <strong>R$ 110 para Analista e R$ 90 para T\u00e9cnico.<\/strong><\/p>\n\n\n\n<h2 class=\"wp-block-heading\" id=\"concurso-trt-pr-vagas-cargos-e-salrios\">Concurso TRT PR: vagas, cargos e sal\u00e1rios<\/h2>\n\n\n\n<p>Posteriormente, o edital do concurso do Tribunal Regional do Trabalho do <a href=\"https:\/\/www.novaconcursos.com.br\/portal\/concursos-abertos\/pr\/\">Estado do Paran\u00e1 <\/a>est\u00e1 ofertando oportunidades de <strong>cadastro reserva.<\/strong><\/p>\n\n\n\n<p>Assim, ser\u00e3o vagas para cargos de <strong>n\u00edveis m\u00e9dio e superior <\/strong>de forma\u00e7\u00e3o. Sendo assim, confira a divis\u00e3o:<\/p>\n\n\n\n<ul class=\"wp-block-list\"><li><strong>N\u00edvel m\u00e9dio<\/strong><ul><li>T\u00e9cnico Judici\u00e1rio \u2013 \u00c1rea Administrativa: CR;<\/li><\/ul><\/li><li><strong>N\u00edvel superior<\/strong><ul><li>Analista Judici\u00e1rio <ul><li>\u00c1rea Judici\u00e1ria: CR;<\/li><li>Oficial de Justi\u00e7a Avaliador Federal: CR; E<\/li><li>Contabilidade: CR.<\/li><\/ul><\/li><\/ul><\/li><\/ul><p><\/p>\n\n\n\n<p>J\u00e1 em rela\u00e7\u00e3o aos sal\u00e1rios iniciais, eles variam\u00a0<strong>de R$ 7.591,37 a R$ 14.271,70<\/strong>, dependendo do cargo escolhido.<\/p>\n\n\n\n<p>Ademais, al\u00e9m do vencimento, o servidor tamb\u00e9m pode <strong>receber v\u00e1rios benef\u00edcios.<\/strong> Portanto, veja quais:<\/p>\n\n\n\n<ul class=\"wp-block-list\"><li>Aux\u00edlio-alimenta\u00e7\u00e3o,<\/li><li>Assist\u00eancia pr\u00e9-escolar,<\/li><li>Assist\u00eancia m\u00e9dica e odontol\u00f3gica,<\/li><li>Aux\u00edlio-transporte,<\/li><li>Exames peri\u00f3dicos e<\/li><li>Adicional de Qualifica\u00e7\u00e3o.<\/li><\/ul><p><\/p>\n\n\n\n<h3 class=\"wp-block-heading\">Requisitos<\/h3>\n\n\n\n<p>Ademais, \u00e9 muito importante que os concurseiros se <strong>atentem aos requisitos <\/strong>para a sele\u00e7\u00e3o. Portanto, s\u00e3o eles:<\/p>\n\n\n\n<ul class=\"wp-block-list\"><li><strong>T\u00e9cnico Judici\u00e1rio \u2013 \u00c1rea Administrativa<\/strong><ul><li>Certificado de conclus\u00e3o de curso de Ensino M\u00e9dio, devidamente registrado, expedido por Institui\u00e7\u00e3o de Ensino reconhecida pelo Minist\u00e9rio da Educa\u00e7\u00e3o.<\/li><\/ul><\/li><li><strong>Analista Judici\u00e1rio <\/strong><ul><li><strong>\u00c1rea Judici\u00e1ria<\/strong><ul><li>Diploma de curso de Gradua\u00e7\u00e3o em Direito, devidamente registrado, fornecido por Institui\u00e7\u00e3o de Ensino Superior reconhecida pelo Minist\u00e9rio da Educa\u00e7\u00e3o. Excepcionalmente, mediante justificativa escrita do pr\u00f3prio candidato, poder\u00e1 ser aceito certificado de cola\u00e7\u00e3o de grau, acompanhado de hist\u00f3rico escolar.<\/li><\/ul><\/li><li><strong>Oficial de Justi\u00e7a Avaliador Federal<\/strong><ul><li>Diploma de curso de Gradua\u00e7\u00e3o em Direito, devidamente registrado, fornecido por Institui\u00e7\u00e3o de Ensino Superior reconhecida pelo Minist\u00e9rio da Educa\u00e7\u00e3o. Excepcionalmente, mediante justificativa escrita do pr\u00f3prio candidato, poder\u00e1 ser aceito certificado de cola\u00e7\u00e3o de grau, acompanhado de hist\u00f3rico escolar.<\/li><\/ul><\/li><li><strong>Contabilidade<\/strong><ul><li>Diploma de Gradua\u00e7\u00e3o em Contabilidade, devidamente registrado, reconhecido pelo Minist\u00e9rio da Educa\u00e7\u00e3o, e registro no respectivo \u00d3rg\u00e3o de Classe. Excepcionalmente, mediante justificativa escrita do pr\u00f3prio candidato, poder\u00e1 ser aceito certificado de cola\u00e7\u00e3o de grau, acompanhado de hist\u00f3rico escolar.<\/li><\/ul><\/li><\/ul><\/li><\/ul><p><\/p>\n\n\n\n<h2 class=\"wp-block-heading\" id=\"concurso-trt-pr-provas-em-agosto\">Concurso TRT PR: provas em agosto<\/h2>\n\n\n\n<p>Sendo assim, \u00e9 importante destacar que os inscritos ser\u00e3o avaliados por meio de <strong>provas objetiva e discursiva.<\/strong><\/p>\n\n\n\n<p>Portanto, elas est\u00e3o marcadas para o dia <strong>14 de agosto<\/strong>. Assim, ser\u00e3o <strong>aplicadas <\/strong>em Curitiba, Cascavel, Guarapuava, Londrina e Maring\u00e1. <\/p>\n\n\n\n<ul class=\"wp-block-list\"><li>Per\u00edodo da manh\u00e3: T\u00e9cnico Judici\u00e1rio \u2013 \u00c1rea Administrativa;<\/li><li>Per\u00edodo da tarde: Analista.<\/li><\/ul><p><\/p>\n\n\n\n<h3 class=\"wp-block-heading\">Conte\u00fado program\u00e1tico<\/h3>\n\n\n\n<p>Al\u00e9m disso, com quest\u00f5es de m\u00faltipla escolha, os candidatos ter\u00e3o que <strong>responder 60 itens<\/strong>.<\/p>\n\n\n\n<p>Assim, cada quest\u00e3o ter\u00e1 <strong>cinco alternativas <\/strong>e apenas uma \u00fanica resposta correta. Portanto, confira:<\/p>\n\n\n\n<ul class=\"wp-block-list\"><li><strong>Analista Judici\u00e1rio <\/strong><ul><li><strong>\u00c1rea Judici\u00e1ria<\/strong><ul><li>Conhecimentos Gerais: L\u00edngua Portuguesa; Matem\u00e1tica e Racioc\u00ednio-L\u00f3gico.<\/li><li>Conhecimentos Espec\u00edficos: Direito do Trabalho; Direito Processual do Trabalho; Civil; Processual Civil; Constitucional; Administrativo.<\/li><\/ul><\/li><li><strong>Oficial de Justi\u00e7a Avaliador Federal<\/strong><ul><li>Conhecimentos Gerais: L\u00edngua Portuguesa; Matem\u00e1tica e Racioc\u00ednio-L\u00f3gico.<\/li><li>Conhecimentos Espec\u00edficos: Direito do Trabalho; Processual do Trabalho; Civil; Processual Civil; Constitucional; Administrativo.<\/li><\/ul><\/li><li><strong>Contabilidade<\/strong><ul><li>Conhecimentos Gerais: L\u00edngua Portuguesa; Matem\u00e1tica e Racioc\u00ednio-L\u00f3gico.<\/li><li>Conhecimentos Espec\u00edficos: Direito Constitucional; No\u00e7\u00f5es de Direito Administrativo; Contabilidade Geral; Contabilidade P\u00fablica; No\u00e7\u00f5es de Auditoria Governamental; Contabilidade Tribut\u00e1ria; Administra\u00e7\u00e3o Or\u00e7ament\u00e1ria e Financeira.<\/li><\/ul><\/li><\/ul><\/li><li><strong>T\u00e9cnico Judici\u00e1rio \u2013 \u00c1rea Administrativa<\/strong><ul><li>Conhecimentos Gerais: L\u00edngua Portuguesa; Matem\u00e1tica e Racioc\u00ednio-L\u00f3gico.<\/li><li>Conhecimentos Espec\u00edficos: No\u00e7\u00f5es de Direito do Trabalho; Processual do Trabalho; Constitucional e Administrativo.<\/li><\/ul><\/li><\/ul><p><\/p>\n\n\n\n<h2 class=\"wp-block-heading\" id=\"edital-de-2015-tambm-foi-para-cadastro-reserva\">Edital de 2015 tamb\u00e9m foi para cadastro reserva<\/h2>\n\n\n\n<p>Por fim, vale destacar que o \u00faltimo edital para o tribunal <strong>foi publicado em 2015<\/strong> e tamb\u00e9m contou com vagas para cadastro reserva.<\/p>\n\n\n\n<p>Entretanto, foram convocados <strong>255 aprovados no certame<\/strong>, sendo 173 para T\u00e9cnicos e 82 para Analistas. <\/p>\n\n\n\n<p>Al\u00e9m disso, atualmente s\u00e3o <strong>201 cargos vagos no tribunal,<\/strong> sendo 135 de T\u00e9cnico e 66 de Analista.<\/p>\n\n\n\n<p>Assim, isso pode fazer com que <strong>mais convoca\u00e7\u00f5es<\/strong> sejam realizadas com o novo concurso.<\/p>\n\n\n\n<figure class=\"wp-block-image size-large\"><a href=\"https:\/\/www.novaconcursos.com.br\/eventos\/assinatura\" target=\"_blank\" rel=\"noreferrer noopener\"><img decoding=\"async\" src=\"https:\/\/www.novaconcursos.com.br\/portal\/wp-content\/uploads\/2022\/01\/Faixa-Frete-Gr%E2%80%A0tis-portal.png\" alt=\"assinatura completa\" class=\"wp-image-153078\" loading=\"lazy\" title=\"\"><\/a><figcaption><\/figcaption><\/figure>","protected":false},"excerpt":{"rendered":"<p>Boa not\u00edcia, concurseiros! O edital do concurso TRT PR\u00a0(Tribunal Regional do Trabalho da 9\u00aa regi\u00e3o) foi publicado com a oferta de cadastro de reserva nos cargos de T\u00e9cnico e Analista. Os ganhos chegam a R$ 14,2 mil. Confira:\u00a0Guia Racioc\u00ednio L\u00f3gico para Concursos (Gr\u00e1tis) Estude para o concurso dos seus sonhos com a\u00a0Assinatura Completa da Nova. [&hellip;]<\/p>\n","protected":false},"author":54671,"featured_media":157322,"comment_status":"closed","ping_status":"closed","sticky":false,"template":"","format":"standard","meta":{"_acf_changed":false,"footnotes":"","_wp_rev_ctl_limit":""},"categories":[228],"tags":[],"class_list":["post-163057","post","type-post","status-publish","format-standard","has-post-thumbnail","hentry","category-noticias"],"acf":[],"_links":{"self":[{"href":"https:\/\/www.novaconcursos.com.br\/portal\/wp-json\/wp\/v2\/posts\/163057","targetHints":{"allow":["GET"]}}],"collection":[{"href":"https:\/\/www.novaconcursos.com.br\/portal\/wp-json\/wp\/v2\/posts"}],"about":[{"href":"https:\/\/www.novaconcursos.com.br\/portal\/wp-json\/wp\/v2\/types\/post"}],"author":[{"embeddable":true,"href":"https:\/\/www.novaconcursos.com.br\/portal\/wp-json\/wp\/v2\/users\/54671"}],"replies":[{"embeddable":true,"href":"https:\/\/www.novaconcursos.com.br\/portal\/wp-json\/wp\/v2\/comments?post=163057"}],"version-history":[{"count":8,"href":"https:\/\/www.novaconcursos.com.br\/portal\/wp-json\/wp\/v2\/posts\/163057\/revisions"}],"predecessor-version":[{"id":163067,"href":"https:\/\/www.novaconcursos.com.br\/portal\/wp-json\/wp\/v2\/posts\/163057\/revisions\/163067"}],"wp:featuredmedia":[{"embeddable":true,"href":"https:\/\/www.novaconcursos.com.br\/portal\/wp-json\/wp\/v2\/media\/157322"}],"wp:attachment":[{"href":"https:\/\/www.novaconcursos.com.br\/portal\/wp-json\/wp\/v2\/media?parent=163057"}],"wp:term":[{"taxonomy":"category","embeddable":true,"href":"https:\/\/www.novaconcursos.com.br\/portal\/wp-json\/wp\/v2\/categories?post=163057"},{"taxonomy":"post_tag","embeddable":true,"href":"https:\/\/www.novaconcursos.com.br\/portal\/wp-json\/wp\/v2\/tags?post=163057"}],"curies":[{"name":"wp","href":"https:\/\/api.w.org\/{rel}","templated":true}]}}