{"id":163195,"date":"2022-06-17T12:40:45","date_gmt":"2022-06-17T15:40:45","guid":{"rendered":"https:\/\/www.novaconcursos.com.br\/portal\/?p=163195"},"modified":"2025-12-02T08:06:30","modified_gmt":"2025-12-02T11:06:30","slug":"concurso-detran-rj-plano-cargos-salarios-enviado","status":"publish","type":"post","link":"https:\/\/www.novaconcursos.com.br\/portal\/noticias\/concurso-detran-rj-plano-cargos-salarios-enviado\/","title":{"rendered":"Concurso Detran RJ: Enviado ao governador plano de cargos e sal\u00e1rios!"},"content":{"rendered":"<p>Boas not\u00edcias, concurseiros! Foi enviado ao governador do estado o <strong>plano de cargos e sal\u00e1rios<\/strong> que beneficiar\u00e1 a realiza\u00e7\u00e3o de um novo <a href=\"https:\/\/www.novaconcursos.com.br\/portal\/concursos\/concurso-detran-rj\/\">concurso Detran RJ.<\/a> Ademais, vale destacar que o \u00f3rg\u00e3o conta atualmente com <strong>mais de 2 mil cargos vagos.<\/strong><\/p>\n\n\n\n<p>Sendo assim, o plano de cargos e sal\u00e1rios do Departamento de Tr\u00e2nsito do Estado do Rio de Janeiro <strong>foi enviado ao governador<\/strong> Cl\u00e1udio Castro. Ademais, agora o documento deve ser aprovado pela <strong>Casa Legislativa<\/strong>, a fim de que exista a <strong>altera\u00e7\u00e3o na legisla\u00e7\u00e3o.<\/strong><\/p>\n\n\n\n<p>Al\u00e9m disso, a aprova\u00e7\u00e3o do plano mencionado <strong>favorece a realiza\u00e7\u00e3o de um novo concurso <\/strong>p\u00fablico para o \u00f3rg\u00e3o que conta com grandes vac\u00e2ncias atualmente, visto que a \u00faltima sele\u00e7\u00e3o <strong>ocorreu em 2013.<\/strong><\/p>\n\n\n\n<h2 class=\"wp-block-heading\" id=\"concurso-detran-rj-plano-de-cargos-e-salrios\"><strong>Concurso Detran RJ: plano de cargos e sal\u00e1rios<\/strong><\/h2>\n\n\n\n<p>Nesse sentido, um novo concurso Detran RJ pode ser realizado, visto que o <strong>plano de cargos e sal\u00e1rios<\/strong> do \u00f3rg\u00e3o foi enviado ao governador Cl\u00e1udio Castro para que ele envie o documento \u00e0 <strong>Casa Legislativa.<\/strong><\/p>\n\n\n\n<p>Dessa forma, com a aprova\u00e7\u00e3o da Casa e a <strong>altera\u00e7\u00e3o da legisla\u00e7\u00e3o<\/strong> \u00e9 muito prov\u00e1vel que uma nova sele\u00e7\u00e3o ocorra para o preenchimento dos<strong> cargos vagos <\/strong>existentes no Departamento.<\/p>\n\n\n\n<p>Sendo assim, \u00e9 essencial frisar que o plano garante aos servidores do \u00f3rg\u00e3o a <strong>Gratifica\u00e7\u00f5es de Valoriza\u00e7\u00e3o Profissional e de Excel\u00eancia Funcional<\/strong> (GEF), al\u00e9m de adicionais e progress\u00f5es salariais, de maneira que os ganhos contar\u00e3o com <strong>15 n\u00edveis.<\/strong><\/p>\n\n\n\n<p>Al\u00e9m disso, o documento, que tem como objetivo <strong>valorizar os funcion\u00e1rios <\/strong>do Departamento, tamb\u00e9m visa a<strong> regulamenta\u00e7\u00e3o<\/strong> de diversos<strong> aux\u00edlios, <\/strong>como alimenta\u00e7\u00e3o, laboral, sa\u00fade, creche e educa\u00e7\u00e3o.<\/p>\n\n\n\n<h2 class=\"wp-block-heading\" id=\"vagas-cargos-e-remuneraes\"><strong>Vagas, cargos e remunera\u00e7\u00f5es<\/strong><\/h2>\n\n\n\n<p>Portanto, \u00e9 importante que os concurseiros saibam que o<strong> pr\u00f3ximo concurso<\/strong> do Departamento de Tr\u00e2nsito do Estado do Rio de Janeiro pode contar com a oferta de <strong>grandes oportunidades<\/strong>, visto que atualmente existem cerca de <strong>2.720 cargos vagos.<\/strong><\/p>\n\n\n\n<p>Assim, confira a <strong>distribui\u00e7\u00e3o das vac\u00e2ncias<\/strong> entre os cargos a serem possivelmente contemplados pelo novo concurso:<\/p>\n\n\n\n<p><strong>N\u00edvel M\u00e9dio\/T\u00e9cnico<\/strong><\/p>\n\n\n\n<ul class=\"wp-block-list\"><li>Assistente T\u00e9cnico:\n<ul class=\"wp-block-list\"><li>de Identifica\u00e7\u00e3o Civil (251);<\/li>\n\n\n\n<li>Administrativo (545);<\/li>\n\n\n\n<li>de Inform\u00e1tica (45);<\/li>\n\n\n\n<li>de Tr\u00e2nsito (1.464); e<\/li>\n<\/ul><\/li>\n\n\n\n<li>T\u00e9cnico de Contabilidade (09).<\/li>\n<\/ul><p><\/p>\n\n\n\n<p><strong>N\u00edvel Superior<\/strong><\/p>\n\n\n\n<ul class=\"wp-block-list\"><li>Administrador (17);<\/li>\n\n\n\n<li>Analista Cont\u00e1bil (21);<\/li>\n\n\n\n<li>Analista de:\n<ul class=\"wp-block-list\"><li>Documenta\u00e7\u00e3o (15);<\/li>\n\n\n\n<li>Gest\u00e3o e Planejamento (92);<\/li>\n\n\n\n<li>Gest\u00e3o e Tr\u00e2nsito (180);<\/li>\n\n\n\n<li>Identifica\u00e7\u00e3o Civil (11);<\/li>\n\n\n\n<li>Imagem Institucional (05);<\/li>\n\n\n\n<li>Tecnologia da Informa\u00e7\u00e3o (55); e<\/li>\n\n\n\n<li>Educa\u00e7\u00e3o para o Tr\u00e2nsito (10).<\/li>\n<\/ul><\/li>\n<\/ul><p><\/p>\n\n\n\n<p>Nesse sentido, ap\u00f3s a aprova\u00e7\u00e3o do plano de cargos e sal\u00e1rios as <strong>remunera\u00e7\u00f5es iniciais <\/strong>a serem recebidas pelos contratados pelo \u00f3rg\u00e3o possuem os valores de<strong> R$ 2.897,60<\/strong> para n\u00edvel m\u00e9dio e <strong>R$ 4.932,09 <\/strong>para n\u00edvel superior, al\u00e9m dos <strong>aux\u00edlios<\/strong> citados anteriormente.<\/p>\n\n\n\n<h2 class=\"wp-block-heading\" id=\"ltimo-concurso-detran-rj\"><strong>\u00daltimo concurso Detran RJ<\/strong><\/h2>\n\n\n\n<p>Por fim, \u00e9 v\u00e1lido recordar que o \u00faltimo <a href=\"https:\/\/www.novaconcursos.com.br\/portal\/concursos\/concurso-detran-rj\/\" data-type=\"link\" data-id=\"https:\/\/www.novaconcursos.com.br\/portal\/concursos\/concurso-detran-rj\/\">concurso Detran RJ<\/a> aconteceu<strong> em 2013, <\/strong>quando foram ofertadas<strong> 800 vagas<\/strong> entre as seguintes especialidades do cargo de <strong>Assistente T\u00e9cnico, <\/strong>de n\u00edvel m\u00e9dio:<\/p>\n\n\n\n<ul class=\"wp-block-list\"><li>Assistente T\u00e9cnico:\n<ul class=\"wp-block-list\"><li>de Tr\u00e2nsito (430);<\/li>\n\n\n\n<li>Administrativo (112);<\/li>\n\n\n\n<li>de Identifica\u00e7\u00e3o Civil (222); e<\/li>\n\n\n\n<li>de Inform\u00e1tica (36).<\/li>\n<\/ul><\/li>\n<\/ul><p><\/p>\n\n\n\n<p>Ademais, os contratados da \u00e9poca contaram com<strong> sal\u00e1rios <\/strong>no valor de<strong> R$ 1.814,01. <\/strong>Os inscritos foram avaliados por meio de<strong> provas objetivas e reda\u00e7\u00e3o,<\/strong> de forma que para a primeira fase responderam a <strong>50 quest\u00f5es<\/strong> acerca dos conte\u00fados a seguir:<\/p>\n\n\n\n<ul class=\"wp-block-list\"><li>L\u00edngua Portuguesa \u2013 10;<\/li>\n\n\n\n<li>L\u00edngua Estrangeira \u2013 Ingl\u00eas ou Espanhol \u2013 05;<\/li>\n\n\n\n<li>Legisla\u00e7\u00e3o de Tr\u00e2nsito \u2013 10;<\/li>\n\n\n\n<li>No\u00e7\u00f5es de Inform\u00e1tica \u2013 05;<\/li>\n\n\n\n<li>Conhecimentos Espec\u00edficos \u2013 20.<\/li>\n<\/ul><p><\/p>\n\n\n\n<figure class=\"wp-block-image size-large\"><a href=\"https:\/\/aprovacao.novaconcursos.com.br\/assinatura\" target=\"_blank\" rel=\"noreferrer noopener\"><img decoding=\"async\" src=\"https:\/\/www.novaconcursos.com.br\/portal\/wp-content\/uploads\/2022\/01\/Faixa-Frete-Gr%E2%80%A0tis-portal.png\" alt=\"assinatura completa\" class=\"wp-image-153078\" loading=\"lazy\" title=\"\"><\/a><figcaption><\/figcaption><\/figure>","protected":false},"excerpt":{"rendered":"<p>Boas not\u00edcias, concurseiros! Foi enviado ao governador do estado o plano de cargos e sal\u00e1rios que beneficiar\u00e1 a realiza\u00e7\u00e3o de um novo concurso Detran RJ. Ademais, vale destacar que o \u00f3rg\u00e3o conta atualmente com mais de 2 mil cargos vagos. Sendo assim, o plano de cargos e sal\u00e1rios do Departamento de Tr\u00e2nsito do Estado do [&hellip;]<\/p>\n","protected":false},"author":54674,"featured_media":163188,"comment_status":"closed","ping_status":"closed","sticky":false,"template":"","format":"standard","meta":{"_acf_changed":false,"footnotes":"","_wp_rev_ctl_limit":""},"categories":[228],"tags":[],"class_list":["post-163195","post","type-post","status-publish","format-standard","has-post-thumbnail","hentry","category-noticias"],"acf":[],"_links":{"self":[{"href":"https:\/\/www.novaconcursos.com.br\/portal\/wp-json\/wp\/v2\/posts\/163195","targetHints":{"allow":["GET"]}}],"collection":[{"href":"https:\/\/www.novaconcursos.com.br\/portal\/wp-json\/wp\/v2\/posts"}],"about":[{"href":"https:\/\/www.novaconcursos.com.br\/portal\/wp-json\/wp\/v2\/types\/post"}],"author":[{"embeddable":true,"href":"https:\/\/www.novaconcursos.com.br\/portal\/wp-json\/wp\/v2\/users\/54674"}],"replies":[{"embeddable":true,"href":"https:\/\/www.novaconcursos.com.br\/portal\/wp-json\/wp\/v2\/comments?post=163195"}],"version-history":[{"count":7,"href":"https:\/\/www.novaconcursos.com.br\/portal\/wp-json\/wp\/v2\/posts\/163195\/revisions"}],"predecessor-version":[{"id":297997,"href":"https:\/\/www.novaconcursos.com.br\/portal\/wp-json\/wp\/v2\/posts\/163195\/revisions\/297997"}],"wp:featuredmedia":[{"embeddable":true,"href":"https:\/\/www.novaconcursos.com.br\/portal\/wp-json\/wp\/v2\/media\/163188"}],"wp:attachment":[{"href":"https:\/\/www.novaconcursos.com.br\/portal\/wp-json\/wp\/v2\/media?parent=163195"}],"wp:term":[{"taxonomy":"category","embeddable":true,"href":"https:\/\/www.novaconcursos.com.br\/portal\/wp-json\/wp\/v2\/categories?post=163195"},{"taxonomy":"post_tag","embeddable":true,"href":"https:\/\/www.novaconcursos.com.br\/portal\/wp-json\/wp\/v2\/tags?post=163195"}],"curies":[{"name":"wp","href":"https:\/\/api.w.org\/{rel}","templated":true}]}}