{"id":163265,"date":"2022-06-20T11:21:19","date_gmt":"2022-06-20T14:21:19","guid":{"rendered":"https:\/\/www.novaconcursos.com.br\/portal\/?p=163265"},"modified":"2022-06-20T11:21:25","modified_gmt":"2022-06-20T14:21:25","slug":"concurso-ceeteps-sp-edital-no-segundo-semestre","status":"publish","type":"post","link":"https:\/\/www.novaconcursos.com.br\/portal\/noticias\/concurso-ceeteps-sp-edital-no-segundo-semestre\/","title":{"rendered":"Concurso Ceeteps SP: Edital no segundo semestre, afirma governador!"},"content":{"rendered":"<p>Aten\u00e7\u00e3o, concurseiros! Um novo\u00a0<a href=\"https:\/\/www.novaconcursos.com.br\/portal\/concursos\/concurso-ceeteps-sp\/\">concurso Ceeteps SP<\/a>\u00a0(Centro Estadual de Educa\u00e7\u00e3o Tecnol\u00f3gica Paula Souza) pode ocorrer\u00a0<strong>em breve. <\/strong>De acordo com o governador Rodrigo Garcia, o documento sai no segundo semestre<strong>. Ser\u00e3o mais de 2 mil vagas!<\/strong><\/p>\n\n\n\n<ul class=\"wp-block-list\"><li><strong>Confira:<\/strong>\u00a0<a rel=\"noreferrer noopener\" aria-label=\" (abre numa nova aba)\" href=\"https:\/\/www.novaconcursos.com.br\/eventos\/raciocinio-logico-concursos\/\" target=\"_blank\">Guia Racioc\u00ednio L\u00f3gico para Concursos (Gr\u00e1tis)<\/a><\/li><\/ul><p><\/p>\n\n\n\n<p>Estude para o concurso dos seus sonhos com a\u00a0<a rel=\"noreferrer noopener\" aria-label=\" (abre numa nova aba)\" href=\"https:\/\/www.novaconcursos.com.br\/eventos\/assinatura\" target=\"_blank\">Assinatura Completa da Nova<\/a>. Tenha acesso a Cursos, Plataforma de Quest\u00f5es, Eventos Exclusivos para Assinantes e Muito Mais!<\/p>\n\n\n\n<h2 class=\"wp-block-heading\" id=\"concurso-ceeteps-sp-edital-nos-prximos-meses\">Concurso Ceeteps SP: edital nos pr\u00f3ximos meses<\/h2>\n\n\n\n<p>Sendo assim, \u00e9 essencial que os concurseiros saibam que<strong>\u00a0em breve<\/strong>\u00a0poder\u00e1 ser realizado um novo concurso para o Centro Estadual de Educa\u00e7\u00e3o Tecnol\u00f3gica Paula Souza, de <a href=\"https:\/\/www.novaconcursos.com.br\/portal\/concursos-previstos\/sp\/\">S\u00e3o Paulo<\/a>.<\/p>\n\n\n\n<p>Assim, de acordo com o governador Rodrigo Garcia, o edital dever\u00e1 ser publicado no <strong>segundo semestre.<\/strong><\/p>\n\n\n\n<p>Al\u00e9m disso, ele ainda confirmou que as<strong> convoca\u00e7\u00f5es de aprovados<\/strong> devem ocorrer somente em 2023.\u00a0 <\/p>\n\n\n\n<p>Vale destacar que a sele\u00e7\u00e3o foi autorizada pelo chefe do estado no dia 14 de junho para preenchimento de <strong>2,7 mil vagas!<\/strong><\/p>\n\n\n\n<p><em>\u201cAutorizei a contrata\u00e7\u00e3o de 2,7 mil professores e servidores para as Fatecs e Etecs, que chegam para refor\u00e7ar a qualidade do servi\u00e7o prestado pelo Centro Paula Souza. Fiquem atentos ao processo seletivo que vai acontecer no segundo semestre e as contrata\u00e7\u00f5es ser\u00e3o feitas j\u00e1 em 2023\u201d<\/em>, disse Rodrigo Garcia.<\/p>\n\n\n\n<p>Ademais, de acordo com a diretora-superintendente do Centro Paula Souza, Laura Lagan\u00e1, os <strong>aprovados ter\u00e3o contrato por prazo indeterminado.<\/strong><\/p>\n\n\n\n<p><em>\u201cO concurso p\u00fablico \u00e9 mais uma importante medida para refor\u00e7ar o servi\u00e7o prestado pela institui\u00e7\u00e3o e aprimorar a qualidade do ensino oferecido aos jovens de diferentes localidades do Estado\u201d,<\/em> afirmou.<\/p>\n\n\n\n<p>\u00c9 igualmente essencial recordar que um edital para o \u00f3rg\u00e3o havia sido autorizado <strong>em maio de 2018<\/strong>\u00a0pelo governador M\u00e1rcio Fran\u00e7a.<\/p>\n\n\n\n<p>Assim, na \u00e9poca o aval era para<strong>\u00a0540 vagas.<\/strong>\u00a0Entretanto,\u00a0<strong>em 2019<\/strong>\u00a0o governador Jo\u00e3o Doria\u00a0<strong>suspendeu<\/strong>\u00a0a sele\u00e7\u00e3o.<\/p>\n\n\n\n<h3 class=\"wp-block-heading\">Distribui\u00e7\u00e3o das vagas<\/h3>\n\n\n\n<p>Ademais,<strong>\u00a0do total de 2.707 vagas,<\/strong> 887 ser\u00e3o para<strong>\u00a0n\u00edvel m\u00e9dio<\/strong>\u00a0e 1.820 para <strong>n\u00edvel superior.<\/strong> Sendo assim, confira a\u00a0<strong>distribui\u00e7\u00e3o<\/strong>:<\/p>\n\n\n\n<ul class=\"wp-block-list\"><li><strong>N\u00edvel M\u00e9dio<\/strong><ul><li>Agente T\u00e9cnico e Administrativo \u2013 887 vagas.<\/li><\/ul><\/li><li><strong>N\u00edvel Superior<\/strong><ul><li>Professor:<ul><li>de ensino m\u00e9dio e t\u00e9cnico \u2013 933 vagas;<\/li><li>de ensino superior \u2013 594 vagas;<\/li><\/ul><\/li><li>Suporte Educacional:<ul><li>Analista de Suporte e Gest\u00e3o \u2013 Bibliotec\u00e1rio \u2013 227 vagas;<\/li><li>Especialista em Planejamento Educacional \u2013 06 vagas.<\/li><\/ul><\/li><\/ul><\/li><\/ul><p><\/p>\n\n\n\n<p>Al\u00e9m disso, vale destacar que os aprovados contar\u00e3o com<strong>\u00a0sal\u00e1rios<\/strong>\u00a0de\u00a0<strong>R$ 1.689,53<\/strong>\u00a0para n\u00edvel m\u00e9dio e<strong>\u00a0at\u00e9 R$ 6.826,00<\/strong>\u00a0para n\u00edvel superior.<\/p>\n\n\n\n<p>Por fim, \u00e9 essencial frisar que as demais\u00a0<strong>80 vagas <\/strong>autorizadas visam a convoca\u00e7\u00e3o dos\u00a0<strong>aprovados excedentes<\/strong>\u00a0em concursos ainda<strong>\u00a0vigentes,<\/strong> conforme a seguinte distribui\u00e7\u00e3o:<\/p>\n\n\n\n<ul class=\"wp-block-list\"><li>Professor de ensino m\u00e9dio e t\u00e9cnico \u2013 38 vagas;<\/li><li>Professor de ensino superior \u2013 42 vagas.<\/li><\/ul><p><\/p>\n\n\n\n<h2 class=\"wp-block-heading\" id=\"ltimo-concurso-ceeteps-sp-aconteceu-h-13-anos\">\u00daltimo concurso Ceeteps SP aconteceu h\u00e1 13 anos<\/h2>\n\n\n\n<p>Nesse sentido, \u00e9 essencial que os interessados no concurso da Ceeteps de <a href=\"https:\/\/www.novaconcursos.com.br\/portal\/concursos-abertos\/sp\/\">S\u00e3o Paulo<\/a>\u00a0<strong>iniciem sua prepara\u00e7\u00e3o<\/strong>\u00a0com base em<strong>\u00a0antigos editais<\/strong>.<\/p>\n\n\n\n<p>Dessa forma, o \u00faltimo certame aconteceu\u00a0<strong>em 2009,<\/strong>\u00a0quando foram ofertadas<strong> 1.781 vagas <\/strong>sob a organiza\u00e7\u00e3o da\u00a0<a rel=\"noreferrer noopener\" href=\"https:\/\/www.vunesp.com.br\/\" target=\"_blank\">Funda\u00e7\u00e3o Vunesp.<\/a>\u00a0<\/p>\n\n\n\n<p>Al\u00e9m disso, o certame contou com\u00a0<strong>52.037 candidatos inscritos,<\/strong>\u00a0que foram avaliados por meio de\u00a0<strong>provas objetivas<\/strong>.<\/p>\n\n\n\n<p>Assim, elas contaram com\u00a0<strong>50 quest\u00f5es<\/strong>\u00a0de m\u00faltipla escolha acerca dos conte\u00fados de Conhecimentos Gerais, Conhecimentos Espec\u00edficos e L\u00edngua Portuguesa.<\/p>\n\n\n\n<p>Posteriormente, a\u00a0<strong>lota\u00e7\u00e3o dos aprovados<\/strong> aconteceu em uma s\u00e9rie de munic\u00edpios do estado, sendo:<\/p>\n\n\n\n<ul class=\"wp-block-list\"><li>Ara\u00e7atuba, Ilha Solteira, Santos, S\u00e3o Vicente, Barretos, Bauru, Campinas, Rio Claro, S\u00e3o Carlos, Araraquara, Franca, Mar\u00edlia, Assis, Ourinhos, Tup\u00e3, Presidente Prudente, Dracena, Iguape, Ribeir\u00e3o Preto, Jaboticabal, S\u00e3o Jos\u00e9 do Rio Preto, S\u00e3o Jos\u00e9 dos Campos, Guaratinguet\u00e1, Guarulhos, Osasco, Franco da Rocha, Mogi das Cruzes, S\u00e3o Bernardo do Campo, Sorocaba, Botucatu e Itapeva.<\/li><\/ul><p><\/p>\n\n\n\n<figure class=\"wp-block-image size-large\"><a href=\"https:\/\/www.novaconcursos.com.br\/eventos\/assinatura\" target=\"_blank\" rel=\"noreferrer noopener\"><img decoding=\"async\" src=\"https:\/\/www.novaconcursos.com.br\/portal\/wp-content\/uploads\/2022\/01\/Faixa-Frete-Gr%E2%80%A0tis-portal.png\" alt=\"assinatura completa\" class=\"wp-image-153078\" loading=\"lazy\" title=\"\"><\/a><figcaption><\/figcaption><\/figure>","protected":false},"excerpt":{"rendered":"<p>Aten\u00e7\u00e3o, concurseiros! Um novo\u00a0concurso Ceeteps SP\u00a0(Centro Estadual de Educa\u00e7\u00e3o Tecnol\u00f3gica Paula Souza) pode ocorrer\u00a0em breve. De acordo com o governador Rodrigo Garcia, o documento sai no segundo semestre. Ser\u00e3o mais de 2 mil vagas! Confira:\u00a0Guia Racioc\u00ednio L\u00f3gico para Concursos (Gr\u00e1tis) Estude para o concurso dos seus sonhos com a\u00a0Assinatura Completa da Nova. Tenha acesso a [&hellip;]<\/p>\n","protected":false},"author":54671,"featured_media":162990,"comment_status":"closed","ping_status":"closed","sticky":false,"template":"","format":"standard","meta":{"_acf_changed":false,"footnotes":"","_wp_rev_ctl_limit":""},"categories":[228],"tags":[],"class_list":["post-163265","post","type-post","status-publish","format-standard","has-post-thumbnail","hentry","category-noticias"],"acf":[],"_links":{"self":[{"href":"https:\/\/www.novaconcursos.com.br\/portal\/wp-json\/wp\/v2\/posts\/163265","targetHints":{"allow":["GET"]}}],"collection":[{"href":"https:\/\/www.novaconcursos.com.br\/portal\/wp-json\/wp\/v2\/posts"}],"about":[{"href":"https:\/\/www.novaconcursos.com.br\/portal\/wp-json\/wp\/v2\/types\/post"}],"author":[{"embeddable":true,"href":"https:\/\/www.novaconcursos.com.br\/portal\/wp-json\/wp\/v2\/users\/54671"}],"replies":[{"embeddable":true,"href":"https:\/\/www.novaconcursos.com.br\/portal\/wp-json\/wp\/v2\/comments?post=163265"}],"version-history":[{"count":4,"href":"https:\/\/www.novaconcursos.com.br\/portal\/wp-json\/wp\/v2\/posts\/163265\/revisions"}],"predecessor-version":[{"id":163269,"href":"https:\/\/www.novaconcursos.com.br\/portal\/wp-json\/wp\/v2\/posts\/163265\/revisions\/163269"}],"wp:featuredmedia":[{"embeddable":true,"href":"https:\/\/www.novaconcursos.com.br\/portal\/wp-json\/wp\/v2\/media\/162990"}],"wp:attachment":[{"href":"https:\/\/www.novaconcursos.com.br\/portal\/wp-json\/wp\/v2\/media?parent=163265"}],"wp:term":[{"taxonomy":"category","embeddable":true,"href":"https:\/\/www.novaconcursos.com.br\/portal\/wp-json\/wp\/v2\/categories?post=163265"},{"taxonomy":"post_tag","embeddable":true,"href":"https:\/\/www.novaconcursos.com.br\/portal\/wp-json\/wp\/v2\/tags?post=163265"}],"curies":[{"name":"wp","href":"https:\/\/api.w.org\/{rel}","templated":true}]}}