{"id":163360,"date":"2022-06-21T11:29:15","date_gmt":"2022-06-21T14:29:15","guid":{"rendered":"https:\/\/www.novaconcursos.com.br\/portal\/?p=163360"},"modified":"2022-06-21T16:09:01","modified_gmt":"2022-06-21T19:09:01","slug":"concurso-trt-mt-edital-ate-30-06-informa-diretor-geral","status":"publish","type":"post","link":"https:\/\/www.novaconcursos.com.br\/portal\/noticias\/concurso-trt-mt-edital-ate-30-06-informa-diretor-geral\/","title":{"rendered":"Concurso TRT MT: Edital at\u00e9 30\/06, informa diretor-geral!"},"content":{"rendered":"<p>Aten\u00e7\u00e3o concurseiros! O edital do\u00a0<a href=\"https:\/\/www.novaconcursos.com.br\/portal\/concursos\/concurso-trt-23\/\">concurso TRT MT \u2013 23\u00aa regi\u00e3o<\/a>\u00a0(Tribunal Regional do Trabalho do Mato Grosso) deve ser publicado\u00a0<strong>at\u00e9 o dia 30 de junho<\/strong>, segundo informou o diretor-geral do \u00f3rg\u00e3o. Ser\u00e3o <strong>2 vagas imediatas<\/strong>, al\u00e9m da forma\u00e7\u00e3o de um cadastro reserva. <\/p>\n\n\n\n<ul class=\"wp-block-list\"><li><strong>Confira:<\/strong><a href=\"https:\/\/www.novaconcursos.com.br\/livro-impresso\/questoes-a-trt-tribunal-regional-trabalho?q=TRT\" target=\"_blank\" rel=\"noreferrer noopener\" aria-label=\" (abre numa nova aba)\">\u00a0Livro de Quest\u00f5es Comentadas TRT<\/a> <\/li><\/ul><p><\/p>\n\n\n\n<p>Estude para o concurso dos seus sonhos com a\u00a0<a rel=\"noreferrer noopener\" aria-label=\" (abre numa nova aba)\" href=\"https:\/\/www.novaconcursos.com.br\/eventos\/assinatura\" target=\"_blank\">Assinatura Completa da Nova<\/a>. Tenha acesso a Cursos, Plataforma de Quest\u00f5es, Eventos Exclusivos para Assinantes e Muito Mais!<\/p>\n\n\n\n<h2 class=\"wp-block-heading\" id=\"concurso-trt-mt-edital-ainda-em-junho\">Concurso TRT MT: edital ainda em junho<\/h2>\n\n\n\n<p>Portanto, o edital do novo concurso do Tribunal Regional do Trabalho do <a href=\"https:\/\/www.novaconcursos.com.br\/portal\/concursos-previstos\/mt\/\">Mato Grosso<\/a>\u00a0(23\u00aa regi\u00e3o)\u00a0<strong>ser\u00e1 publicado em breve<\/strong>, como previsto anteriormente. <\/p>\n\n\n\n<p>Assim, segundo o diretor-geral, Marlon Rocha, o documento dever\u00e1 ser publicado <strong>at\u00e9 o dia 30 de junho.<\/strong><\/p>\n\n\n\n<p>Al\u00e9m disso, j\u00e1 se sabe que ser\u00e3o ofertadas<strong> 2 vagas imediatas<\/strong>, al\u00e9m de oportunidades para forma\u00e7\u00e3o de um cadastro reserva. <\/p>\n\n\n\n<p>Ademais, ainda de acordo com o diretor-geral, as<strong> provas devem ser aplicadas em setembro<\/strong> e as nomea\u00e7\u00f5es podem ocorrer ainda em 2022.<\/p>\n\n\n\n<p>Vale destacar que a\u00a0<strong>Funda\u00e7\u00e3o Carlos<\/strong>\u00a0<strong>Chagas<\/strong>\u00a0(<strong>FCC<\/strong>) foi confirmada e contratada como banca organizadora da sele\u00e7\u00e3o.<\/p>\n\n\n\n<h3 class=\"wp-block-heading\">Vagas previstas <\/h3>\n\n\n\n<p>Portanto, o TRT do <a href=\"https:\/\/www.novaconcursos.com.br\/portal\/concursos-abertos\/mt\/\">Mato Grosso<\/a> informou, ainda, que ser\u00e3o ofertadas vagas para os cargos de\u00a0<strong>Analista Judici\u00e1rio e T\u00e9cnico Judici\u00e1rio.<\/strong><\/p>\n\n\n\n<p>Atualmente o \u00f3rg\u00e3o conta com\u00a0<strong>32 cargos vagos,<\/strong>\u00a0sendo 25 para T\u00e9cnicos e 07 para Analistas.<\/p>\n\n\n\n<p>Sendo assim, confira as poss\u00edveis\u00a0<strong>especialidades<\/strong>\u00a0a serem contempladas no pr\u00f3ximo edital:<\/p>\n\n\n\n<ul class=\"wp-block-list\"><li><strong>T\u00e9cnico Judici\u00e1rio<\/strong><ul><li>Apoio Especializado \u2013 Tecnologia da Informa\u00e7\u00e3o;<\/li><li>Apoio Especializado \u2013 Enfermagem do Trabalho; e<\/li><li>\u00c1rea Administrativa.<\/li><\/ul><\/li><li><strong>Analista Judici\u00e1rio<\/strong><ul><li>\u00c1rea:<ul><li>Judici\u00e1ria;<\/li><li>Judici\u00e1ria \u2013 Oficial de Justi\u00e7a;<\/li><li>Administrativa;<\/li><li>Administrativa \u2013 Contabilidade;<\/li><\/ul><\/li><li>\u00c1rea Apoio Especializado:<ul><li>Tecnologia da Informa\u00e7\u00e3o;<\/li><li>Biblioteconomia;<\/li><li>Enfermagem do Trabalho;<\/li><li>Engenharia Mec\u00e2nica;<\/li><li>Engenharia El\u00e9trica;<\/li><li>Estat\u00edstica;<\/li><li>Fisioterapia;<\/li><li>Medicina Psiquiatria;<\/li><li>Medicina do Trabalho;<\/li><li>Odontologia;<\/li><li>Psicologia; e<\/li><li>Servi\u00e7o Social.<\/li><\/ul><\/li><\/ul><\/li><\/ul><p><\/p>\n\n\n\n<p>Ademais, os aprovados poder\u00e3o contar com\u00a0<strong>sal\u00e1rios<\/strong>\u00a0que variam entre\u00a0<strong>R$ 3.163,07<\/strong>\u00a0para n\u00edvel m\u00e9dio e\u00a0<strong>R$ 5.189,71<\/strong>\u00a0para n\u00edvel superior.<\/p>\n\n\n\n<p>Entretanto, os contratados no cargo de\u00a0<strong>T\u00e9cnico<\/strong>\u00a0ainda receber\u00e3o\u00a0<strong>R$ 4.428,30<\/strong>\u00a0Gratifica\u00e7\u00e3o por Atividade Jur\u00eddica (GAJ).<\/p>\n\n\n\n<p>Por outro lado, os contratados para\u00a0<strong>Analista<\/strong>\u00a0contar\u00e3o com mais\u00a0<strong>R$ 7.265,59<\/strong>\u00a0da gratifica\u00e7\u00e3o.<\/p>\n\n\n\n<p><em>\u201cO Conselho Superior da Justi\u00e7a do Trabalho (CSJT) autorizou a realiza\u00e7\u00e3o de concursos p\u00fablicos para reposi\u00e7\u00e3o de vagas nos tribunais regionais do trabalho em 2022. Nesse novo contexto, a administra\u00e7\u00e3o do Tribunal Regional do Trabalho da 23\u00aa Regi\u00e3o (TRT\/MT) pretende realizar concurso para servidores efetivos, tendo em vista a expira\u00e7\u00e3o do \u00faltimo em 14.04.2022\u201d.<\/em><\/p>\n\n\n\n<h2 class=\"wp-block-heading\" id=\"ltimo-concurso-trt-mt-23-regio\">\u00daltimo concurso TRT MT \u2013 23\u00aa regi\u00e3o<\/h2>\n\n\n\n<p>Portanto, enquanto mais detalhes da sele\u00e7\u00e3o\u00a0n\u00e3o s\u00e3o divulgados, \u00e9 essencial que os concurseiros\u00a0<strong>iniciem sua prepara\u00e7\u00e3o<\/strong>\u00a0com base em\u00a0<strong>antigos editais<\/strong>\u00a0publicados pelo \u00f3rg\u00e3o.<\/p>\n\n\n\n<p>Dessa forma, o \u00faltimo concurso TRT MT foi realizado\u00a0<strong>em 2015,<\/strong>\u00a0quando foram ofertadas\u00a0<strong>16 oportunidades imediatas<\/strong>.<\/p>\n\n\n\n<p>Al\u00e9m disso, tamb\u00e9m tiveram vagas para a forma\u00e7\u00e3o de\u00a0<strong>cadastro reserva,<\/strong> entre os cargos de\u00a0<strong>T\u00e9cnico e Analista\u00a0<\/strong>Judici\u00e1rio.<\/p>\n\n\n\n<p>Ademais, os inscritos foram avaliados por meio de\u00a0<strong>provas objetivas e discursivas.<\/strong>\u00a0<\/p>\n\n\n\n<p>Assim, a primeira etapa foi aplicada com\u00a0<strong>60 quest\u00f5es<\/strong>\u00a0de m\u00faltipla escolha acerca de conte\u00fados de\u00a0<strong>Conhecimentos B\u00e1sicos e Espec\u00edficos.<\/strong><\/p>\n\n\n\n<p>Por outro lado, para a\u00a0<strong>prova discursiva<\/strong>\u00a0os inscritos na sele\u00e7\u00e3o elaboraram uma<strong>\u00a0reda\u00e7\u00e3o<\/strong>\u00a0acerca do tema informado no momento da prova.<\/p>\n\n\n\n<figure class=\"wp-block-image size-large\"><a href=\"https:\/\/www.novaconcursos.com.br\/eventos\/assinatura\" target=\"_blank\" rel=\"noreferrer noopener\"><img decoding=\"async\" src=\"https:\/\/www.novaconcursos.com.br\/portal\/wp-content\/uploads\/2022\/01\/Faixa-Frete-Gr%E2%80%A0tis-portal.png\" alt=\"assinatura completa\" class=\"wp-image-153078\" loading=\"lazy\" title=\"\"><\/a><figcaption><\/figcaption><\/figure>","protected":false},"excerpt":{"rendered":"<p>Aten\u00e7\u00e3o concurseiros! O edital do\u00a0concurso TRT MT \u2013 23\u00aa regi\u00e3o\u00a0(Tribunal Regional do Trabalho do Mato Grosso) deve ser publicado\u00a0at\u00e9 o dia 30 de junho, segundo informou o diretor-geral do \u00f3rg\u00e3o. Ser\u00e3o 2 vagas imediatas, al\u00e9m da forma\u00e7\u00e3o de um cadastro reserva. Confira:\u00a0Livro de Quest\u00f5es Comentadas TRT Estude para o concurso dos seus sonhos com a\u00a0Assinatura [&hellip;]<\/p>\n","protected":false},"author":54671,"featured_media":161389,"comment_status":"closed","ping_status":"closed","sticky":false,"template":"","format":"standard","meta":{"_acf_changed":false,"footnotes":"","_wp_rev_ctl_limit":""},"categories":[228],"tags":[],"class_list":["post-163360","post","type-post","status-publish","format-standard","has-post-thumbnail","hentry","category-noticias"],"acf":[],"_links":{"self":[{"href":"https:\/\/www.novaconcursos.com.br\/portal\/wp-json\/wp\/v2\/posts\/163360","targetHints":{"allow":["GET"]}}],"collection":[{"href":"https:\/\/www.novaconcursos.com.br\/portal\/wp-json\/wp\/v2\/posts"}],"about":[{"href":"https:\/\/www.novaconcursos.com.br\/portal\/wp-json\/wp\/v2\/types\/post"}],"author":[{"embeddable":true,"href":"https:\/\/www.novaconcursos.com.br\/portal\/wp-json\/wp\/v2\/users\/54671"}],"replies":[{"embeddable":true,"href":"https:\/\/www.novaconcursos.com.br\/portal\/wp-json\/wp\/v2\/comments?post=163360"}],"version-history":[{"count":9,"href":"https:\/\/www.novaconcursos.com.br\/portal\/wp-json\/wp\/v2\/posts\/163360\/revisions"}],"predecessor-version":[{"id":163407,"href":"https:\/\/www.novaconcursos.com.br\/portal\/wp-json\/wp\/v2\/posts\/163360\/revisions\/163407"}],"wp:featuredmedia":[{"embeddable":true,"href":"https:\/\/www.novaconcursos.com.br\/portal\/wp-json\/wp\/v2\/media\/161389"}],"wp:attachment":[{"href":"https:\/\/www.novaconcursos.com.br\/portal\/wp-json\/wp\/v2\/media?parent=163360"}],"wp:term":[{"taxonomy":"category","embeddable":true,"href":"https:\/\/www.novaconcursos.com.br\/portal\/wp-json\/wp\/v2\/categories?post=163360"},{"taxonomy":"post_tag","embeddable":true,"href":"https:\/\/www.novaconcursos.com.br\/portal\/wp-json\/wp\/v2\/tags?post=163360"}],"curies":[{"name":"wp","href":"https:\/\/api.w.org\/{rel}","templated":true}]}}