{"id":163373,"date":"2022-06-21T11:57:59","date_gmt":"2022-06-21T14:57:59","guid":{"rendered":"https:\/\/www.novaconcursos.com.br\/portal\/?p=163373"},"modified":"2022-06-21T15:58:56","modified_gmt":"2022-06-21T18:58:56","slug":"concurso-sedf-edital-esta-previsto-ate-sexta","status":"publish","type":"post","link":"https:\/\/www.novaconcursos.com.br\/portal\/noticias\/concurso-sedf-edital-esta-previsto-ate-sexta\/","title":{"rendered":"Concurso SEDF: Edital est\u00e1 previsto at\u00e9 sexta (24\/06). 4.254 vagas!"},"content":{"rendered":"<p>Aten\u00e7\u00e3o concurseiros! O edital do\u00a0<a href=\"https:\/\/www.novaconcursos.com.br\/portal\/concursos\/concurso-sedf\/\">concurso SEDF<\/a>\u00a0est\u00e1\u00a0<strong>cada vez mais pr\u00f3ximo <\/strong>e deve ser publicado at\u00e9 sexta-feira, 24 de junho.\u00a0Ademais, vale recordar que o concurso ofertar\u00e1\u00a0<strong>4.254 oportunidades efetivas.<\/strong><\/p>\n\n\n\n<ul class=\"wp-block-list\"><li><strong>Confira:\u00a0<\/strong><a href=\"https:\/\/www.novaconcursos.com.br\/apostila\/see-df-prep-professor-nivel-iii?q=see\" target=\"_blank\" rel=\"noreferrer noopener\" aria-label=\" (abre numa nova aba)\">Apostila SEEDF 2022<\/a><\/li><\/ul><p><\/p>\n\n\n\n<p>Estude para o concurso dos seus sonhos com a\u00a0<a rel=\"noreferrer noopener\" aria-label=\" (abre numa nova aba)\" href=\"https:\/\/aprovacao.novaconcursos.com.br\/assinatura\" target=\"_blank\">Assinatura Completa da Nova.<\/a>\u00a0Tenha acesso a\u00a0<strong>Cursos, Plataforma de Quest\u00f5es, Eventos Exclusivos<\/strong>\u00a0para Assinantes e Muito Mais!<\/p>\n\n\n\n<h2 class=\"wp-block-heading\" id=\"concurso-sedf-edital-at-o-fim-desta-semana\">Concurso SEDF: edital at\u00e9 o fim desta semana<\/h2>\n\n\n\n<p>Anteriormente, a secret\u00e1ria H\u00e9lvia Paranagu\u00e1 havia dito que o edital do concurso da Secretaria de Educa\u00e7\u00e3o do\u00a0<a href=\"https:\/\/www.novaconcursos.com.br\/portal\/concursos-previstos\/df\/\">Distrito Federal<\/a>\u00a0seria divulgado\u00a0<strong>at\u00e9 julho.<\/strong><\/p>\n\n\n\n<p>Mas, o documento, que vem sendo muito aguardado, pode ser <strong>publicado at\u00e9 a pr\u00f3xima sexta-feira,<\/strong> 24 de junho.<\/p>\n\n\n\n<p>Vale destacar que o documento j\u00e1 deveria ter sido lan\u00e7ado, mas precisou de alguns <strong>ajustes pontuais <\/strong>antes de sair.<\/p>\n\n\n\n<p>Vale lembrar que a sele\u00e7\u00e3o ser\u00e1 organizada pelo <strong>Instituto Quadrix,<\/strong> que foi confirmada em publica\u00e7\u00e3o no Di\u00e1rio Oficial.<\/p>\n\n\n\n<h3 class=\"wp-block-heading\">Suposto edital vazado foi negado<\/h3>\n\n\n\n<p>Os concurseiros <strong>tiveram uma surpresa<\/strong> nesta segunda-feira (20\/6), quando um suposto edital do concurso SEDF foi publicado.<\/p>\n\n\n\n<p>Constando em data de 21 de junho de 2022, o<strong> documento apresenta muitos erros <\/strong>de digita\u00e7\u00e3o e formata\u00e7\u00e3o, o que causou suspei\u00e7\u00e3o.<\/p>\n\n\n\n<p>Sendo assim, em nota, a Secretaria de Educa\u00e7\u00e3o do<a href=\"https:\/\/www.novaconcursos.com.br\/portal\/concursos-abertos\/df\/\"> Distrito Federal <\/a>confirmou que o <strong>documento n\u00e3o \u00e9 ver\u00eddico<\/strong> e alertou os concurseiros!<\/p>\n\n\n\n<p><em>\u201cA Secretaria de Educa\u00e7\u00e3o do Distrito Federal (SEDF) alerta que o suposto edital de concurso p\u00fablico disponibilizado nas redes sociais nesta segunda-feira (20\/6) \u00e9 falso. A SEDF refor\u00e7a que o edital oficial ser\u00e1 publicado no Di\u00e1rio Oficial do Distrito Federal (DODF), \u00fanico meio oficial de comunica\u00e7\u00e3o para esses fins\u201d<\/em>, disse a nota.<\/p>\n\n\n\n<h2 class=\"wp-block-heading\" id=\"concurso-sedf-vagas-e-salrios-j-confirmados\">Concurso SEDF: vagas e sal\u00e1rios j\u00e1 confirmados?<\/h2>\n\n\n\n<p>Posteriormente, o novo concurso da Secretaria de Educa\u00e7\u00e3o do Distrito Federal pretende ofertar\u00a0<strong>4.254 vagas.<\/strong><\/p>\n\n\n\n<p>Entretanto, somente com o edital \u00e9 que o n\u00famero ser\u00e1 confirmado. Assim, ser\u00e3o oportunidades\u00a0<strong>entre imediatas e cadastro reserva<\/strong>. Portanto, confira a poss\u00edvel distribui\u00e7\u00e3o:<\/p>\n\n\n\n<ul class=\"wp-block-list\"><li><strong>Professor de Educa\u00e7\u00e3o B\u00e1sica:<\/strong>\u00a0776 vagas imediatas + 3.104 cadastro de reserva;<\/li><li><strong>Pedagogo-Orientador Educacional:<\/strong>\u00a020 vagas imediatas + 80 cadastro de reserva;<\/li><li><strong>Analista de Gest\u00e3o Educacional:<\/strong>\u00a016 vagas imediatas + 258 cadastro de reserva.<\/li><\/ul><p><\/p>\n\n\n\n<p>Al\u00e9m disso, o documento afirma que o provimento das carreiras ficar\u00e1 condicionado \u00e0\u00a0<strong>disponibilidade or\u00e7ament\u00e1ria e financeira<\/strong>\u00a0no exerc\u00edcio em que se der o ingresso.<\/p>\n\n\n\n<p>J\u00e1 em rela\u00e7\u00e3o aos sal\u00e1rios dos contratados, eles s\u00e3o entre\u00a0<strong>R$ 1.680 e R$ 6.619,20,<\/strong>\u00a0inicialmente.<\/p>\n\n\n\n<h3 class=\"wp-block-heading\">Etapas de avalia\u00e7\u00e3o<\/h3>\n\n\n\n<p>Ademais, os\u00a0<strong>inscritos\u00a0<\/strong>no concurso devem ser avaliados por\u00a0<strong>meio de tr\u00eas etapas<\/strong>! Portanto, confira:<\/p>\n\n\n\n<ul class=\"wp-block-list\"><li>Prova objetiva (eliminat\u00f3ria e classificat\u00f3ria)<\/li><li>Prova discursiva (eliminat\u00f3ria e classificat\u00f3ria)<\/li><li>Exame de T\u00edtulos (classificat\u00f3ria) apenas para o cargo de Professor<\/li><\/ul><p><\/p>\n\n\n\n<p>Assim, a\u00a0<strong>prova objetiva<\/strong>\u00a0ser\u00e1 composta por quest\u00f5es de conhecimentos gerais e espec\u00edficos. Sendo assim, confira:<\/p>\n\n\n\n<ul class=\"wp-block-list\"><li><strong>Conhecimentos b\u00e1sicos<\/strong><ul><li>L\u00edngua Portuguesa<\/li><li>Lei Org\u00e2nica do Distrito Federal<\/li><li>No\u00e7\u00f5es de Direito Administrativo<\/li><li>Bases legais e temas da educa\u00e7\u00e3o nacional e distrital<\/li><li>Atualidades<\/li><\/ul><\/li><li><strong>Conhecimentos complementares (N\u00edvel Superior)<\/strong><ul><li>Legisla\u00e7\u00e3o espec\u00edfica<\/li><li>Temas educacionais e pedag\u00f3gicos\u00a0<strong>(Magist\u00e9rio)<\/strong><\/li><\/ul><\/li><li><strong>Conhecimentos espec\u00edficos<\/strong><\/li><\/ul><p><\/p>\n\n\n\n<figure class=\"wp-block-image size-large\"><a href=\"https:\/\/aprovacao.novaconcursos.com.br\/assinatura\" target=\"_blank\" rel=\"noreferrer noopener\"><img decoding=\"async\" src=\"https:\/\/www.novaconcursos.com.br\/portal\/wp-content\/uploads\/2022\/01\/Faixa-Frete-Gr%E2%80%A0tis-portal.png\" alt=\"assinatura completa\" class=\"wp-image-153078\" loading=\"lazy\" title=\"\"><\/a><figcaption><\/figcaption><\/figure>","protected":false},"excerpt":{"rendered":"<p>Aten\u00e7\u00e3o concurseiros! O edital do\u00a0concurso SEDF\u00a0est\u00e1\u00a0cada vez mais pr\u00f3ximo e deve ser publicado at\u00e9 sexta-feira, 24 de junho.\u00a0Ademais, vale recordar que o concurso ofertar\u00e1\u00a04.254 oportunidades efetivas. Confira:\u00a0Apostila SEEDF 2022 Estude para o concurso dos seus sonhos com a\u00a0Assinatura Completa da Nova.\u00a0Tenha acesso a\u00a0Cursos, Plataforma de Quest\u00f5es, Eventos Exclusivos\u00a0para Assinantes e Muito Mais! Concurso SEDF: edital [&hellip;]<\/p>\n","protected":false},"author":54671,"featured_media":157383,"comment_status":"closed","ping_status":"closed","sticky":false,"template":"","format":"standard","meta":{"_acf_changed":false,"footnotes":"","_wp_rev_ctl_limit":""},"categories":[228],"tags":[],"class_list":["post-163373","post","type-post","status-publish","format-standard","has-post-thumbnail","hentry","category-noticias"],"acf":[],"_links":{"self":[{"href":"https:\/\/www.novaconcursos.com.br\/portal\/wp-json\/wp\/v2\/posts\/163373","targetHints":{"allow":["GET"]}}],"collection":[{"href":"https:\/\/www.novaconcursos.com.br\/portal\/wp-json\/wp\/v2\/posts"}],"about":[{"href":"https:\/\/www.novaconcursos.com.br\/portal\/wp-json\/wp\/v2\/types\/post"}],"author":[{"embeddable":true,"href":"https:\/\/www.novaconcursos.com.br\/portal\/wp-json\/wp\/v2\/users\/54671"}],"replies":[{"embeddable":true,"href":"https:\/\/www.novaconcursos.com.br\/portal\/wp-json\/wp\/v2\/comments?post=163373"}],"version-history":[{"count":6,"href":"https:\/\/www.novaconcursos.com.br\/portal\/wp-json\/wp\/v2\/posts\/163373\/revisions"}],"predecessor-version":[{"id":163400,"href":"https:\/\/www.novaconcursos.com.br\/portal\/wp-json\/wp\/v2\/posts\/163373\/revisions\/163400"}],"wp:featuredmedia":[{"embeddable":true,"href":"https:\/\/www.novaconcursos.com.br\/portal\/wp-json\/wp\/v2\/media\/157383"}],"wp:attachment":[{"href":"https:\/\/www.novaconcursos.com.br\/portal\/wp-json\/wp\/v2\/media?parent=163373"}],"wp:term":[{"taxonomy":"category","embeddable":true,"href":"https:\/\/www.novaconcursos.com.br\/portal\/wp-json\/wp\/v2\/categories?post=163373"},{"taxonomy":"post_tag","embeddable":true,"href":"https:\/\/www.novaconcursos.com.br\/portal\/wp-json\/wp\/v2\/tags?post=163373"}],"curies":[{"name":"wp","href":"https:\/\/api.w.org\/{rel}","templated":true}]}}