{"id":163431,"date":"2022-06-22T08:47:41","date_gmt":"2022-06-22T11:47:41","guid":{"rendered":"https:\/\/www.novaconcursos.com.br\/portal\/?p=163431"},"modified":"2022-06-22T15:59:45","modified_gmt":"2022-06-22T18:59:45","slug":"concurso-trt-tribunais-autonomia-escolha-cargos","status":"publish","type":"post","link":"https:\/\/www.novaconcursos.com.br\/portal\/noticias\/concurso-trt-tribunais-autonomia-escolha-cargos\/","title":{"rendered":"Concurso TRT: Tribunais ter\u00e3o autonomia para escolha de cargos. Entenda!"},"content":{"rendered":"<p>Atualiza\u00e7\u00f5es acerca do <a href=\"https:\/\/www.novaconcursos.com.br\/portal\/concursos-abertos\/nacional\/\">concurso TRT!<\/a> Ap\u00f3s <strong>parecer favor\u00e1vel<\/strong> por parte do CSJT, os Tribunais possuem agora<strong> autonomia <\/strong>para determinar os <strong>cargos a serem ofertados <\/strong>em suas novas sele\u00e7\u00f5es. <\/p>\n\n\n\n<p>Ademais, vale recordar que anteriormente os editais ofertariam vagas apenas para a \u00e1rea da <strong>Tecnologia da Informa\u00e7\u00e3o.<\/strong><\/p>\n\n\n\n<ul class=\"wp-block-list\"><li><strong>Confira: <\/strong><a href=\"https:\/\/www.novaconcursos.com.br\/livro-impresso\/questoes-a-trt-tribunal-regional-trabalho?q=TRT\" target=\"_blank\" rel=\"noreferrer noopener\" aria-label=\" (abre numa nova aba)\">Livro de Quest\u00f5es Comentadas TRT <\/a><\/li><\/ul><p><\/p>\n\n\n\n<p>Sendo assim, o Conselho Superior da Justi\u00e7a do Trabalho <strong>autorizou a autonomia<\/strong> dos Tribunais Regionais do Trabalho ao redor do pa\u00eds para escolher os <strong>cargos a serem ofertados <\/strong>nos novos concursos p\u00fablicos. Ademais, \u00e9 importante recordar que algumas regi\u00f5es j\u00e1 possuem <strong>editais publicados.<\/strong><\/p>\n\n\n\n<p>Al\u00e9m disso, vale recordar que as novas sele\u00e7\u00f5es s\u00e3o poss\u00edveis gra\u00e7as ao <strong>aval emitido pelo CSJT, <\/strong>que autoriza que todos os \u00f3rg\u00e3os, de todas as regi\u00f5es do pa\u00eds, realizem novo concurso para <strong>preenchimento de seus cargos vagos. <\/strong>Portanto, confira maiores detalhes abaixo!<\/p>\n\n\n\n<p>Estude para o concurso dos seus sonhos com a <a rel=\"noreferrer noopener\" aria-label=\"Assinatura Completa da Nova. (abre numa nova aba)\" href=\"https:\/\/aprovacao.novaconcursos.com.br\/assinatura\" target=\"_blank\">Assinatura Completa da Nova.<\/a> Tenha acesso a <strong>Cursos, Plataforma de Quest\u00f5es, Eventos Exclusivos <\/strong>para Assinantes e Muito Mais!<\/p>\n\n\n\n<h2 class=\"wp-block-heading\" id=\"concurso-trt-autonomia-dos-tribunais\"><strong>Concurso TRT: autonomia dos Tribunais<\/strong><\/h2>\n\n\n\n<p>Assim, antes de mais nada \u00e9 essencial lembrar que h\u00e1 pouco tempo o CSJT concedeu aval para que <strong>todos os Tribunais Regionais do Trabalho<\/strong> do pa\u00eds realizassem novos<strong> concursos p\u00fablicos.<\/strong><\/p>\n\n\n\n<p>Ademais, o \u00f3rg\u00e3o tamb\u00e9m estipulou um prazo para que os TRT\u2019s que necessitassem de <strong>aporte financeiro <\/strong>enviassem suas solicita\u00e7\u00f5es, visto que alguns \u00f3rg\u00e3os<strong> n\u00e3o se programaram<\/strong> para tal gasto.<\/p>\n\n\n\n<p>\u00c9 igualmente essencial recordar, ainda, que o aval do Conselho Superior visava o preenchimento de cargos na \u00e1rea da<strong> Tecnologia da Informa\u00e7\u00e3o. <\/strong>Entretanto, a diretoria do Col\u00e9gio de Presidentes e Corregedores de TRTs (Coleprecor) solicitou a <strong>autonomia dos Tribunais,<\/strong> a fim de que <strong>escolham seus cargos.<\/strong><\/p>\n\n\n\n<p>Nesse sentido, recentemente o CSJT <strong>se mostrou favor\u00e1vel ao pedido <\/strong>e autorizou que tal autonomia aconte\u00e7a, de maneira que os \u00f3rg\u00e3os poder\u00e3o agora <strong>escolher os cargos <\/strong>a serem ofertados pelas <a href=\"https:\/\/www.novaconcursos.com.br\/portal\/concursos-previstos\/nacional\/\">sele\u00e7\u00f5es,<\/a> tendo em vista suas <strong>pr\u00f3prias necessidades.<\/strong><\/p>\n\n\n\n<p>Dessa forma, o Conselho solicita apenas que o <strong>quantitativo de vagas <\/strong>anteriormente estipulado seja <strong>mantido,<\/strong> para que n\u00e3o existam preju\u00edzos no planejamento de <strong>gastos.<\/strong><\/p>\n\n\n\n<h2 class=\"wp-block-heading\" id=\"oportunidades-previstas\"><strong>Oportunidades previstas<\/strong><\/h2>\n\n\n\n<p>Sendo assim, \u00e9 essencial recordar que o concurso TRT oferta, ao todo,<strong> 232 oportunidades <\/strong>entre uma s\u00e9rie de<strong> regi\u00f5es, <\/strong>sendo elas:<\/p>\n\n\n\n<ul class=\"wp-block-list\"><li>3\u00aa regi\u00e3o \u2013 Minas Gerais;<\/li><li>4\u00aa regi\u00e3o \u2013 Rio Grande do Sul;<\/li><li>5\u00aa Regi\u00e3o \u2013 Bahia;<\/li><li>8\u00aa Regi\u00e3o \u2013 Par\u00e1 e Amap\u00e1;<\/li><li>9\u00aa Regi\u00e3o \u2013 Paran\u00e1;<\/li><li>10\u00aa Regi\u00e3o \u2013 Distrito Federal e Tocantins;<\/li><li>13\u00aa Regi\u00e3o \u2013 Para\u00edba;<\/li><li>14\u00aa Regi\u00e3o \u2013 Rond\u00f4nia e Acre;<\/li><li>16\u00aa Regi\u00e3o \u2013 Maranh\u00e3o;<\/li><li>17\u00aa Regi\u00e3o \u2013 Esp\u00edrito Santo;<\/li><li>18\u00aa Regi\u00e3o \u2013 Goi\u00e1s;<\/li><li>19\u00aa Regi\u00e3o \u2013 Alagoas;<\/li><li>22\u00aa Regi\u00e3o \u2013 Piau\u00ed;<\/li><li>23\u00aa Regi\u00e3o \u2013 Mato Grosso.<\/li><\/ul><p><\/p>\n\n\n\n<p>Al\u00e9m disso, vale destacar que algumas das regi\u00f5es j\u00e1 contam com <strong>edital publicado, <\/strong>como \u00e9 o caso do <a href=\"https:\/\/www.novaconcursos.com.br\/portal\/concursos\/concurso-trt-pr\/\">TRT PR,<\/a> que tem inscri\u00e7\u00f5es abertas<strong> at\u00e9 12 de julho <\/strong>e oferece vagas para a forma\u00e7\u00e3o de cadastro reserva nos cargos de <strong>T\u00e9cnico e Analista,<\/strong> sendo:<\/p>\n\n\n\n<p><strong>T\u00e9cnico Judici\u00e1rio<\/strong><\/p>\n\n\n\n<ul class=\"wp-block-list\"><li>\u00c1rea Administrativa.<\/li><\/ul><p><\/p>\n\n\n\n<p><strong>Analista Judici\u00e1rio<\/strong><\/p>\n\n\n\n<ul class=\"wp-block-list\"><li>\u00c1rea:<ul><li>Judici\u00e1ria;<\/li><\/ul><ul><li>Judici\u00e1ria \u2013 Especialidade Oficial de Justi\u00e7a Avaliador Federal;<\/li><\/ul><ul><li>Administrativa \u2013 Especialidade: Contabilidade.<\/li><\/ul><\/li><\/ul><p><\/p>\n\n\n\n<p>Ademais, \u00e9 imprescind\u00edvel frisar que os <strong>sal\u00e1rios<\/strong> v\u00e3o de<strong> R$ 7.591,37 a R$ 14.271,70 <\/strong>para as jornadas de trabalho de <strong>40 horas semanais,<\/strong> e que os inscritos ser\u00e3o avaliados por meio de provas objetivas e discursivas no dia <strong>14 de agosto.<\/strong><\/p>\n\n\n\n<figure class=\"wp-block-image size-large\"><a href=\"https:\/\/aprovacao.novaconcursos.com.br\/assinatura\" target=\"_blank\" rel=\"noreferrer noopener\"><img decoding=\"async\" src=\"https:\/\/www.novaconcursos.com.br\/portal\/wp-content\/uploads\/2022\/01\/Faixa-Frete-Gr%E2%80%A0tis-portal.png\" alt=\"assinatura completa\" class=\"wp-image-153078\" loading=\"lazy\" title=\"\"><\/a><figcaption><\/figcaption><\/figure>","protected":false},"excerpt":{"rendered":"<p>Atualiza\u00e7\u00f5es acerca do concurso TRT! Ap\u00f3s parecer favor\u00e1vel por parte do CSJT, os Tribunais possuem agora autonomia para determinar os cargos a serem ofertados em suas novas sele\u00e7\u00f5es. Ademais, vale recordar que anteriormente os editais ofertariam vagas apenas para a \u00e1rea da Tecnologia da Informa\u00e7\u00e3o. Confira: Livro de Quest\u00f5es Comentadas TRT Sendo assim, o Conselho [&hellip;]<\/p>\n","protected":false},"author":54674,"featured_media":160607,"comment_status":"closed","ping_status":"closed","sticky":false,"template":"","format":"standard","meta":{"_acf_changed":false,"footnotes":"","_wp_rev_ctl_limit":""},"categories":[228],"tags":[],"class_list":["post-163431","post","type-post","status-publish","format-standard","has-post-thumbnail","hentry","category-noticias"],"acf":[],"_links":{"self":[{"href":"https:\/\/www.novaconcursos.com.br\/portal\/wp-json\/wp\/v2\/posts\/163431","targetHints":{"allow":["GET"]}}],"collection":[{"href":"https:\/\/www.novaconcursos.com.br\/portal\/wp-json\/wp\/v2\/posts"}],"about":[{"href":"https:\/\/www.novaconcursos.com.br\/portal\/wp-json\/wp\/v2\/types\/post"}],"author":[{"embeddable":true,"href":"https:\/\/www.novaconcursos.com.br\/portal\/wp-json\/wp\/v2\/users\/54674"}],"replies":[{"embeddable":true,"href":"https:\/\/www.novaconcursos.com.br\/portal\/wp-json\/wp\/v2\/comments?post=163431"}],"version-history":[{"count":6,"href":"https:\/\/www.novaconcursos.com.br\/portal\/wp-json\/wp\/v2\/posts\/163431\/revisions"}],"predecessor-version":[{"id":163505,"href":"https:\/\/www.novaconcursos.com.br\/portal\/wp-json\/wp\/v2\/posts\/163431\/revisions\/163505"}],"wp:featuredmedia":[{"embeddable":true,"href":"https:\/\/www.novaconcursos.com.br\/portal\/wp-json\/wp\/v2\/media\/160607"}],"wp:attachment":[{"href":"https:\/\/www.novaconcursos.com.br\/portal\/wp-json\/wp\/v2\/media?parent=163431"}],"wp:term":[{"taxonomy":"category","embeddable":true,"href":"https:\/\/www.novaconcursos.com.br\/portal\/wp-json\/wp\/v2\/categories?post=163431"},{"taxonomy":"post_tag","embeddable":true,"href":"https:\/\/www.novaconcursos.com.br\/portal\/wp-json\/wp\/v2\/tags?post=163431"}],"curies":[{"name":"wp","href":"https:\/\/api.w.org\/{rel}","templated":true}]}}