{"id":163545,"date":"2022-06-23T10:05:12","date_gmt":"2022-06-23T13:05:12","guid":{"rendered":"https:\/\/www.novaconcursos.com.br\/portal\/?p=163545"},"modified":"2022-06-24T15:44:07","modified_gmt":"2022-06-24T18:44:07","slug":"concurso-secont-es-novo-cronograma-inscricoes-reabertas","status":"publish","type":"post","link":"https:\/\/www.novaconcursos.com.br\/portal\/noticias\/concurso-secont-es-novo-cronograma-inscricoes-reabertas\/","title":{"rendered":"Concurso Secont ES: Novo cronograma. Inscri\u00e7\u00f5es reabertas a partir de sexta (24)!"},"content":{"rendered":"<p>Boa not\u00edcia, concurseiros! Ap\u00f3s ter as <strong>provas\u00a0<\/strong>adiadas, o <a href=\"https:\/\/www.novaconcursos.com.br\/portal\/concursos\/concurso-secont-es\/\">concurso Secont ES<\/a> ganhou um <strong>novo cronograma<\/strong> e reabrir\u00e1 as inscri\u00e7\u00f5es a partir desta sexta-feira (24). Saiba detalhes e n\u00e3o perca o prazo! S\u00e3o\u00a0<strong>12 vagas imediatas<\/strong>!<\/p>\n\n\n\n<ul class=\"wp-block-list\"><li><strong>Confira:\u00a0<\/strong><a href=\"https:\/\/www.novaconcursos.com.br\/livro-impresso\/questoes-comentadas-cespe?q=ces\" target=\"_blank\" rel=\"noreferrer noopener\" aria-label=\" (abre numa nova aba)\">Livro de Quest\u00f5es Comentadas Cebraspe <\/a><\/li><\/ul><p><\/p>\n\n\n\n<p>Estude para o concurso dos seus sonhos com a\u00a0<a rel=\"noreferrer noopener\" aria-label=\" (abre numa nova aba)\" href=\"https:\/\/www.novaconcursos.com.br\/eventos\/assinatura\" target=\"_blank\">Assinatura Completa da Nova<\/a>\u00a0. Tenha acesso a Cursos, Plataforma de Quest\u00f5es, Eventos Exclusivos para Assinantes e Muito Mais!<\/p>\n\n\n\n<h2 class=\"wp-block-heading\" id=\"concurso-secont-es-confira-o-novo-cronograma\">Concurso Secont ES: confira o novo cronograma<\/h2>\n\n\n\n<p>Um <strong>novo cronograma foi publicado<\/strong> nesta semana para o concurso da Secretaria de Estado de Controle e Transpar\u00eancia do\u00a0<a href=\"https:\/\/www.novaconcursos.com.br\/portal\/concursos-previstos\/es\/\">Esp\u00edrito Santo<\/a><strong>!<\/strong><\/p>\n\n\n\n<p>Recentemente, as <strong>provas objetivas <\/strong>que seriam aplicadas no dia 5 de junho foram adiadas. Com isso, o concurso estava <strong>paralisado <\/strong>desde o fim de maio.<\/p>\n\n\n\n<p>Sendo assim, agora foi divulgada a <strong>retifica\u00e7\u00e3o <\/strong>que altera <strong>sal\u00e1rios e requisitos<\/strong>, como previsto. Por isso o novo cronograma.<\/p>\n\n\n\n<p>Vale destacar que a retifica\u00e7\u00e3o e o novo cronograma est\u00e3o dispon\u00edveis no Di\u00e1rio Oficial desta quarta-feira (22), e constam no\u00a0<strong><a rel=\"noreferrer noopener\" href=\"https:\/\/www.cebraspe.org.br\/concursos\/secont_es_22\" target=\"_blank\">site do Cebraspe.<\/a><\/strong><\/p>\n\n\n\n<p>Portanto, os sal\u00e1rios foram alterados: antes eram\u00a0R$ 9.653,06 e\u00a0<strong>passaram para\u00a0R$ 13.568.\u00a0<\/strong>Tamb\u00e9m foi adicionado o<strong>\u00a0aux\u00edlio-alimenta\u00e7\u00e3o de R$300.<\/strong><\/p>\n\n\n\n<h3 class=\"wp-block-heading\">Inscri\u00e7\u00f5es at\u00e9 julho<\/h3>\n\n\n\n<p>Devido \u00e0s corre\u00e7\u00f5es no edital, as <strong>inscri\u00e7\u00f5es <\/strong>para a sele\u00e7\u00e3o <strong>ser\u00e3o reabertas <\/strong>nesta sexta-feira (24) e ficar\u00e3o dispon\u00edveis at\u00e9 \u00e0s 18h do dia 8 de julho.<\/p>\n\n\n\n<p>Assim, elas devem ser realizadas por meio do\u00a0<strong><a rel=\"noreferrer noopener\" href=\"https:\/\/www.cebraspe.org.br\/concursos\/secont_es_22\" target=\"_blank\">site da banca, o Cebraspe.<\/a><\/strong> A taxa de inscri\u00e7\u00e3o<strong> custar\u00e1 R$ 153 <\/strong>e o valor poder\u00e1 ser pago at\u00e9 o dia 28 de julho.<\/p>\n\n\n\n<h3 class=\"wp-block-heading\">Provas em agosto<\/h3>\n\n\n\n<p>Por fim, \u00e9 essencial recordar que os candidatos ser\u00e3o avaliados por meio de\u00a0<strong>tr\u00eas etapas avaliativas<\/strong>:\u00a0Prova Objetiva, Prova Discursiva e Avalia\u00e7\u00e3o de T\u00edtulos.<\/p>\n\n\n\n<p>Al\u00e9m disso, a prova objetiva ganhou uma nova data e ser\u00e1 aplicada no dia <strong>28 de agosto,<\/strong> em car\u00e1ter eliminat\u00f3rio e classificat\u00f3rio.<\/p>\n\n\n\n<p>Sendo assim, os inscritos dever\u00e3o responder a uma s\u00e9rie de quest\u00f5es de <strong>Conhecimentos B\u00e1sicos e Espec\u00edficos.<\/strong><\/p>\n\n\n\n<p>Ademais, para a etapa de\u00a0<strong>prova discursiva\u00a0<\/strong>os candidatos dever\u00e3o elaborar uma<strong>\u00a0reda\u00e7\u00e3o<\/strong>\u00a0cujo tema ser\u00e1 acerca dos Conhecimentos Especializados da carreira escolhida. O texto dever\u00e1 possuir entre\u00a0<strong>25 e 30 linhas.<\/strong><\/p>\n\n\n\n<h2 class=\"wp-block-heading\" id=\"concurso-secont-es-vagas-cargos-e-salrios\"><strong>Concurso Secont ES: vagas, cargos e sal\u00e1rios<\/strong><\/h2>\n\n\n\n<p>Portanto, o novo concurso da Secretaria de Controle e Transpar\u00eancia do\u00a0<a href=\"https:\/\/www.novaconcursos.com.br\/portal\/concursos-abertos\/es\/\">Esp\u00edrito Santo<\/a>\u00a0oferta\u00a0<strong>12 oportunidades imediatas<\/strong>.<\/p>\n\n\n\n<p>S\u00e3o vagas para o cargo de Auditor de Estado, de\u00a0<strong>n\u00edvel superior<\/strong>. Al\u00e9m disso, haver\u00e1 vagas tamb\u00e9m para forma\u00e7\u00e3o de\u00a0<strong>cadastro reserva.<\/strong><\/p>\n\n\n\n<p>Sendo assim, as oportunidades est\u00e3o\u00a0<strong>distribu\u00eddas\u00a0<\/strong>entre as seguintes\u00a0<strong>especialidades<\/strong>\u00a0do cargo:<\/p>\n\n\n\n<ul class=\"wp-block-list\"><li>Administra\u00e7\u00e3o \u2013 18 vagas CR;<\/li><li>Ci\u00eancias Cont\u00e1beis \u2013 05 imediatas + 24 CR;<\/li><li>Ci\u00eancias Econ\u00f4micas \u2013 04 vagas CR;<\/li><li>Engenharia Civil \u2013 04 imediatas + 20 CR;<\/li><li>Ci\u00eancias Jur\u00eddicas \u2013 18 vagas CR;<\/li><li>Tecnologia da Informa\u00e7\u00e3o \u2013 03 imediatas + 14 CR.<\/li><\/ul><p><\/p>\n\n\n\n<p>Ademais, de acordo com uma retifica\u00e7\u00e3o recente no edital, os<strong>\u00a0sal\u00e1rios\u00a0<\/strong>a serem recebidos pelos contratados s\u00e3o agora de\u00a0<strong>R$ 12.800,00<\/strong>.<\/p>\n\n\n\n<p>Isso sem incluir os\u00a0<strong>R$ 300,00\u00a0<\/strong>de aux\u00edlio alimenta\u00e7\u00e3o e outros\u00a0<strong>benef\u00edcios<\/strong> que possam vir a ser recebidos pelas jornadas de trabalho de<strong>\u00a040 horas semanais.<\/strong><\/p>\n\n\n\n<h2 class=\"wp-block-heading\" id=\"quais-so-os-requisitos-bsicos\">Quais s\u00e3o os requisitos b\u00e1sicos?<\/h2>\n\n\n\n<p>\u00c9 igualmente importante que os candidatos do concurso Secont ES saibam que, para a investidura nos cargos, dever\u00e3o cumprir com os\u00a0<strong>requisitos b\u00e1sicos<\/strong>\u00a0abaixo:<\/p>\n\n\n\n<ul class=\"wp-block-list\"><li>Ter a nacionalidade brasileira ou portuguesa e, no caso de nacionalidade portuguesa, estar amparado pelo Estatuto de Igualdade entre Brasileiros e Portugueses, com reconhecimento do gozo dos direitos pol\u00edticos, nos termos do \u00a7 1\u00ba do art. 12 da Constitui\u00e7\u00e3o Federal e na forma do disposto no art. 13 do Decreto n\u00ba 70.436, de 18 de abril de 1972. O mesmo se aplica a outros indiv\u00edduos naturalizados.<\/li><li>Estar em gozo dos direitos pol\u00edticos.<\/li><li>Estar quite com as obriga\u00e7\u00f5es militares, em caso de candidato do sexo masculino.<\/li><li>Ter idade m\u00ednima de 18 anos completos na data da posse.<\/li><li>Estar quite com as obriga\u00e7\u00f5es eleitorais.<\/li><li>Ter aptid\u00e3o f\u00edsica e mental para o exerc\u00edcio das atribui\u00e7\u00f5es do cargo\/especialidade, n\u00e3o sendo, inclusive, pessoa com defici\u00eancia incompat\u00edvel com as atribui\u00e7\u00f5es deste fato apurado pela per\u00edcia oficial do Poder Executivo.<\/li><li>Firmar declara\u00e7\u00e3o de n\u00e3o estar cumprindo e nem ter sofrido, no exerc\u00edcio da fun\u00e7\u00e3o p\u00fablica, penalidade por pr\u00e1tica de improbidade administrativa, aplicada por qualquer \u00f3rg\u00e3o p\u00fablico ou entidade da esfera federal, estadual ou municipal.<\/li><li>Apresentar declara\u00e7\u00e3o quanto ao exerc\u00edcio de outro(s) cargo(s), emprego(s) ou fun\u00e7\u00e3o(\u00f5es) p\u00fablica(s) e sobre recebimento de proventos decorrente de aposentadoria e pens\u00e3o.<\/li><li>Apresentar declara\u00e7\u00e3o de bens e valores que constituam patrim\u00f4nio.<\/li><li>Firmar declara\u00e7\u00e3o de n\u00e3o estar cumprindo san\u00e7\u00e3o por inidoneidade, aplicada por qualquer \u00f3rg\u00e3o p\u00fablico ou entidade da esfera federal, estadual ou municipal.<\/li><li>Ser considerado apto no exame admissional a ser realizado pela per\u00edcia oficial do Poder Executivo, mediante apresenta\u00e7\u00e3o de laudos, exames e declara\u00e7\u00e3o de sa\u00fade que forem exigidos.<\/li><li>Apresentar diploma de bacharelado ou licenciatura, devidamente registrado, de conclus\u00e3o de curso de n\u00edvel superior, devidamente reconhecido pela autoridade competente, comprovado por meio de apresenta\u00e7\u00e3o de original e c\u00f3pia.<\/li><\/ul><p><\/p>\n\n\n\n<figure class=\"wp-block-image size-large\"><a href=\"https:\/\/www.novaconcursos.com.br\/eventos\/assinatura\" target=\"_blank\" rel=\"noreferrer noopener\"><img decoding=\"async\" src=\"https:\/\/www.novaconcursos.com.br\/portal\/wp-content\/uploads\/2022\/01\/Faixa-Frete-Gr%E2%80%A0tis-portal.png\" alt=\"assinatura completa\" class=\"wp-image-153078\" loading=\"lazy\" title=\"\"><\/a><figcaption><\/figcaption><\/figure>","protected":false},"excerpt":{"rendered":"<p>Boa not\u00edcia, concurseiros! Ap\u00f3s ter as provas\u00a0adiadas, o concurso Secont ES ganhou um novo cronograma e reabrir\u00e1 as inscri\u00e7\u00f5es a partir desta sexta-feira (24). Saiba detalhes e n\u00e3o perca o prazo! S\u00e3o\u00a012 vagas imediatas! Confira:\u00a0Livro de Quest\u00f5es Comentadas Cebraspe Estude para o concurso dos seus sonhos com a\u00a0Assinatura Completa da Nova\u00a0. Tenha acesso a Cursos, [&hellip;]<\/p>\n","protected":false},"author":54671,"featured_media":157851,"comment_status":"closed","ping_status":"closed","sticky":false,"template":"","format":"standard","meta":{"_acf_changed":false,"footnotes":"","_wp_rev_ctl_limit":""},"categories":[228],"tags":[],"class_list":["post-163545","post","type-post","status-publish","format-standard","has-post-thumbnail","hentry","category-noticias"],"acf":[],"_links":{"self":[{"href":"https:\/\/www.novaconcursos.com.br\/portal\/wp-json\/wp\/v2\/posts\/163545","targetHints":{"allow":["GET"]}}],"collection":[{"href":"https:\/\/www.novaconcursos.com.br\/portal\/wp-json\/wp\/v2\/posts"}],"about":[{"href":"https:\/\/www.novaconcursos.com.br\/portal\/wp-json\/wp\/v2\/types\/post"}],"author":[{"embeddable":true,"href":"https:\/\/www.novaconcursos.com.br\/portal\/wp-json\/wp\/v2\/users\/54671"}],"replies":[{"embeddable":true,"href":"https:\/\/www.novaconcursos.com.br\/portal\/wp-json\/wp\/v2\/comments?post=163545"}],"version-history":[{"count":6,"href":"https:\/\/www.novaconcursos.com.br\/portal\/wp-json\/wp\/v2\/posts\/163545\/revisions"}],"predecessor-version":[{"id":163701,"href":"https:\/\/www.novaconcursos.com.br\/portal\/wp-json\/wp\/v2\/posts\/163545\/revisions\/163701"}],"wp:featuredmedia":[{"embeddable":true,"href":"https:\/\/www.novaconcursos.com.br\/portal\/wp-json\/wp\/v2\/media\/157851"}],"wp:attachment":[{"href":"https:\/\/www.novaconcursos.com.br\/portal\/wp-json\/wp\/v2\/media?parent=163545"}],"wp:term":[{"taxonomy":"category","embeddable":true,"href":"https:\/\/www.novaconcursos.com.br\/portal\/wp-json\/wp\/v2\/categories?post=163545"},{"taxonomy":"post_tag","embeddable":true,"href":"https:\/\/www.novaconcursos.com.br\/portal\/wp-json\/wp\/v2\/tags?post=163545"}],"curies":[{"name":"wp","href":"https:\/\/api.w.org\/{rel}","templated":true}]}}