{"id":163556,"date":"2022-06-23T10:52:54","date_gmt":"2022-06-23T13:52:54","guid":{"rendered":"https:\/\/www.novaconcursos.com.br\/portal\/?p=163556"},"modified":"2022-06-23T18:06:14","modified_gmt":"2022-06-23T21:06:14","slug":"concurso-pc-es-sindipol-solicita-edital-em-reuniao","status":"publish","type":"post","link":"https:\/\/www.novaconcursos.com.br\/portal\/noticias\/concurso-pc-es-sindipol-solicita-edital-em-reuniao\/","title":{"rendered":"Concurso PC ES: Sindipol solicita edital em reuni\u00e3o com diretor da acadepol!"},"content":{"rendered":"<p>Aten\u00e7\u00e3o, concurseiros! Um <strong>novo edital <\/strong>para o\u00a0<a href=\"https:\/\/www.novaconcursos.com.br\/portal\/concursos\/concurso-pc-es-delegado\/\">concurso PC ES<\/a>\u00a0deve sair em breve. O sindicato da categoria, em <strong>reuni\u00e3o <\/strong>com o diretor da Acadepol, Robson Alves Damasceno, solicitou o edital! Veja! <\/p>\n\n\n\n<ul class=\"wp-block-list\"><li><strong>Confira<\/strong>:<a href=\"https:\/\/www.novaconcursos.com.br\/curso-online\/pc-es-comum-aos-cargos-de-nivel-superior?q=pc%20es\" target=\"_blank\" rel=\"noreferrer noopener\" aria-label=\"\u00a0Curso Online - Pacote Completo  (abre numa nova aba)\">\u00a0Curso Online \u2013 Pacote Completo <\/a><\/li><\/ul><p><\/p>\n\n\n\n<p>Estude para o concurso dos seus sonhos com a\u00a0<a href=\"https:\/\/www.novaconcursos.com.br\/eventos\/assinatura\" target=\"_blank\" rel=\"noreferrer noopener\" aria-label=\" (abre numa nova aba)\">Assinatura Completa da Nova<\/a>\u00a0. Tenha acesso a Cursos, Plataforma de Quest\u00f5es, Eventos Exclusivos para Assinantes e Muito Mais!<\/p>\n\n\n\n<h2 class=\"wp-block-heading\" id=\"concurso-pc-es-edital-est-por-vir\">Concurso PC ES: edital est\u00e1 por vir?<\/h2>\n\n\n\n<p>\u00c9 o que os concurseiros e a pr\u00f3pria corpora\u00e7\u00e3o querem saber! E o\u00a0<strong>edital\u00a0<\/strong>do concurso da Pol\u00edcia Civil do\u00a0<a href=\"https:\/\/www.novaconcursos.com.br\/portal\/concursos-abertos\/es\/\">Esp\u00edrito Santo<\/a>\u00a0deve sair nos pr\u00f3ximos meses<strong>.<\/strong><\/p>\n\n\n\n<p>Ademais, nesta semana o sindicato da categoria<strong> solicitou o novo edital <\/strong>em reuni\u00e3o com o diretor da Acadepol, Robson Alves Damasceno.<\/p>\n\n\n\n<p>Assim, de acordo com o sindicato, o<strong> quadro de servidores est\u00e1 defasado, <\/strong>uma vez que houve muitas aposentadorias e afastamentos.<\/p>\n\n\n\n<p><em>\u201cS\u00e3o situa\u00e7\u00f5es que agravam a defasagem no quadro operacional e, consequentemente, interfere diretamente no anseio da sociedade capixaba que clama por mais prote\u00e7\u00e3o e seguran\u00e7a\u201d,<\/em> disse o presidente do sindicato, Alo\u00edsio Fajardo.<\/p>\n\n\n\n<p>Al\u00e9m disso, a entidade pede que os<strong> aprovados no \u00faltimo concurso <\/strong>sejam aproveitados.<\/p>\n\n\n\n<p>Ademais, ele ainda pediu apoio, junto ao governo estadual, para que o novo concurso possa <strong>abranger todos os cargos <\/strong>na corpora\u00e7\u00e3o.<\/p>\n\n\n\n<p><em>\u201cA exemplo da Pol\u00edcia Militar, em que foi aberto novo processo seletivo com mais de 1.000 (mil) vagas dispon\u00edveis para cargos de soldado e oficial. Buscamos apoio para a realiza\u00e7\u00e3o anual de concurso p\u00fablico na PCES\u201d<\/em>, completou Alo\u00edsio Fajardo.<\/p>\n\n\n\n<h3 class=\"wp-block-heading\" id=\"h-concurso-pc-es-panorama\">Comiss\u00e3o formada<\/h3>\n\n\n\n<p>Vale destacar ainda que <strong>em mar\u00e7o deste ano foi formada a comiss\u00e3o <\/strong>organizadora para dar andamento nos tr\u00e2mites da sele\u00e7\u00e3o.<\/p>\n\n\n\n<p>Entretanto, os cargos n\u00e3o foram especificados. Mas, \u00e9 poss\u00edvel que seja ofertada<strong> vaga para Delegado.<\/strong><\/p>\n\n\n\n<p>Isso porque a \u00faltima sele\u00e7\u00e3o para a carreira<strong> aconteceu em 2019<\/strong>. Entretanto, para os outros cargos ainda h\u00e1 sele\u00e7\u00f5es vigentes!<\/p>\n\n\n\n<h3 class=\"wp-block-heading\"><strong>Edital precisar\u00e1 de aval da PGE<\/strong><\/h3>\n\n\n\n<p>Al\u00e9m disso, o edital ainda precisar\u00e1 de um aval da Procuradoria Geral do Estado, que ir\u00e1\u00a0<strong>analisar e validar o documento.<\/strong><\/p>\n\n\n\n<p>Portanto,\u00a0<strong>caso haja um sinal positivo<\/strong>\u00a0da PGE ES, o documento poder\u00e1 ser divulgado, isso porque a procuradoria acompanhou todo processo de escolha da banca.<\/p>\n\n\n\n<p><em>\u201cA gente sempre pede que a PGE fa\u00e7a essas an\u00e1lises com uma certa celeridade em raz\u00e3o do nosso compromisso, pois a gente precisa fazer este concurso o mais r\u00e1pido poss\u00edvel. Como a PGE j\u00e1 acompanhou todo o processo, a an\u00e1lise do edital depois de pronto n\u00e3o deve ser nada demorado, mas precisa passar por eles, \u00e9 uma exig\u00eancia\u201d<\/em>, disse o delegado-geral.<\/p>\n\n\n\n<h3 class=\"wp-block-heading\">Ser\u00e3o quantas vagas?<\/h3>\n\n\n\n<p>O\u00a0<strong>n\u00famero de vagas<\/strong>\u00a0que ser\u00e1 ofertado no concurso da Pol\u00edcia Civil do <a href=\"https:\/\/www.novaconcursos.com.br\/portal\/concursos-previstos\/es\/\">Esp\u00edrito Santo<\/a>\u00a0ainda n\u00e3o est\u00e1 confirmado.<\/p>\n\n\n\n<p>Assim, segundo o Delegado-geral a previs\u00e3o \u00e9 para <strong>40 vagas imediatas,<\/strong> al\u00e9m da forma\u00e7\u00e3o de um cadastro reserva.<\/p>\n\n\n\n<p><em>\u201cEst\u00e3o confirmadas 40 vagas e a gente sempre tem um cadastro de reserva\u201d,\u00a0<\/em>disse ele.<\/p>\n\n\n\n<p>Ademais, vale destacar que o\u00a0<strong>cadastro poder\u00e1 ser usado<\/strong>\u00a0durante todo o prazo de validade do concurso, que deve ser de dois anos. Entretanto, caber\u00e1 prorroga\u00e7\u00e3o.<\/p>\n\n\n\n<figure class=\"wp-block-image size-large\"><a href=\"https:\/\/www.novaconcursos.com.br\/eventos\/assinatura\" target=\"_blank\" rel=\"noreferrer noopener\"><img decoding=\"async\" src=\"https:\/\/www.novaconcursos.com.br\/portal\/wp-content\/uploads\/2022\/01\/Faixa-Frete-Gr%E2%80%A0tis-portal.png\" alt=\"assinatura completa\" class=\"wp-image-153078\" loading=\"lazy\" title=\"\"><\/a><figcaption><\/figcaption><\/figure>","protected":false},"excerpt":{"rendered":"<p>Aten\u00e7\u00e3o, concurseiros! Um novo edital para o\u00a0concurso PC ES\u00a0deve sair em breve. O sindicato da categoria, em reuni\u00e3o com o diretor da Acadepol, Robson Alves Damasceno, solicitou o edital! Veja! Confira:\u00a0Curso Online \u2013 Pacote Completo Estude para o concurso dos seus sonhos com a\u00a0Assinatura Completa da Nova\u00a0. Tenha acesso a Cursos, Plataforma de Quest\u00f5es, Eventos [&hellip;]<\/p>\n","protected":false},"author":54671,"featured_media":160915,"comment_status":"closed","ping_status":"closed","sticky":false,"template":"","format":"standard","meta":{"_acf_changed":false,"footnotes":"","_wp_rev_ctl_limit":""},"categories":[228],"tags":[],"class_list":["post-163556","post","type-post","status-publish","format-standard","has-post-thumbnail","hentry","category-noticias"],"acf":[],"_links":{"self":[{"href":"https:\/\/www.novaconcursos.com.br\/portal\/wp-json\/wp\/v2\/posts\/163556","targetHints":{"allow":["GET"]}}],"collection":[{"href":"https:\/\/www.novaconcursos.com.br\/portal\/wp-json\/wp\/v2\/posts"}],"about":[{"href":"https:\/\/www.novaconcursos.com.br\/portal\/wp-json\/wp\/v2\/types\/post"}],"author":[{"embeddable":true,"href":"https:\/\/www.novaconcursos.com.br\/portal\/wp-json\/wp\/v2\/users\/54671"}],"replies":[{"embeddable":true,"href":"https:\/\/www.novaconcursos.com.br\/portal\/wp-json\/wp\/v2\/comments?post=163556"}],"version-history":[{"count":9,"href":"https:\/\/www.novaconcursos.com.br\/portal\/wp-json\/wp\/v2\/posts\/163556\/revisions"}],"predecessor-version":[{"id":163624,"href":"https:\/\/www.novaconcursos.com.br\/portal\/wp-json\/wp\/v2\/posts\/163556\/revisions\/163624"}],"wp:featuredmedia":[{"embeddable":true,"href":"https:\/\/www.novaconcursos.com.br\/portal\/wp-json\/wp\/v2\/media\/160915"}],"wp:attachment":[{"href":"https:\/\/www.novaconcursos.com.br\/portal\/wp-json\/wp\/v2\/media?parent=163556"}],"wp:term":[{"taxonomy":"category","embeddable":true,"href":"https:\/\/www.novaconcursos.com.br\/portal\/wp-json\/wp\/v2\/categories?post=163556"},{"taxonomy":"post_tag","embeddable":true,"href":"https:\/\/www.novaconcursos.com.br\/portal\/wp-json\/wp\/v2\/tags?post=163556"}],"curies":[{"name":"wp","href":"https:\/\/api.w.org\/{rel}","templated":true}]}}