{"id":163584,"date":"2022-06-23T12:15:00","date_gmt":"2022-06-23T15:15:00","guid":{"rendered":"https:\/\/www.novaconcursos.com.br\/portal\/?p=163584"},"modified":"2022-06-23T17:48:58","modified_gmt":"2022-06-23T20:48:58","slug":"concurso-mp-mg-edital-para-oficial-nas-proximas-semanas","status":"publish","type":"post","link":"https:\/\/www.novaconcursos.com.br\/portal\/noticias\/concurso-mp-mg-edital-para-oficial-nas-proximas-semanas\/","title":{"rendered":"Concurso MP MG: Edital para Oficial nas pr\u00f3ximas semanas, informa Promotor!"},"content":{"rendered":"<p>Concurseiros que aguardam o\u00a0<a href=\"https:\/\/www.novaconcursos.com.br\/portal\/concursos\/concurso-mp-mg\/\">concurso MP MG,<\/a>\u00a0aten\u00e7\u00e3o! De acordo com o promotor de justi\u00e7a do \u00f3rg\u00e3o, Fernando Abreu, o<strong> edital deve ser lan\u00e7ado nas pr\u00f3ximas semanas<\/strong>. S\u00e3o 10 anos sem sele\u00e7\u00f5es!<\/p>\n\n\n\n<ul class=\"wp-block-list\"><li><strong>Confira:\u00a0<\/strong><a href=\"https:\/\/www.novaconcursos.com.br\/livro\/questoes-a-direito-administrativo?q=DIRE\" target=\"_blank\" rel=\"noreferrer noopener\" aria-label=\" (abre numa nova aba)\">Livro de Quest\u00f5es de Direito Administrativo <\/a><\/li><\/ul><p><\/p>\n\n\n\n<p>Estude para o concurso dos seus sonhos com a\u00a0<a href=\"https:\/\/www.novaconcursos.com.br\/eventos\/assinatura\" target=\"_blank\" rel=\"noreferrer noopener\" aria-label=\" (abre numa nova aba)\">Assinatura Completa da Nova<\/a>\u00a0. Tenha acesso a Cursos, Plataforma de Quest\u00f5es, Eventos Exclusivos para Assinantes e Muito Mais!<\/p>\n\n\n\n<h2 class=\"wp-block-heading\" id=\"concurso-mp-mg-edital-em-breve\">Concurso MP MG: edital em breve<\/h2>\n\n\n\n<p>Assim, o promotor de justi\u00e7a do \u00f3rg\u00e3o, Fernando Abreu, informou que o edital do concurso do Minist\u00e9rio P\u00fablico de Minas Gerais deve ser lan\u00e7ado nas pr\u00f3ximas semanas. <\/p>\n\n\n\n<p>Portanto, vale destacar que o edital estava previsto para ser lan\u00e7ado ainda no primeiro semestre. Entretanto, deve atrasar uns dias.<\/p>\n\n\n\n<p>Posteriormente, \u00e9 poss\u00edvel que o edital contemple os cargos de\u00a0<strong>Analista e Oficial,<\/strong>\u00a0em diversas especialidades. <\/p>\n\n\n\n<p>Entretanto, o \u00f3rg\u00e3o ainda<strong>\u00a0n\u00e3o confirmou<\/strong>\u00a0as vagas e cargos a serem ofertados.<\/p>\n\n\n\n<p>Portanto, de acordo com o Promotor, o edital especificar\u00e1 melhor as habilidades e especialidades exigidas. <\/p>\n\n\n\n<p>Ademais, a\u00a0<strong>comiss\u00e3o organizadora<\/strong>\u00a0do certame foi formada<strong>\u00a0em mar\u00e7o de 2021,\u00a0<\/strong>de maneira que os estudos e preparativos continuam em andamento.<\/p>\n\n\n\n<h2 class=\"wp-block-heading\" id=\"ltimo-concurso-mp-mg-foi-h-10-anos\"><strong>\u00daltimo concurso MP MG<\/strong> foi h\u00e1 10 anos<\/h2>\n\n\n\n<p>Sendo assim, o \u00faltimo\u00a0<a href=\"https:\/\/www.novaconcursos.com.br\/portal\/concursos-abertos\/mg\/\">concurso<\/a>\u00a0MP MG ocorreu\u00a0<strong>em 2012,\u00a0<\/strong>quando foram ofertadas\u00a0<strong>54 oportunidades<\/strong>\u00a0imediatas.<\/p>\n\n\n\n<p>Ainda tiveram outras vagas voltadas para a forma\u00e7\u00e3o de um\u00a0<strong>cadastro reserva<\/strong>, que p\u00f4de ser usado durante a validade do certame.<\/p>\n\n\n\n<p>Al\u00e9m disso, o edital contemplou diversos cargos de\u00a0<strong>n\u00edveis m\u00e9dio e superior,\u00a0<\/strong>sendo eles:<\/p>\n\n\n\n<ul class=\"wp-block-list\"><li><strong>N\u00edvel M\u00e9dio \u2013 33 vagas<\/strong><ul><li>Oficial de Servi\u00e7os Diversos.<\/li><\/ul><\/li><li><strong>N\u00edvel Superior \u2013 21 vagas<\/strong><ul><li>Administra\u00e7\u00e3o P\u00fablica;<\/li><li>Agronomia;<\/li><li>Arquitetura;<\/li><li>Jornalismo;<\/li><li>Geologia;<\/li><li>Hist\u00f3ria;<\/li><li>Letras;<\/li><li>Medicina do Trabalho;<\/li><li>Pedagogia;<\/li><li>outros.<\/li><\/ul><\/li><\/ul><p><\/p>\n\n\n\n<p>\u00c9 igualmente essencial frisar que os inscritos nessa sele\u00e7\u00e3o foram avaliados por meio de<strong>\u00a0provas objetivas e discursivas<\/strong>.<\/p>\n\n\n\n<p>Assim, na primeira etapa os candidatos responderam a quest\u00f5es de m\u00faltipla escolha acerca dos\u00a0<strong>conte\u00fados abaixo:<\/strong><\/p>\n\n\n\n<ul class=\"wp-block-list\"><li>L\u00edngua Portuguesa;<\/li><li>Atualidades;<\/li><li>No\u00e7\u00f5es de Inform\u00e1tica;<\/li><li>No\u00e7\u00f5es de Direito; e<\/li><li>Conhecimentos Espec\u00edficos.<\/li><\/ul><p><\/p>\n\n\n\n<h2 class=\"wp-block-heading\" id=\"concurso-mp-mg-promotor-foi-em-2021\"><strong>Concurso MP MG Promotor<\/strong> foi em 2021<\/h2>\n\n\n\n<p>Por fim, tamb\u00e9m \u00e9 de suma import\u00e2ncia recordar que um concurso MP MG para o cargo de\u00a0<strong>Promotor, de n\u00edvel superior<\/strong>, ocorreu em 2021 e foi homologado<strong>\u00a0h\u00e1 pouco tempo<\/strong>.<\/p>\n\n\n\n<p>Ademais, a sele\u00e7\u00e3o ocorreu sob a organiza\u00e7\u00e3o da\u00a0<a rel=\"noreferrer noopener\" href=\"https:\/\/www.gestaodeconcursos.com.br\/site\/site\/default.aspx\" target=\"_blank\">Fundep<\/a>\u00a0e foram ofertadas <strong>60 oportunidades<\/strong>\u00a0para a carreira que conta com\u00a0<strong>remunera\u00e7\u00f5es iniciais<\/strong>\u00a0no valor de\u00a0<strong>R$ 30.404,42.<\/strong><\/p>\n\n\n\n<p>Al\u00e9m disso, vale destacar que os inscritos nesse concurso p\u00fablico foram avaliados por meio de\u00a0<strong>uma s\u00e9rie de etapas avaliativas,\u00a0<\/strong>sendo elas:<\/p>\n\n\n\n<ul class=\"wp-block-list\"><li>Prova Preambular, de car\u00e1ter eliminat\u00f3rio e classificat\u00f3rio;<\/li><li>Provas Especializadas, de car\u00e1ter eliminat\u00f3rio e classificat\u00f3rio;<\/li><li>Exame psicot\u00e9cnico e exames de higidez f\u00edsica e mental, de car\u00e1ter subsidi\u00e1rio;<\/li><li>Provas Orais, de car\u00e1ter eliminat\u00f3rio e classificat\u00f3rio;<\/li><li>Avalia\u00e7\u00e3o de T\u00edtulos, de car\u00e1ter classificat\u00f3rio.<\/li><\/ul><p><\/p>\n\n\n\n<figure class=\"wp-block-image size-large\"><a href=\"https:\/\/www.novaconcursos.com.br\/eventos\/assinatura\" target=\"_blank\" rel=\"noreferrer noopener\"><img decoding=\"async\" src=\"https:\/\/www.novaconcursos.com.br\/portal\/wp-content\/uploads\/2022\/01\/Faixa-Frete-Gr%E2%80%A0tis-portal.png\" alt=\"assinatura completa\" class=\"wp-image-153078\" loading=\"lazy\" title=\"\"><\/a><figcaption><\/figcaption><\/figure>","protected":false},"excerpt":{"rendered":"<p>Concurseiros que aguardam o\u00a0concurso MP MG,\u00a0aten\u00e7\u00e3o! De acordo com o promotor de justi\u00e7a do \u00f3rg\u00e3o, Fernando Abreu, o edital deve ser lan\u00e7ado nas pr\u00f3ximas semanas. S\u00e3o 10 anos sem sele\u00e7\u00f5es! Confira:\u00a0Livro de Quest\u00f5es de Direito Administrativo Estude para o concurso dos seus sonhos com a\u00a0Assinatura Completa da Nova\u00a0. Tenha acesso a Cursos, Plataforma de Quest\u00f5es, [&hellip;]<\/p>\n","protected":false},"author":54671,"featured_media":158559,"comment_status":"closed","ping_status":"closed","sticky":false,"template":"","format":"standard","meta":{"_acf_changed":false,"footnotes":"","_wp_rev_ctl_limit":""},"categories":[228],"tags":[],"class_list":["post-163584","post","type-post","status-publish","format-standard","has-post-thumbnail","hentry","category-noticias"],"acf":[],"_links":{"self":[{"href":"https:\/\/www.novaconcursos.com.br\/portal\/wp-json\/wp\/v2\/posts\/163584","targetHints":{"allow":["GET"]}}],"collection":[{"href":"https:\/\/www.novaconcursos.com.br\/portal\/wp-json\/wp\/v2\/posts"}],"about":[{"href":"https:\/\/www.novaconcursos.com.br\/portal\/wp-json\/wp\/v2\/types\/post"}],"author":[{"embeddable":true,"href":"https:\/\/www.novaconcursos.com.br\/portal\/wp-json\/wp\/v2\/users\/54671"}],"replies":[{"embeddable":true,"href":"https:\/\/www.novaconcursos.com.br\/portal\/wp-json\/wp\/v2\/comments?post=163584"}],"version-history":[{"count":6,"href":"https:\/\/www.novaconcursos.com.br\/portal\/wp-json\/wp\/v2\/posts\/163584\/revisions"}],"predecessor-version":[{"id":163613,"href":"https:\/\/www.novaconcursos.com.br\/portal\/wp-json\/wp\/v2\/posts\/163584\/revisions\/163613"}],"wp:featuredmedia":[{"embeddable":true,"href":"https:\/\/www.novaconcursos.com.br\/portal\/wp-json\/wp\/v2\/media\/158559"}],"wp:attachment":[{"href":"https:\/\/www.novaconcursos.com.br\/portal\/wp-json\/wp\/v2\/media?parent=163584"}],"wp:term":[{"taxonomy":"category","embeddable":true,"href":"https:\/\/www.novaconcursos.com.br\/portal\/wp-json\/wp\/v2\/categories?post=163584"},{"taxonomy":"post_tag","embeddable":true,"href":"https:\/\/www.novaconcursos.com.br\/portal\/wp-json\/wp\/v2\/tags?post=163584"}],"curies":[{"name":"wp","href":"https:\/\/api.w.org\/{rel}","templated":true}]}}