{"id":163744,"date":"2022-06-27T10:34:55","date_gmt":"2022-06-27T13:34:55","guid":{"rendered":"https:\/\/www.novaconcursos.com.br\/portal\/?p=163744"},"modified":"2025-04-02T10:34:14","modified_gmt":"2025-04-02T13:34:14","slug":"concurso-inss-proposta-de-emenda-a-mp-exige-nivel-superior","status":"publish","type":"post","link":"https:\/\/www.novaconcursos.com.br\/portal\/noticias\/concurso-inss-proposta-de-emenda-a-mp-exige-nivel-superior\/","title":{"rendered":"Concurso INSS: Proposta de emenda \u00e0 MP exige n\u00edvel superior. Entenda!"},"content":{"rendered":"<p>Aten\u00e7\u00e3o concurseiros! Um novo\u00a0<a href=\"https:\/\/www.novaconcursos.com.br\/portal\/concursos\/concurso-inss\/\">Concurso INSS<\/a>\u00a0<strong>foi autorizado com 1.000 vagas<\/strong>\u00a0para T\u00e9cnico do Seguro Social! Agora, uma proposta est\u00e1 tramitando, pedindo a <strong>exig\u00eancia de n\u00edvel superior <\/strong>para inscri\u00e7\u00e3o. Entenda!<\/p>\n\n\n\n<ul class=\"wp-block-list\"><li><strong>Confira:<\/strong>\u00a0<a aria-label=\" (abre numa nova aba)\" href=\"https:\/\/www.novaconcursos.com.br\/apostila\/inss-prep-tec-seguro-social\" target=\"_blank\" rel=\"noreferrer noopener\">Apostila T\u00e9cnico do Seguro Social<\/a><\/li>\n<\/ul><h2 class=\"wp-block-heading\" id=\"concurso-inss-proposta-pede-mudana-de-escolaridade\">Concurso INSS: proposta pede mudan\u00e7a de escolaridade<\/h2>\n\n\n\n<p>Os concurseiros que aguardam o edital do <a href=\"https:\/\/www.novaconcursos.com.br\/portal\/concursos-previstos\/nacional\">concurso <\/a>INSS devem se atentar, pois uma <strong>mudan\u00e7a na escolaridade<\/strong> pode surgir.<\/p>\n\n\n\n<p>Isso porque, atualmente a carreira de T\u00e9cnico, que ser\u00e1 ofertada no pr\u00f3ximo edital, <strong>exige apenas o n\u00edvel m\u00e9dio.<\/strong><\/p>\n\n\n\n<p>Entretanto, uma emenda \u00e0 Medida Provis\u00f3ria\u00a0n\u00ba 1.113\/2022, apresentada pelo\u00a0deputado Lu\u00eds Miranda, <strong>pede exig\u00eancia de n\u00edvel superior <\/strong>para ingresso na carreira.<\/p>\n\n\n\n<p>Portanto, de acordo com o texto, o ingresso dos aprovados ocorrer\u00e1\u00a0no padr\u00e3o inicial da classe inicial do respectivo cargo.<\/p>\n\n\n\n<p>Isso mediante\u00a0<strong>concurso p\u00fablico<\/strong>\u00a0de provas ou de provas e t\u00edtulos,\u00a0<strong>exigindo-se curso superior conclu\u00eddo<\/strong>, em n\u00edvel de gradua\u00e7\u00e3o ou equivalente, observados os requisitos fixados na legisla\u00e7\u00e3o pertinente.<\/p>\n\n\n\n<h3 class=\"wp-block-heading\">Representantes discutem emenda<\/h3>\n\n\n\n<p>Representantes da Federa\u00e7\u00e3o Nacional dos Sindicatos de Trabalhadores em Sa\u00fade, Trabalho, Previd\u00eancia e Assist\u00eancia Social (Fenasps) e a assessoria do deputado federal\u00a0Silas C\u00e2mara, relator da MP, se reuniram.<\/p>\n\n\n\n<p>Assim, o encontro aconteceu na \u00faltima semana e teve as emendas como discuss\u00e3o. <\/p>\n\n\n\n<ul class=\"wp-block-list\"><li><strong>Confira: <\/strong><a aria-label=\" (abre numa nova aba)\" href=\"https:\/\/www.novaconcursos.com.br\/curso-online\/pacote-completo-inss-tecnico-seguro-social?q=inss\" target=\"_blank\" rel=\"noreferrer noopener\">Curso Online T\u00e9cnico do Seguro Social <\/a><\/li>\n<\/ul><p><\/p>\n\n\n\n<p>Vale lembrar que a entidade tamb\u00e9m apoia a mudan\u00e7a de escolaridade para o cargo de T\u00e9cnico.<\/p>\n\n\n\n<p>Al\u00e9m disso, o assunto j\u00e1 est\u00e1 sendo at\u00e9 discutido no\u00a0Minist\u00e9rio do Trabalho e Previd\u00eancia (MTP).<\/p>\n\n\n\n<p>Vale destacar que no \u00faltimo dia 13, uma proposta para alterar esse requisito foi apresentada pelo\u00a0presidente do INSS,\u00a0Guilherme\u00a0Serrano.<\/p>\n\n\n\n<p>Assim, o documento prev\u00ea\u00a0a altera\u00e7\u00e3o da Lei n\u00ba 10.855, de 1\u00ba de abril de 2004, com o intuito de\u00a0exigir\u00a0<strong>curso superior completo.<\/strong><\/p>\n\n\n\n<p><em>\u201cAdemais, a\u00a0moderniza\u00e7\u00e3o dos processos de trabalho concretizada\u00a0nos \u00faltimos anos\u00a0torna urgente a atualiza\u00e7\u00e3o do cargo de t\u00e9cnico do seguro social, exigindo eleva\u00e7\u00e3o do\u00a0requisito\u00a0de escolaridade do candidato para acesso ao cargo por meio do concurso p\u00fablico\u201d, <\/em>diz a minuta.<\/p>\n\n\n\n<p>Por fim, o presidente do INSS, Serrano, lembra que a mudan\u00e7a de escolaridade est\u00e1 prevista no\u00a0<strong>acordo de greve<\/strong>\u00a0assinado com a categoria recentemente. <\/p>\n\n\n\n<p>Entretanto, <strong>\u00e9 importante dizer que mesmo com a proposta, ainda n\u00e3o est\u00e1 certa a exig\u00eancia da escolaridade para o pr\u00f3ximo concurso.<\/strong><\/p>\n\n\n\n<h2 class=\"wp-block-heading\" id=\"concurso-inss-est-autorizado-quando-sai-o-edital\">Concurso INSS est\u00e1 autorizado; quando sai o edital?<\/h2>\n\n\n\n<p>O edital do novo\u00a0<a href=\"https:\/\/www.novaconcursos.com.br\/portal\/concursos-abertos\/nacional\">concurso<\/a>\u00a0INSS est\u00e1 autorizado e dever\u00e1 ser publicado em\u00a0<strong>at\u00e9 seis meses<\/strong>, ou seja, ainda em 2022.<\/p>\n\n\n\n<p>A autoriza\u00e7\u00e3o foi dada pelo Minist\u00e9rio da Economia para preenchimento de\u00a0<strong>mil vagas para o cargo de T\u00e9cnico do Seguro Social<\/strong>.<\/p>\n\n\n\n<p>Ainda conforme informado pelo documento, o\u00a0<strong>edital depende de algumas quest\u00f5es.<\/strong>\u00a0Portanto, saiba quais:<\/p>\n\n\n\n<ul class=\"wp-block-list\"><li>\u00e0 exist\u00eancia de vagas na data de publica\u00e7\u00e3o do edital de abertura de inscri\u00e7\u00f5es para o concurso p\u00fablico; e<\/li>\n\n\n\n<li>\u00e0 declara\u00e7\u00e3o do ordenador de despesa respons\u00e1vel, quando do provimento dos cargos, sobre a adequa\u00e7\u00e3o or\u00e7ament\u00e1ria e financeira da nova despesa \u00e0 Lei Or\u00e7ament\u00e1ria Anual e sua compatibilidade com a Lei de Diretrizes Or\u00e7ament\u00e1rias, demonstrando a origem dos recursos a serem utilizados.<\/li>\n<\/ul><p><\/p>\n\n\n\n<p>Assim, agora a\u00a0<strong>expectativa fica por conta da escolha da banca<\/strong> organizadora, que deve acontecer em agosto e, posteriormente, a publica\u00e7\u00e3o do edital.<\/p>\n\n\n\n<p>Saiba detalhes do que estudar para as provas do concurso INSS,\u00a0<a href=\"https:\/\/www.novaconcursos.com.br\/portal\/noticias\/concurso-inss-2022-autorizado-mil-vagas-o-que-estudar\/\">clicando aqui<\/a>!<\/p>\n\n\n\n<h3 class=\"wp-block-heading\">Sal\u00e1rios e benef\u00edcios<\/h3>\n\n\n\n<p>Ademais, a\u00a0<strong>remunera\u00e7\u00e3o<\/strong>\u00a0inicial \u00e9 de R$ 4.886,87, para 40 horas semanais, podendo a chegar ao sal\u00e1rio de\u00a0<strong>R$ 6.354,67<\/strong><\/p>\n\n\n\n<p>Al\u00e9m do sal\u00e1rio inicial, os contratados na carreira\u00a0t\u00eam direito a\u00a0<strong>v\u00e1rios benef\u00edcios,<\/strong>\u00a0como:<\/p>\n\n\n\n<ul class=\"wp-block-list\"><li><strong>Aux\u00edlio-alimenta\u00e7\u00e3o:\u00a0<\/strong>R$ 458,00<\/li>\n\n\n\n<li><strong>Aux\u00edlio-sa\u00fade<\/strong>: R$ 130,00<\/li>\n\n\n\n<li>Possibilidade de\u00a0<strong>ascens\u00e3o profissional<\/strong>: Classe especial e remunera\u00e7\u00e3o de mais de R$ 9 mil<\/li>\n\n\n\n<li><strong>Gratifica\u00e7\u00f5es<\/strong><\/li>\n\n\n\n<li><strong>Estabilidade<\/strong><\/li>\n<\/ul><p><\/p>\n\n\n\n<figure class=\"wp-block-image size-large\"><a href=\"https:\/\/www.novaconcursos.com.br\/eventos\/assinatura\" target=\"_blank\" rel=\"noreferrer noopener\"><img decoding=\"async\" src=\"https:\/\/www.novaconcursos.com.br\/portal\/wp-content\/uploads\/2022\/01\/Faixa-Frete-Gr%E2%80%A0tis-portal.png\" alt=\"assinatura completa\" class=\"wp-image-153078\" loading=\"lazy\" title=\"\"><\/a><figcaption><\/figcaption><\/figure>","protected":false},"excerpt":{"rendered":"<p>Aten\u00e7\u00e3o concurseiros! Um novo\u00a0Concurso INSS\u00a0foi autorizado com 1.000 vagas\u00a0para T\u00e9cnico do Seguro Social! Agora, uma proposta est\u00e1 tramitando, pedindo a exig\u00eancia de n\u00edvel superior para inscri\u00e7\u00e3o. Entenda! Concurso INSS: proposta pede mudan\u00e7a de escolaridade Os concurseiros que aguardam o edital do concurso INSS devem se atentar, pois uma mudan\u00e7a na escolaridade pode surgir. Isso porque, [&hellip;]<\/p>\n","protected":false},"author":54671,"featured_media":155656,"comment_status":"closed","ping_status":"closed","sticky":false,"template":"","format":"standard","meta":{"_acf_changed":false,"footnotes":"","_wp_rev_ctl_limit":""},"categories":[228],"tags":[],"class_list":["post-163744","post","type-post","status-publish","format-standard","has-post-thumbnail","hentry","category-noticias"],"acf":[],"_links":{"self":[{"href":"https:\/\/www.novaconcursos.com.br\/portal\/wp-json\/wp\/v2\/posts\/163744","targetHints":{"allow":["GET"]}}],"collection":[{"href":"https:\/\/www.novaconcursos.com.br\/portal\/wp-json\/wp\/v2\/posts"}],"about":[{"href":"https:\/\/www.novaconcursos.com.br\/portal\/wp-json\/wp\/v2\/types\/post"}],"author":[{"embeddable":true,"href":"https:\/\/www.novaconcursos.com.br\/portal\/wp-json\/wp\/v2\/users\/54671"}],"replies":[{"embeddable":true,"href":"https:\/\/www.novaconcursos.com.br\/portal\/wp-json\/wp\/v2\/comments?post=163744"}],"version-history":[{"count":14,"href":"https:\/\/www.novaconcursos.com.br\/portal\/wp-json\/wp\/v2\/posts\/163744\/revisions"}],"predecessor-version":[{"id":277414,"href":"https:\/\/www.novaconcursos.com.br\/portal\/wp-json\/wp\/v2\/posts\/163744\/revisions\/277414"}],"wp:featuredmedia":[{"embeddable":true,"href":"https:\/\/www.novaconcursos.com.br\/portal\/wp-json\/wp\/v2\/media\/155656"}],"wp:attachment":[{"href":"https:\/\/www.novaconcursos.com.br\/portal\/wp-json\/wp\/v2\/media?parent=163744"}],"wp:term":[{"taxonomy":"category","embeddable":true,"href":"https:\/\/www.novaconcursos.com.br\/portal\/wp-json\/wp\/v2\/categories?post=163744"},{"taxonomy":"post_tag","embeddable":true,"href":"https:\/\/www.novaconcursos.com.br\/portal\/wp-json\/wp\/v2\/tags?post=163744"}],"curies":[{"name":"wp","href":"https:\/\/api.w.org\/{rel}","templated":true}]}}