{"id":163754,"date":"2022-06-27T10:45:20","date_gmt":"2022-06-27T13:45:20","guid":{"rendered":"https:\/\/www.novaconcursos.com.br\/portal\/?p=163754"},"modified":"2022-06-27T10:45:26","modified_gmt":"2022-06-27T13:45:26","slug":"concurso-policia-penal-ce-edital-esta-autorizado","status":"publish","type":"post","link":"https:\/\/www.novaconcursos.com.br\/portal\/noticias\/concurso-policia-penal-ce-edital-esta-autorizado\/","title":{"rendered":"Concurso Pol\u00edcia Penal CE: Edital est\u00e1 autorizado pela governadora, informa secret\u00e1rio!"},"content":{"rendered":"<p>Aten\u00e7\u00e3o concurseiros! Um novo\u00a0<a href=\"https:\/\/www.novaconcursos.com.br\/portal\/concursos\/concurso-agepen-ce\/\">concurso Pol\u00edcia Penal CE\u00a0<\/a>dever\u00e1 ser publicado <strong>apenas em 2023<\/strong>. Os\u00a0<strong>estudos seguem em andamento<\/strong> e o secret\u00e1rio Mauro Albuquerque afirmou que o edital j\u00e1 est\u00e1 autorizado pela governadora do Cear\u00e1. <\/p>\n\n\n\n<ul class=\"wp-block-list\"><li><strong>Confira:<\/strong>\u00a0<a rel=\"noreferrer noopener\" aria-label=\" (abre numa nova aba)\" href=\"https:\/\/www.novaconcursos.com.br\/eventos\/guia-definitivo-como-montar-um-mapa-mental\/\" target=\"_blank\">Guia Definitivo \u2013<\/a>\u00a0<a rel=\"noreferrer noopener\" href=\"https:\/\/www.novaconcursos.com.br\/eventos\/guia-definitivo-como-montar-um-mapa-mental\/?promo_creative=Como+montar+um+mapa+mental+%28Gr%C3%A1tis%29&amp;promo_name=noticia&amp;promo_id=%2Fportal%2Fnoticias%2Fconcurso-policia-penal-ce-secretario-fala-de-edital&amp;promo_position=corpo-texto\" target=\"_blank\">Como montar um mapa mental (Gr\u00e1tis)<\/a><\/li><\/ul><p><\/p>\n\n\n\n<p>Estude para o concurso dos seus sonhos com a\u00a0<a href=\"https:\/\/www.novaconcursos.com.br\/eventos\/assinatura\" target=\"_blank\" rel=\"noreferrer noopener\" aria-label=\" (abre numa nova aba)\">Assinatura Completa da Nova<\/a>\u00a0. Tenha acesso a Cursos, Plataforma de Quest\u00f5es, Eventos Exclusivos para Assinantes e Muito Mais!<\/p>\n\n\n\n<h2 class=\"wp-block-heading\" id=\"concurso-polcia-penal-ce-quando-sai-o-edital\">Concurso Pol\u00edcia Penal CE: quando sai o edital?<\/h2>\n\n\n\n<p>\u00c9 o que os concurseiros querem saber! E o <strong>edital <\/strong>do concurso para a Pol\u00edcia Penal do <a href=\"https:\/\/www.novaconcursos.com.br\/portal\/concursos-previstos\/ce\/\">Estado do Cear\u00e1<\/a> est\u00e1 <strong>autorizado<\/strong>.<\/p>\n\n\n\n<p>Assim, a informa\u00e7\u00e3o foi passada pelo secret\u00e1rio Mauro Albuquerque. Al\u00e9m disso, a previs\u00e3o \u00e9<strong> lan\u00e7ar o edital em 2023. <\/strong><\/p>\n\n\n\n<p><em>\u201cE agora mais uma novidade em primeira m\u00e3o. A governadora autorizou o concurso, para o ano que vem (2023). Mais 600 e poucos (sic) policiais penais\u201d<\/em>, disse o secret\u00e1rio.<\/p>\n\n\n\n<p>Ademais, a previs\u00e3o \u00e9 que a <strong>portaria autorizativa<\/strong> seja publicada no Di\u00e1rio Oficial nos pr\u00f3ximos dias.<\/p>\n\n\n\n<p>Sendo assim, uma comiss\u00e3o organizadora deve ser montada para dar in\u00edcio aos <strong>preparativos do edital. <\/strong><\/p>\n\n\n\n<p><em>\u201cN\u00f3s estamos fazendo alguns estudos, est\u00e3o em an\u00e1lise, estamos pretendendo solicitar para o governador por volta do ano de 2023\u201d<\/em>, disse o secret\u00e1rio\u00a0anteriormente.<\/p>\n\n\n\n<p>Portanto, o ano de <strong>2022 deve ser reservado<\/strong> para a conclus\u00e3o desses estudos e do in\u00edcio das etapas pr\u00e9vias do concurso.<\/p>\n\n\n\n<h2 class=\"wp-block-heading\" id=\"pec-aprovada-favorece-o-prximo-concurso\"><strong>PEC aprovada favorece o pr\u00f3ximo concurso<\/strong><\/h2>\n\n\n\n<p>Recentemente, a Proposta de Emenda \u00e0 Constitui\u00e7\u00e3o (PEC) <strong>criou a carreira <\/strong>de Policial Penal no\u00a0<a href=\"https:\/\/www.novaconcursos.com.br\/portal\/concursos-abertos\/ce\/\">Estado do Cear\u00e1<\/a>. <\/p>\n\n\n\n<p>Portanto, um novo concurso come\u00e7ou a ser cogitado desde meados de 2020, entretanto,\u00a0<strong>n\u00e3o aconteceu at\u00e9 agora.<\/strong><\/p>\n\n\n\n<p>Talvez o atraso se d\u00ea pela\u00a0<strong>pandemia da Covid-19<\/strong>. Al\u00e9m disso, o quantitativo de vagas para a sele\u00e7\u00e3o ainda n\u00e3o foi definido.<\/p>\n\n\n\n<p><em>\u201cA Pol\u00edcia Penal de natureza permanente, com fun\u00e7\u00e3o indeleg\u00e1vel de Estado, vinculada ao \u00f3rg\u00e3o administrador do sistema penal da unidade federativa a que pertencem, cabe a seguran\u00e7a dos estabelecimentos penais\u201d,<\/em>\u00a0disse o documento de aprova\u00e7\u00e3o<\/p>\n\n\n\n<p>Vale destacar ainda que a\u00a0<strong>PEC foi aprovada no dia 13 de janeiro\u00a0<\/strong>de 2020, durante uma sess\u00e3o realizada com 41 deputados.<\/p>\n\n\n\n<p>De acordo com o secret\u00e1rio de Administra\u00e7\u00e3o Penitenci\u00e1ria, Mauro Albuquerque, a mudan\u00e7a beneficiou\u00a0<strong>3.700 Agentes<\/strong>\u00a0que se tornaram Policiais Penais.<\/p>\n\n\n\n<p><em>\u201cA normatiza\u00e7\u00e3o chega para regulamentar as a\u00e7\u00f5es pr\u00e1ticas que os policiais penais do Cear\u00e1 realizam com muito empenho. Al\u00e9m disso, a PEC gera uma aposentadoria justa e um respaldo mais forte\u00a0na seguran\u00e7a pessoal e institucional para o trabalho dos agentes\u201d,<\/em>\u00a0disse o secret\u00e1rio.<\/p>\n\n\n\n<p>Ademais, o projeto\u00a0<strong>criou ainda o dia do Policial Penal<\/strong>\u00a0no estado, que ser\u00e1 comemorado no dia 3 de agosto.<\/p>\n\n\n\n<figure class=\"wp-block-image size-large\"><a href=\"https:\/\/www.novaconcursos.com.br\/eventos\/assinatura\" target=\"_blank\" rel=\"noreferrer noopener\"><img decoding=\"async\" src=\"https:\/\/www.novaconcursos.com.br\/portal\/wp-content\/uploads\/2022\/01\/Faixa-Frete-Gr%E2%80%A0tis-portal.png\" alt=\"assinatura completa\" class=\"wp-image-153078\" loading=\"lazy\" title=\"\"><\/a><figcaption><\/figcaption><\/figure>","protected":false},"excerpt":{"rendered":"<p>Aten\u00e7\u00e3o concurseiros! Um novo\u00a0concurso Pol\u00edcia Penal CE\u00a0dever\u00e1 ser publicado apenas em 2023. Os\u00a0estudos seguem em andamento e o secret\u00e1rio Mauro Albuquerque afirmou que o edital j\u00e1 est\u00e1 autorizado pela governadora do Cear\u00e1. Confira:\u00a0Guia Definitivo \u2013\u00a0Como montar um mapa mental (Gr\u00e1tis) Estude para o concurso dos seus sonhos com a\u00a0Assinatura Completa da Nova\u00a0. Tenha acesso a [&hellip;]<\/p>\n","protected":false},"author":54671,"featured_media":160845,"comment_status":"closed","ping_status":"closed","sticky":false,"template":"","format":"standard","meta":{"_acf_changed":false,"footnotes":"","_wp_rev_ctl_limit":""},"categories":[228],"tags":[],"class_list":["post-163754","post","type-post","status-publish","format-standard","has-post-thumbnail","hentry","category-noticias"],"acf":[],"_links":{"self":[{"href":"https:\/\/www.novaconcursos.com.br\/portal\/wp-json\/wp\/v2\/posts\/163754","targetHints":{"allow":["GET"]}}],"collection":[{"href":"https:\/\/www.novaconcursos.com.br\/portal\/wp-json\/wp\/v2\/posts"}],"about":[{"href":"https:\/\/www.novaconcursos.com.br\/portal\/wp-json\/wp\/v2\/types\/post"}],"author":[{"embeddable":true,"href":"https:\/\/www.novaconcursos.com.br\/portal\/wp-json\/wp\/v2\/users\/54671"}],"replies":[{"embeddable":true,"href":"https:\/\/www.novaconcursos.com.br\/portal\/wp-json\/wp\/v2\/comments?post=163754"}],"version-history":[{"count":4,"href":"https:\/\/www.novaconcursos.com.br\/portal\/wp-json\/wp\/v2\/posts\/163754\/revisions"}],"predecessor-version":[{"id":163758,"href":"https:\/\/www.novaconcursos.com.br\/portal\/wp-json\/wp\/v2\/posts\/163754\/revisions\/163758"}],"wp:featuredmedia":[{"embeddable":true,"href":"https:\/\/www.novaconcursos.com.br\/portal\/wp-json\/wp\/v2\/media\/160845"}],"wp:attachment":[{"href":"https:\/\/www.novaconcursos.com.br\/portal\/wp-json\/wp\/v2\/media?parent=163754"}],"wp:term":[{"taxonomy":"category","embeddable":true,"href":"https:\/\/www.novaconcursos.com.br\/portal\/wp-json\/wp\/v2\/categories?post=163754"},{"taxonomy":"post_tag","embeddable":true,"href":"https:\/\/www.novaconcursos.com.br\/portal\/wp-json\/wp\/v2\/tags?post=163754"}],"curies":[{"name":"wp","href":"https:\/\/api.w.org\/{rel}","templated":true}]}}