{"id":163828,"date":"2022-06-28T10:51:10","date_gmt":"2022-06-28T13:51:10","guid":{"rendered":"https:\/\/www.novaconcursos.com.br\/portal\/?p=163828"},"modified":"2022-06-28T10:51:14","modified_gmt":"2022-06-28T13:51:14","slug":"concurso-tj-es-realizacao-edital-discutida-assembleia","status":"publish","type":"post","link":"https:\/\/www.novaconcursos.com.br\/portal\/noticias\/concurso-tj-es-realizacao-edital-discutida-assembleia\/","title":{"rendered":"Concurso TJ ES: Realiza\u00e7\u00e3o de edital ser\u00e1 discutida em assembleia do Sindijudici\u00e1rio!"},"content":{"rendered":"<p>Aten\u00e7\u00e3o concurseiros! O\u00a0<strong>edital\u00a0<\/strong>do\u00a0<a href=\"https:\/\/www.novaconcursos.com.br\/portal\/concursos\/concurso-tj-es\/\">concurso TJ ES<\/a>\u00a0(Tribunal de Justi\u00e7a do Esp\u00edrito Santo) dever\u00e1 ser <strong>publicado em breve<\/strong>. O documento ser\u00e1 discutido em assembleia extraordin\u00e1ria\u00a0nesta semana. S\u00e3o\u00a0<strong>mais de 700 vac\u00e2ncias!<\/strong><\/p>\n\n\n\n<ul class=\"wp-block-list\"><li><strong>Confira:<\/strong>\u00a0<a rel=\"noreferrer noopener\" aria-label=\" (abre numa nova aba)\" href=\"https:\/\/www.novaconcursos.com.br\/eventos\/guia-definitivo-plano-de-estudos-passo-a-passo\/\" target=\"_blank\">Guia Definitivo Plano de Estudos (Gr\u00e1tis)<\/a><\/li><\/ul><p><\/p>\n\n\n\n<p>Estude para o concurso dos seus sonhos com a\u00a0<a rel=\"noreferrer noopener\" aria-label=\" (abre numa nova aba)\" href=\"https:\/\/www.novaconcursos.com.br\/eventos\/assinatura\" target=\"_blank\">Assinatura Completa da Nova<\/a>. Tenha acesso a Cursos, Plataforma de Quest\u00f5es, Eventos Exclusivos para Assinantes e Muito Mais!<\/p>\n\n\n\n<h2 class=\"wp-block-heading\" id=\"concurso-tj-es-quando-sair-o-novo-edital\">Concurso TJ ES: quando sair\u00e1 o novo edital?<\/h2>\n\n\n\n<p>Provavelmente no\u00a0<strong>segundo semestre de 2022!<\/strong>\u00a0Este \u00e9 o prazo para que um novo edital seja publicado para o concurso do Tribunal de Justi\u00e7a do\u00a0<a href=\"https:\/\/www.novaconcursos.com.br\/portal\/concursos-previstos\/es\/\">Estado do Esp\u00edrito Santo<\/a>.<\/p>\n\n\n\n<p>Nesta semana, o documento ser\u00e1 <strong>pauta de assembleia<\/strong> extraordin\u00e1ria do Sindicato dos Servidores do Poder Judici\u00e1rio do Esp\u00edrito Santo (Sindijudici\u00e1rio\/ES). <\/p>\n\n\n\n<p>Portanto, o encontro ser\u00e1 realizado no <strong>dia 30 de junho<\/strong> e vai deliberar sobre a realiza\u00e7\u00e3o do novo concurso p\u00fablico e outros pontos como:<\/p>\n\n\n\n<ul class=\"wp-block-list\"><li>Plano de sa\u00fade\/assist\u00eancia \u00e0 sa\u00fade \u2013 conforme resolu\u00e7\u00e3o n\u00ba 294\/2019 do CNJ;<\/li><li>Or\u00e7amento 2023;<\/li><li>Recupera\u00e7\u00e3o de perdas;<\/li><li>Pedido de apresenta\u00e7\u00e3o dos servidores que forem candidatos ao pleito eleitoral 2022;<\/li><li>Pauta de reinvindica\u00e7\u00f5es;<\/li><li>An\u00e1lises e discuss\u00f5es da cria\u00e7\u00e3o dos n\u00facleos 4.0 e sias repercuss\u00f5es na vida funcional dos servidores \u2013 Ato Normativo Conjunto 013\/2022.<\/li><\/ul><p><\/p>\n\n\n\n<p>Recentemente, o presidente do \u00f3rg\u00e3o, desembargador Fabio Clem, afirmou que o certame<strong>\u00a0j\u00e1 possui aval<\/strong>\u00a0interno e do governo do estado.<\/p>\n\n\n\n<p>Al\u00e9m disso, j\u00e1 se sabe que o novo certame deve ser destinado ao preenchimento de vagas para\u00a0<strong>T\u00e9cnico, Analistas e Ju\u00edzes.<\/strong><\/p>\n\n\n\n<h3 class=\"wp-block-heading\">Cargos vagos aumentam<\/h3>\n\n\n\n<p>Al\u00e9m disso, o Tribunal de Justi\u00e7a do <a href=\"https:\/\/www.novaconcursos.com.br\/portal\/concursos-abertos\/es\/\">Esp\u00edrito Santo<\/a> tem visto o n\u00famero de <strong>vac\u00e2ncias aumentar<\/strong>. Portanto, confira:<\/p>\n\n\n\n<ul class=\"wp-block-list\"><li>18 cargos vagos para Analista Judici\u00e1rio Especial;<\/li><li>667 cargos vagos para Analista Judici\u00e1rio; e<\/li><li>55 cargos vagos para T\u00e9cnico Judici\u00e1rio.<\/li><\/ul><p><\/p>\n\n\n\n<p>Sendo assim, s\u00e3o mais de 700 cargos vagos atualmente. Em 2021 F\u00e1bio Clem ainda citou que\u00a0<strong>362 profissionais estavam em abono perman\u00eancia,<\/strong>\u00a0ou seja, quase prontos para a aposentadoria.<\/p>\n\n\n\n<p><em>\u201cTemos consci\u00eancia do d\u00e9ficit no quadro de servidores com o qual o Poder Executivo tamb\u00e9m convive\u201d,\u00a0<\/em>apontou.\u00a0<\/p>\n\n\n\n<p><em>\u201cA categoria com mais d\u00e9ficit \u00e9 o primeiro grau de jurisdi\u00e7\u00e3o, s\u00e3o os funcion\u00e1rios dos f\u00f3runs. As aten\u00e7\u00f5es ser\u00e3o voltadas principalmente para preencher cargos no primeiro grau de jurisdi\u00e7\u00e3o\u201d<\/em>, completou ele.<\/p>\n\n\n\n<p>Entretanto, a previs\u00e3o \u00e9 que o novo concurso\u00a0<strong>oferte apenas 150 vagas\u00a0<\/strong>imediatas.<\/p>\n\n\n\n<p>Al\u00e9m disso, h\u00e1 previs\u00e3o ainda para que um\u00a0<strong>cadastro reserva seja formado<\/strong>, o que possibilitar\u00e1 convoca\u00e7\u00f5es de aprovados durante o prazo de validade do concurso.<\/p>\n\n\n\n<h3 class=\"wp-block-heading\">Sal\u00e1rios do TJ ES<\/h3>\n\n\n\n<p>De acordo com o portal da transpar\u00eancia, os vencimentos b\u00e1sicos iniciais dos cargos variam entre<strong>\u00a0R$ 4.245,08 e R$ 8.747,43<\/strong>. Portanto, veja:<\/p>\n\n\n\n<ul class=\"wp-block-list\"><li><strong>T\u00e9cnico Judici\u00e1rio:<\/strong><ul><li><em>Inicial:\u00a0<\/em>R$ 4.245,08<\/li><li><em>Final:\u00a0<\/em>R$ 8.830,71<\/li><\/ul><\/li><li><strong>Analista Judici\u00e1rio:<\/strong><ul><li><em>Inicial:\u00a0<\/em>R$ 6.118,86<\/li><li><em>Final:\u00a0<\/em>R$ 12.728,57<\/li><\/ul><\/li><li><strong>Analista Judici\u00e1rio Especial:<\/strong><ul><li><em>Inicial:\u00a0<\/em>R$ 8.747,43<\/li><li><em>Final:\u00a0<\/em>R$ 18.196,58<\/li><\/ul><\/li><\/ul><p><\/p>\n\n\n\n<p>Vale ressaltar ainda que os valores apresentados acima n\u00e3o est\u00e3o acrescidos das<strong>\u00a0poss\u00edveis gratifica\u00e7\u00f5es.<\/strong><\/p>\n\n\n\n<figure class=\"wp-block-image size-large\"><a href=\"https:\/\/www.novaconcursos.com.br\/eventos\/assinatura\" target=\"_blank\" rel=\"noreferrer noopener\"><img decoding=\"async\" src=\"https:\/\/www.novaconcursos.com.br\/portal\/wp-content\/uploads\/2022\/01\/Faixa-Frete-Gr%E2%80%A0tis-portal.png\" alt=\"assinatura completa\" class=\"wp-image-153078\" loading=\"lazy\" title=\"\"><\/a><figcaption><\/figcaption><\/figure>","protected":false},"excerpt":{"rendered":"<p>Aten\u00e7\u00e3o concurseiros! O\u00a0edital\u00a0do\u00a0concurso TJ ES\u00a0(Tribunal de Justi\u00e7a do Esp\u00edrito Santo) dever\u00e1 ser publicado em breve. O documento ser\u00e1 discutido em assembleia extraordin\u00e1ria\u00a0nesta semana. S\u00e3o\u00a0mais de 700 vac\u00e2ncias! Confira:\u00a0Guia Definitivo Plano de Estudos (Gr\u00e1tis) Estude para o concurso dos seus sonhos com a\u00a0Assinatura Completa da Nova. Tenha acesso a Cursos, Plataforma de Quest\u00f5es, Eventos Exclusivos para [&hellip;]<\/p>\n","protected":false},"author":54671,"featured_media":162900,"comment_status":"closed","ping_status":"closed","sticky":false,"template":"","format":"standard","meta":{"_acf_changed":false,"footnotes":"","_wp_rev_ctl_limit":""},"categories":[228],"tags":[],"class_list":["post-163828","post","type-post","status-publish","format-standard","has-post-thumbnail","hentry","category-noticias"],"acf":[],"_links":{"self":[{"href":"https:\/\/www.novaconcursos.com.br\/portal\/wp-json\/wp\/v2\/posts\/163828","targetHints":{"allow":["GET"]}}],"collection":[{"href":"https:\/\/www.novaconcursos.com.br\/portal\/wp-json\/wp\/v2\/posts"}],"about":[{"href":"https:\/\/www.novaconcursos.com.br\/portal\/wp-json\/wp\/v2\/types\/post"}],"author":[{"embeddable":true,"href":"https:\/\/www.novaconcursos.com.br\/portal\/wp-json\/wp\/v2\/users\/54671"}],"replies":[{"embeddable":true,"href":"https:\/\/www.novaconcursos.com.br\/portal\/wp-json\/wp\/v2\/comments?post=163828"}],"version-history":[{"count":4,"href":"https:\/\/www.novaconcursos.com.br\/portal\/wp-json\/wp\/v2\/posts\/163828\/revisions"}],"predecessor-version":[{"id":163832,"href":"https:\/\/www.novaconcursos.com.br\/portal\/wp-json\/wp\/v2\/posts\/163828\/revisions\/163832"}],"wp:featuredmedia":[{"embeddable":true,"href":"https:\/\/www.novaconcursos.com.br\/portal\/wp-json\/wp\/v2\/media\/162900"}],"wp:attachment":[{"href":"https:\/\/www.novaconcursos.com.br\/portal\/wp-json\/wp\/v2\/media?parent=163828"}],"wp:term":[{"taxonomy":"category","embeddable":true,"href":"https:\/\/www.novaconcursos.com.br\/portal\/wp-json\/wp\/v2\/categories?post=163828"},{"taxonomy":"post_tag","embeddable":true,"href":"https:\/\/www.novaconcursos.com.br\/portal\/wp-json\/wp\/v2\/tags?post=163828"}],"curies":[{"name":"wp","href":"https:\/\/api.w.org\/{rel}","templated":true}]}}