{"id":164192,"date":"2022-07-04T10:21:19","date_gmt":"2022-07-04T13:21:19","guid":{"rendered":"https:\/\/www.novaconcursos.com.br\/portal\/?p=164192"},"modified":"2022-07-04T10:21:24","modified_gmt":"2022-07-04T13:21:24","slug":"concurso-bombeiros-pi-edital-para-julho-confirma-coronel","status":"publish","type":"post","link":"https:\/\/www.novaconcursos.com.br\/portal\/noticias\/concurso-bombeiros-pi-edital-para-julho-confirma-coronel\/","title":{"rendered":"Concurso Bombeiros PI: Edital para julho, confirma coronel!"},"content":{"rendered":"<p>Aten\u00e7\u00e3o, concurseiros! O\u00a0<strong>edital\u00a0<\/strong>do\u00a0<a href=\"https:\/\/www.novaconcursos.com.br\/portal\/concursos\/concurso-bombeiros-pi-cbm-pi\/\">concurso Bombeiros PI<\/a>\u00a0ser\u00e1 publicado <strong>ainda neste m\u00eas de julho<\/strong>, segundo confirmou o comandante da corpora\u00e7\u00e3o, coronel Jos\u00e9 Arimateia Rego.\u00a0Ser\u00e3o ofertadas <strong>100 vagas!<\/strong><\/p>\n\n\n\n<ul class=\"wp-block-list\"><li><strong>Confira:<\/strong>\u00a0<a rel=\"noreferrer noopener\" aria-label=\" (abre numa nova aba)\" href=\"https:\/\/www.novaconcursos.com.br\/eventos\/guia-definitivo-como-montar-um-mapa-mental\/\" target=\"_blank\">Como montar um mapa mental \u2013 Gr\u00e1tis<\/a><\/li><\/ul><p><\/p>\n\n\n\n<p>Estude para o concurso dos seus sonhos com a\u00a0<a rel=\"noreferrer noopener\" aria-label=\" (abre numa nova aba)\" href=\"https:\/\/www.novaconcursos.com.br\/eventos\/assinatura\" target=\"_blank\">Assinatura Completa da Nova<\/a>\u00a0. Tenha acesso a Cursos, Plataforma de Quest\u00f5es, Eventos Exclusivos para Assinantes e Muito Mais!<\/p>\n\n\n\n<h2 class=\"wp-block-heading\" id=\"concurso-bombeiros-go-edital-confirmado-para-julho\">Concurso Bombeiros GO: edital confirmado para julho<\/h2>\n\n\n\n<p>Sendo assim, o edital do concurso do Corpo de Bombeiros do <a href=\"https:\/\/www.novaconcursos.com.br\/portal\/concursos-abertos\/pi\/\">Estado do Piau\u00ed<\/a> dever\u00e1 ser publicado neste <strong>segundo semestre de 2022<\/strong>. <\/p>\n\n\n\n<p>Isso porque, segundo o comandante da corpora\u00e7\u00e3o, o coronel Jos\u00e9 Arimateia Rego, o <strong>documento sai ainda neste m\u00eas de julho.<\/strong><\/p>\n\n\n\n<p>Assim, a <strong>previs\u00e3o <\/strong>foi dada na \u00faltima sexta-feira (1\u00b0), na presen\u00e7a da governadora do Piau\u00ed, Regina Sousa. <\/p>\n\n\n\n<p>Recentemente a governadora anunciou <strong>aumento <\/strong>no n\u00famero de vagas ofertadas, passando de <strong>60 para 100.<\/strong><\/p>\n\n\n\n<p>Portanto, de acordo com o comandante, al\u00e9m das oportunidades imediatas, o <strong>cadastro de reserva<\/strong> poder\u00e1 dobrar a oferta.\u00a0 <\/p>\n\n\n\n<p><em>\u201cEm um primeiro momento, o concurso seria somente para 60 vagas, e ela (governadora)\u00a0nos autorizou mais 40 vagas. Possibilitou tamb\u00e9m a possibilidade de nosso\u00a0<strong>cadastro reserva com mais 100 vagas<\/strong>. Estamos fazendo os ajustes finais para lan\u00e7ar (o edital), provavelmente, no final do m\u00eas de julho\u201d,<\/em> disse o comandante.\u00a0<\/p>\n\n\n\n<p><em>\u201c<strong>J\u00e1 temos um concurso em andamento para 100 novos bombeiros<\/strong>. Enquanto isso, j\u00e1 preparamos um plano para combater inc\u00eandios na chegada no per\u00edodo seco\u201d<\/em>, afirmou a governadora.<\/p>\n\n\n\n<p>Lembrando que a banca organizadora da sele\u00e7\u00e3o \u00e9 o N\u00facleo de Promo\u00e7\u00e3o e Concursos da Universidade Estadual (<strong>Nucepe<\/strong>).<\/p>\n\n\n\n<h2 class=\"wp-block-heading\" id=\"concurso-bombeiros-pi-projeto-bsico-j-foi-publicado\">Concurso Bombeiros PI: projeto b\u00e1sico j\u00e1 foi publicado<\/h2>\n\n\n\n<p>Al\u00e9m disso, j\u00e1 foi publicado o\u00a0<strong>projeto b\u00e1sico<\/strong>\u00a0do concurso do Corpo de Bombeiros do\u00a0<a href=\"https:\/\/www.novaconcursos.com.br\/portal\/concursos-previstos\/pi\/\">Estado do Piau\u00ed<\/a>.<\/p>\n\n\n\n<p>Assim, as etapas de sele\u00e7\u00e3o e\u00a0<strong>outros detalhes foram confirmados,<\/strong>\u00a0como a previs\u00e3o de inscri\u00e7\u00f5es e os requisitos!<\/p>\n\n\n\n<p>Ademais, a\u00a0<strong>idade\u00a0<\/strong>m\u00ednima, de 18 anos, e m\u00e1xima, de 30 anos, tamb\u00e9m deve ser cobrada, al\u00e9m da\u00a0<strong>carteira\u00a0<\/strong>de habilita\u00e7\u00e3o\u00a0a partir da categoria \u201cB\u201d e\u00a0<strong>altura\u00a0<\/strong>m\u00ednima de 1,60m (homens) e 1,55m (mulheres).\u00a0<\/p>\n\n\n\n<p>Vale destacar, entretanto, que os\u00a0<strong>vencimentos b\u00e1sicos<\/strong>\u00a0ainda n\u00e3o foram revelados pela corpora\u00e7\u00e3o.<\/p>\n\n\n\n<h3 class=\"wp-block-heading\">Etapas de avalia\u00e7\u00e3o<\/h3>\n\n\n\n<p>Portanto, os candidatos ser\u00e3o avaliados em at\u00e9\u00a0<strong>cinco etapas<\/strong>, sendo elas:\u00a0exames de conhecimentos (provas escritas); psicol\u00f3gico; de sa\u00fade; de\u00a0aptid\u00e3o f\u00edsica; e a\u00a0investiga\u00e7\u00e3o social.<\/p>\n\n\n\n<p>Assim, Veloso chegou a afirmar ainda que o concurso\u00a0<strong>n\u00e3o ser\u00e1 regionalizado<\/strong>, mas haver\u00e1 vagas na capital e no interior.<\/p>\n\n\n\n<p><em>\u201cParticularmente nessas cidades que est\u00e3o em implanta\u00e7\u00e3o de unidades, como Oeiras e Esperantina\u201d<\/em>, disse ele.<\/p>\n\n\n\n<h3 class=\"wp-block-heading\">Previs\u00e3o de inscri\u00e7\u00f5es<\/h3>\n\n\n\n<p>Assim que as inscri\u00e7\u00f5es forem abertas, o concurso Bombeiros PI estar\u00e1 valendo. A\u00a0<strong>expectativa\u00a0<\/strong>\u00e9 que sejam recebidas mais de\u00a0<strong>5 mil inscri\u00e7\u00f5es.<\/strong><\/p>\n\n\n\n<figure class=\"wp-block-image size-large\"><a href=\"https:\/\/www.novaconcursos.com.br\/eventos\/assinatura\" target=\"_blank\" rel=\"noreferrer noopener\"><img decoding=\"async\" src=\"https:\/\/www.novaconcursos.com.br\/portal\/wp-content\/uploads\/2022\/01\/Faixa-Frete-Gr%E2%80%A0tis-portal.png\" alt=\"assinatura completa\" class=\"wp-image-153078\" loading=\"lazy\" title=\"\"><\/a><figcaption><\/figcaption><\/figure>","protected":false},"excerpt":{"rendered":"<p>Aten\u00e7\u00e3o, concurseiros! O\u00a0edital\u00a0do\u00a0concurso Bombeiros PI\u00a0ser\u00e1 publicado ainda neste m\u00eas de julho, segundo confirmou o comandante da corpora\u00e7\u00e3o, coronel Jos\u00e9 Arimateia Rego.\u00a0Ser\u00e3o ofertadas 100 vagas! Confira:\u00a0Como montar um mapa mental \u2013 Gr\u00e1tis Estude para o concurso dos seus sonhos com a\u00a0Assinatura Completa da Nova\u00a0. Tenha acesso a Cursos, Plataforma de Quest\u00f5es, Eventos Exclusivos para Assinantes e [&hellip;]<\/p>\n","protected":false},"author":54671,"featured_media":156454,"comment_status":"closed","ping_status":"closed","sticky":false,"template":"","format":"standard","meta":{"_acf_changed":false,"footnotes":"","_wp_rev_ctl_limit":""},"categories":[228],"tags":[],"class_list":["post-164192","post","type-post","status-publish","format-standard","has-post-thumbnail","hentry","category-noticias"],"acf":[],"_links":{"self":[{"href":"https:\/\/www.novaconcursos.com.br\/portal\/wp-json\/wp\/v2\/posts\/164192","targetHints":{"allow":["GET"]}}],"collection":[{"href":"https:\/\/www.novaconcursos.com.br\/portal\/wp-json\/wp\/v2\/posts"}],"about":[{"href":"https:\/\/www.novaconcursos.com.br\/portal\/wp-json\/wp\/v2\/types\/post"}],"author":[{"embeddable":true,"href":"https:\/\/www.novaconcursos.com.br\/portal\/wp-json\/wp\/v2\/users\/54671"}],"replies":[{"embeddable":true,"href":"https:\/\/www.novaconcursos.com.br\/portal\/wp-json\/wp\/v2\/comments?post=164192"}],"version-history":[{"count":4,"href":"https:\/\/www.novaconcursos.com.br\/portal\/wp-json\/wp\/v2\/posts\/164192\/revisions"}],"predecessor-version":[{"id":164198,"href":"https:\/\/www.novaconcursos.com.br\/portal\/wp-json\/wp\/v2\/posts\/164192\/revisions\/164198"}],"wp:featuredmedia":[{"embeddable":true,"href":"https:\/\/www.novaconcursos.com.br\/portal\/wp-json\/wp\/v2\/media\/156454"}],"wp:attachment":[{"href":"https:\/\/www.novaconcursos.com.br\/portal\/wp-json\/wp\/v2\/media?parent=164192"}],"wp:term":[{"taxonomy":"category","embeddable":true,"href":"https:\/\/www.novaconcursos.com.br\/portal\/wp-json\/wp\/v2\/categories?post=164192"},{"taxonomy":"post_tag","embeddable":true,"href":"https:\/\/www.novaconcursos.com.br\/portal\/wp-json\/wp\/v2\/tags?post=164192"}],"curies":[{"name":"wp","href":"https:\/\/api.w.org\/{rel}","templated":true}]}}